{"id":32436,"date":"2026-09-05T07:38:21","date_gmt":"2026-09-05T05:38:21","guid":{"rendered":"https:\/\/www.ipiccoliquotidiano.it\/?p=32436"},"modified":"2026-09-05T07:38:26","modified_gmt":"2026-09-05T05:38:26","slug":"il-finocchietto-selvatico-il-re-profumato-del-cilento","status":"publish","type":"post","link":"https:\/\/www.ipiccoliquotidiano.it\/index.php\/2026\/09\/05\/il-finocchietto-selvatico-il-re-profumato-del-cilento\/","title":{"rendered":"il Finocchietto Selvatico: Il Re Profumato del Cilento!"},"content":{"rendered":"\n<p class=\"wp-block-paragraph\">\u200bdi Rosa Pepe agronoma<\/p>\n\n\n\n<p class=\"wp-block-paragraph\">Avete mai fatto caso, durante una passeggiata estiva, a quel profumo intenso e delizioso che si sente lungo i sentieri? \u00c8 il finocchietto selvatico (nome scientifico: Foeniculum vulgare), una pianta spontanea e generosa che ama tantissimo il sole e i terreni incolti.<\/p>\n\n\n\n<p class=\"wp-block-paragraph\">\u200bNelle nostre campagne, in collina e fino ai monti del Cilento, i bordi delle strade ne sono letteralmente pieni.<\/p>\n\n\n\n<figure class=\"wp-block-image size-large\"><img fetchpriority=\"high\" decoding=\"async\" width=\"461\" height=\"1024\" src=\"https:\/\/www.ipiccoliquotidiano.it\/wp-content\/uploads\/2026\/09\/7c72c45c-e87a-45b2-a2aa-59004d0f5fe2-461x1024.jpg\" alt=\"\" class=\"wp-image-32438\" srcset=\"https:\/\/www.ipiccoliquotidiano.it\/wp-content\/uploads\/2026\/09\/7c72c45c-e87a-45b2-a2aa-59004d0f5fe2-461x1024.jpg 461w, https:\/\/www.ipiccoliquotidiano.it\/wp-content\/uploads\/2026\/09\/7c72c45c-e87a-45b2-a2aa-59004d0f5fe2-135x300.jpg 135w, https:\/\/www.ipiccoliquotidiano.it\/wp-content\/uploads\/2026\/09\/7c72c45c-e87a-45b2-a2aa-59004d0f5fe2-691x1536.jpg 691w, https:\/\/www.ipiccoliquotidiano.it\/wp-content\/uploads\/2026\/09\/7c72c45c-e87a-45b2-a2aa-59004d0f5fe2-150x333.jpg 150w, https:\/\/www.ipiccoliquotidiano.it\/wp-content\/uploads\/2026\/09\/7c72c45c-e87a-45b2-a2aa-59004d0f5fe2-450x1000.jpg 450w, https:\/\/www.ipiccoliquotidiano.it\/wp-content\/uploads\/2026\/09\/7c72c45c-e87a-45b2-a2aa-59004d0f5fe2.jpg 720w\" sizes=\"(max-width: 461px) 100vw, 461px\" \/><\/figure>\n\n\n\n<p class=\"wp-block-paragraph\">\u200bIn questo periodo dell&#8217;anno il finocchietto \u00e8 nel pieno della sua bellezza: \u00e8 in fioritura.<\/p>\n\n\n\n<p class=\"wp-block-paragraph\">\u200bSe guardate bene&nbsp; gli steli e la sommit\u00e0 della pianta, noterete una forma davvero speciale: tanti piccoli fiori di un giallo delicato che si aprono insieme come un mini ombrello. In botanica questa struttura si chiama proprio ombrella Tra non molto, questi fiorellini daranno vita a piccolissimi frutti profumati, comunemente chiamati &#8220;semi&#8221; di finocchietto.Il finocchietto<\/p>\n\n\n\n<p class=\"wp-block-paragraph\">\u200boltre ad essere bello e profumato,\u00e8 una vera farmacia naturale ricca di sostanze preziose per il nostro corpo.<\/p>\n\n\n\n<p class=\"wp-block-paragraph\">\u200bI semi e le foglie contengono goccioline invisibili chiamate oli essenziali. I due supereroi , nutrienti, principali sono:<\/p>\n\n\n\n<p class=\"wp-block-paragraph\">\u200bAnetolo: responsabile del tipico profumo che ricorda l&#8217;anice. Aiuta la pancia a rilassarsi, toglie i crampi e fa scomparire le bollicine d&#8217;aria nel pancino.<\/p>\n\n\n\n<p class=\"wp-block-paragraph\">\u200bFencione: dona un tocco balsamico e punge un po&#8217; la lingua, stimolando la digestione.<\/p>\n\n\n\n<p class=\"wp-block-paragraph\">\u200bAnche se lo usiamo in piccole dosi come spezia, il finocchietto ci regala:<\/p>\n\n\n\n<p class=\"wp-block-paragraph\">\u200bSali minerali: come il Potassio (energia per i muscoli) e il Calcio (per ossa e denti forti).<\/p>\n\n\n\n<p class=\"wp-block-paragraph\">\u200bVitamina C e Flavonoidi: speciali &#8220;scudi protettivi&#8221; (antiossidanti) che mantengono le nostre cellule sane.<\/p>\n\n\n\n<p class=\"wp-block-paragraph\">\u200bFibre: che aiutano l&#8217;intestino a funzionare a meraviglia.In alcune zone del nostro Cilento il nostro finocchietto cede il passo al<\/p>\n\n\n\n<p class=\"wp-block-paragraph\">&nbsp;&#8220;fratello pungente&#8221;: Il Finocchietto Amaro<\/p>\n\n\n\n<p class=\"wp-block-paragraph\">\u200bInfatti nelle nostre campagne potreste incontrare due variet\u00e0 principali di questa pianta. Quella pi\u00f9 comune \u00e8 dolce, ma esiste anche il finocchietto amaro (Foeniculum vulgare subsp. piperitum):<\/p>\n\n\n\n<p class=\"wp-block-paragraph\">\u200bCome riconoscerlo: ha foglioline pi\u00f9 rigide e scure, e se le strofinate tra le dita sprigionano un aroma forte, quasi pepato. Questo perch\u00e9 contiene ancora pi\u00f9 fencione. Per questo motivo, la tradizione erboristica lo adora per preparare tisane potentissime capaci di risvegliare l&#8217;appetito e far passare il mal di pancia pi\u00f9 ostinato.<\/p>\n\n\n\n<p class=\"wp-block-paragraph\">\u200bIl finocchietto \u00e8 un vero campione di versatilit\u00e0:<\/p>\n\n\n\n<p class=\"wp-block-paragraph\">Il rimedio della nonna: fin da quando i vostri genitori e i vostri nonni erano piccini, la tisana al finocchietto \u00e8 sempre stata il miglior alleato naturale per sgonfiare lo stomaco e calmare i dolori di pancia.<\/p>\n\n\n\n<p class=\"wp-block-paragraph\">In salumeria: i semi vengono usati per insaporire e aromatizzare le salsicce e i salumi tradizionali della nostra terra. Nelle ricette fresche: quando la pianta \u00e8 ancora giovane, le sue foglioline sottili e piumose sono perfette in cucina. Nella vicina Sicilia, ad esempio, sono l&#8217;ingrediente segreto della famosa pasta con le sarde.<\/p>\n\n\n\n<p class=\"wp-block-paragraph\">\u200bLa prossima volta che uscite per una passeggiata, tenete gli occhi ben aperti: trovate una di queste ombrelle d&#8217;oro, sfregate delicatamente le dita tra le foglie senza rovinare la pianta e lasciatevi conquistare dal profumo unico del Cilento!<\/p>\n\n\n\n<p class=\"wp-block-paragraph\"><\/p>\n","protected":false},"excerpt":{"rendered":"<p>Nelle nostre campagne, in collina e fino ai monti del Cilento, i bordi delle strade ne sono letteralmente pieni.<\/p>\n","protected":false},"author":28,"featured_media":32437,"comment_status":"closed","ping_status":"open","sticky":false,"template":"","format":"standard","meta":{"footnotes":""},"categories":[19606],"tags":[19609,20045,20046],"class_list":["post-32436","post","type-post","status-publish","format-standard","has-post-thumbnail","category-esploriamo-i-prati","tag-erbespontanee","tag-finocchietto","tag-proprietaerbe"],"yoast_head":"<!-- This site is optimized with the Yoast SEO plugin v28.4 - https:\/\/yoast.com\/product\/yoast-seo-wordpress\/ -->\n<title>il Finocchietto Selvatico: Il Re Profumato del Cilento! - IPiccoliQuotidiano.it<\/title>\n<meta name=\"robots\" content=\"index, follow, max-snippet:-1, max-image-preview:large, max-video-preview:-1\" \/>\n<link rel=\"canonical\" href=\"https:\/\/www.ipiccoliquotidiano.it\/index.php\/2026\/09\/05\/il-finocchietto-selvatico-il-re-profumato-del-cilento\/\" \/>\n<meta property=\"og:locale\" content=\"it_IT\" \/>\n<meta property=\"og:type\" content=\"article\" \/>\n<meta property=\"og:title\" content=\"il Finocchietto Selvatico: Il Re Profumato del Cilento! - IPiccoliQuotidiano.it\" \/>\n<meta property=\"og:description\" content=\"Nelle nostre campagne, in collina e fino ai monti del Cilento, i bordi delle strade ne sono letteralmente pieni.\" \/>\n<meta property=\"og:url\" content=\"https:\/\/www.ipiccoliquotidiano.it\/index.php\/2026\/09\/05\/il-finocchietto-selvatico-il-re-profumato-del-cilento\/\" \/>\n<meta property=\"og:site_name\" content=\"IPiccoliQuotidiano.it\" \/>\n<meta property=\"article:publisher\" content=\"https:\/\/www.facebook.com\/ipiccoliquotidiano\" \/>\n<meta property=\"article:published_time\" content=\"2026-09-05T05:38:21+00:00\" \/>\n<meta property=\"article:modified_time\" content=\"2026-09-05T05:38:26+00:00\" \/>\n<meta property=\"og:image\" content=\"https:\/\/www.ipiccoliquotidiano.it\/wp-content\/uploads\/2026\/09\/finocchietto-selv2.jpg\" \/>\n\t<meta property=\"og:image:width\" content=\"720\" \/>\n\t<meta property=\"og:image:height\" content=\"1600\" \/>\n\t<meta property=\"og:image:type\" content=\"image\/jpeg\" \/>\n<meta name=\"author\" content=\"La Redazione\" \/>\n<meta name=\"twitter:card\" content=\"summary_large_image\" \/>\n<meta name=\"twitter:label1\" content=\"Scritto da\" \/>\n\t<meta name=\"twitter:data1\" content=\"La Redazione\" \/>\n\t<meta name=\"twitter:label2\" content=\"Tempo di lettura stimato\" \/>\n\t<meta name=\"twitter:data2\" content=\"4 minuti\" \/>\n<script type=\"application\/ld+json\" class=\"yoast-schema-graph\">{\"@context\":\"https:\\\/\\\/schema.org\",\"@graph\":[{\"@type\":\"Article\",\"@id\":\"https:\\\/\\\/www.ipiccoliquotidiano.it\\\/index.php\\\/2026\\\/09\\\/05\\\/il-finocchietto-selvatico-il-re-profumato-del-cilento\\\/#article\",\"isPartOf\":{\"@id\":\"https:\\\/\\\/www.ipiccoliquotidiano.it\\\/index.php\\\/2026\\\/09\\\/05\\\/il-finocchietto-selvatico-il-re-profumato-del-cilento\\\/\"},\"author\":{\"name\":\"La Redazione\",\"@id\":\"https:\\\/\\\/www.ipiccoliquotidiano.it\\\/#\\\/schema\\\/person\\\/173e9c5d7e4380741603f4a4b6d8bb1a\"},\"headline\":\"il Finocchietto Selvatico: Il Re Profumato del Cilento!\",\"datePublished\":\"2026-09-05T05:38:21+00:00\",\"dateModified\":\"2026-09-05T05:38:26+00:00\",\"mainEntityOfPage\":{\"@id\":\"https:\\\/\\\/www.ipiccoliquotidiano.it\\\/index.php\\\/2026\\\/09\\\/05\\\/il-finocchietto-selvatico-il-re-profumato-del-cilento\\\/\"},\"wordCount\":503,\"publisher\":{\"@id\":\"https:\\\/\\\/www.ipiccoliquotidiano.it\\\/#organization\"},\"image\":{\"@id\":\"https:\\\/\\\/www.ipiccoliquotidiano.it\\\/index.php\\\/2026\\\/09\\\/05\\\/il-finocchietto-selvatico-il-re-profumato-del-cilento\\\/#primaryimage\"},\"thumbnailUrl\":\"https:\\\/\\\/www.ipiccoliquotidiano.it\\\/wp-content\\\/uploads\\\/2026\\\/09\\\/finocchietto-selv2.jpg\",\"keywords\":[\"erbespontanee\",\"finocchietto\",\"propriet\u00e0erbe\"],\"articleSection\":[\"Esploriamo i prati\"],\"inLanguage\":\"it-IT\"},{\"@type\":\"WebPage\",\"@id\":\"https:\\\/\\\/www.ipiccoliquotidiano.it\\\/index.php\\\/2026\\\/09\\\/05\\\/il-finocchietto-selvatico-il-re-profumato-del-cilento\\\/\",\"url\":\"https:\\\/\\\/www.ipiccoliquotidiano.it\\\/index.php\\\/2026\\\/09\\\/05\\\/il-finocchietto-selvatico-il-re-profumato-del-cilento\\\/\",\"name\":\"il Finocchietto Selvatico: Il Re Profumato del Cilento! - IPiccoliQuotidiano.it\",\"isPartOf\":{\"@id\":\"https:\\\/\\\/www.ipiccoliquotidiano.it\\\/#website\"},\"primaryImageOfPage\":{\"@id\":\"https:\\\/\\\/www.ipiccoliquotidiano.it\\\/index.php\\\/2026\\\/09\\\/05\\\/il-finocchietto-selvatico-il-re-profumato-del-cilento\\\/#primaryimage\"},\"image\":{\"@id\":\"https:\\\/\\\/www.ipiccoliquotidiano.it\\\/index.php\\\/2026\\\/09\\\/05\\\/il-finocchietto-selvatico-il-re-profumato-del-cilento\\\/#primaryimage\"},\"thumbnailUrl\":\"https:\\\/\\\/www.ipiccoliquotidiano.it\\\/wp-content\\\/uploads\\\/2026\\\/09\\\/finocchietto-selv2.jpg\",\"datePublished\":\"2026-09-05T05:38:21+00:00\",\"dateModified\":\"2026-09-05T05:38:26+00:00\",\"breadcrumb\":{\"@id\":\"https:\\\/\\\/www.ipiccoliquotidiano.it\\\/index.php\\\/2026\\\/09\\\/05\\\/il-finocchietto-selvatico-il-re-profumato-del-cilento\\\/#breadcrumb\"},\"inLanguage\":\"it-IT\",\"potentialAction\":[{\"@type\":\"ReadAction\",\"target\":[\"https:\\\/\\\/www.ipiccoliquotidiano.it\\\/index.php\\\/2026\\\/09\\\/05\\\/il-finocchietto-selvatico-il-re-profumato-del-cilento\\\/\"]}]},{\"@type\":\"ImageObject\",\"inLanguage\":\"it-IT\",\"@id\":\"https:\\\/\\\/www.ipiccoliquotidiano.it\\\/index.php\\\/2026\\\/09\\\/05\\\/il-finocchietto-selvatico-il-re-profumato-del-cilento\\\/#primaryimage\",\"url\":\"https:\\\/\\\/www.ipiccoliquotidiano.it\\\/wp-content\\\/uploads\\\/2026\\\/09\\\/finocchietto-selv2.jpg\",\"contentUrl\":\"https:\\\/\\\/www.ipiccoliquotidiano.it\\\/wp-content\\\/uploads\\\/2026\\\/09\\\/finocchietto-selv2.jpg\",\"width\":720,\"height\":1600},{\"@type\":\"BreadcrumbList\",\"@id\":\"https:\\\/\\\/www.ipiccoliquotidiano.it\\\/index.php\\\/2026\\\/09\\\/05\\\/il-finocchietto-selvatico-il-re-profumato-del-cilento\\\/#breadcrumb\",\"itemListElement\":[{\"@type\":\"ListItem\",\"position\":1,\"name\":\"Home\",\"item\":\"https:\\\/\\\/www.ipiccoliquotidiano.it\\\/\"},{\"@type\":\"ListItem\",\"position\":2,\"name\":\"il Finocchietto Selvatico: Il Re Profumato del Cilento!\"}]},{\"@type\":\"WebSite\",\"@id\":\"https:\\\/\\\/www.ipiccoliquotidiano.it\\\/#website\",\"url\":\"https:\\\/\\\/www.ipiccoliquotidiano.it\\\/\",\"name\":\"IPiccoliQuotidiano.it\",\"description\":\"Il Quotidiano dei Piccoli\",\"publisher\":{\"@id\":\"https:\\\/\\\/www.ipiccoliquotidiano.it\\\/#organization\"},\"potentialAction\":[{\"@type\":\"SearchAction\",\"target\":{\"@type\":\"EntryPoint\",\"urlTemplate\":\"https:\\\/\\\/www.ipiccoliquotidiano.it\\\/?s={search_term_string}\"},\"query-input\":{\"@type\":\"PropertyValueSpecification\",\"valueRequired\":true,\"valueName\":\"search_term_string\"}}],\"inLanguage\":\"it-IT\"},{\"@type\":\"Organization\",\"@id\":\"https:\\\/\\\/www.ipiccoliquotidiano.it\\\/#organization\",\"name\":\"IPiccoliQuotidiano.it\",\"url\":\"https:\\\/\\\/www.ipiccoliquotidiano.it\\\/\",\"logo\":{\"@type\":\"ImageObject\",\"inLanguage\":\"it-IT\",\"@id\":\"https:\\\/\\\/www.ipiccoliquotidiano.it\\\/#\\\/schema\\\/logo\\\/image\\\/\",\"url\":\"https:\\\/\\\/www.ipiccoliquotidiano.it\\\/wp-content\\\/uploads\\\/2024\\\/05\\\/ipiccoli-logo.jpg\",\"contentUrl\":\"https:\\\/\\\/www.ipiccoliquotidiano.it\\\/wp-content\\\/uploads\\\/2024\\\/05\\\/ipiccoli-logo.jpg\",\"width\":300,\"height\":129,\"caption\":\"IPiccoliQuotidiano.it\"},\"image\":{\"@id\":\"https:\\\/\\\/www.ipiccoliquotidiano.it\\\/#\\\/schema\\\/logo\\\/image\\\/\"},\"sameAs\":[\"https:\\\/\\\/www.facebook.com\\\/ipiccoliquotidiano\"]},{\"@type\":\"Person\",\"@id\":\"https:\\\/\\\/www.ipiccoliquotidiano.it\\\/#\\\/schema\\\/person\\\/173e9c5d7e4380741603f4a4b6d8bb1a\",\"name\":\"La Redazione\",\"description\":\"La redazione de \\\"I Piccoli Quotidiano\\\" \u00e8 una testata giornalistica pensata per i bambini e rivolta a tutti coloro che vogliono conoscere tutto ci\u00f2 che accade nel mondo tra curiosit\u00e0 e approfondimenti.\",\"url\":\"https:\\\/\\\/www.ipiccoliquotidiano.it\\\/index.php\\\/author\\\/la-redazione\\\/\"}]}<\/script>\n<!-- \/ Yoast SEO plugin. -->","yoast_head_json":{"title":"il Finocchietto Selvatico: Il Re Profumato del Cilento! - IPiccoliQuotidiano.it","robots":{"index":"index","follow":"follow","max-snippet":"max-snippet:-1","max-image-preview":"max-image-preview:large","max-video-preview":"max-video-preview:-1"},"canonical":"https:\/\/www.ipiccoliquotidiano.it\/index.php\/2026\/09\/05\/il-finocchietto-selvatico-il-re-profumato-del-cilento\/","og_locale":"it_IT","og_type":"article","og_title":"il Finocchietto Selvatico: Il Re Profumato del Cilento! - IPiccoliQuotidiano.it","og_description":"Nelle nostre campagne, in collina e fino ai monti del Cilento, i bordi delle strade ne sono letteralmente pieni.","og_url":"https:\/\/www.ipiccoliquotidiano.it\/index.php\/2026\/09\/05\/il-finocchietto-selvatico-il-re-profumato-del-cilento\/","og_site_name":"IPiccoliQuotidiano.it","article_publisher":"https:\/\/www.facebook.com\/ipiccoliquotidiano","article_published_time":"2026-09-05T05:38:21+00:00","article_modified_time":"2026-09-05T05:38:26+00:00","og_image":[{"width":720,"height":1600,"url":"https:\/\/www.ipiccoliquotidiano.it\/wp-content\/uploads\/2026\/09\/finocchietto-selv2.jpg","type":"image\/jpeg"}],"author":"La Redazione","twitter_card":"summary_large_image","twitter_misc":{"Scritto da":"La Redazione","Tempo di lettura stimato":"4 minuti"},"schema":{"@context":"https:\/\/schema.org","@graph":[{"@type":"Article","@id":"https:\/\/www.ipiccoliquotidiano.it\/index.php\/2026\/09\/05\/il-finocchietto-selvatico-il-re-profumato-del-cilento\/#article","isPartOf":{"@id":"https:\/\/www.ipiccoliquotidiano.it\/index.php\/2026\/09\/05\/il-finocchietto-selvatico-il-re-profumato-del-cilento\/"},"author":{"name":"La Redazione","@id":"https:\/\/www.ipiccoliquotidiano.it\/#\/schema\/person\/173e9c5d7e4380741603f4a4b6d8bb1a"},"headline":"il Finocchietto Selvatico: Il Re Profumato del Cilento!","datePublished":"2026-09-05T05:38:21+00:00","dateModified":"2026-09-05T05:38:26+00:00","mainEntityOfPage":{"@id":"https:\/\/www.ipiccoliquotidiano.it\/index.php\/2026\/09\/05\/il-finocchietto-selvatico-il-re-profumato-del-cilento\/"},"wordCount":503,"publisher":{"@id":"https:\/\/www.ipiccoliquotidiano.it\/#organization"},"image":{"@id":"https:\/\/www.ipiccoliquotidiano.it\/index.php\/2026\/09\/05\/il-finocchietto-selvatico-il-re-profumato-del-cilento\/#primaryimage"},"thumbnailUrl":"https:\/\/www.ipiccoliquotidiano.it\/wp-content\/uploads\/2026\/09\/finocchietto-selv2.jpg","keywords":["erbespontanee","finocchietto","propriet\u00e0erbe"],"articleSection":["Esploriamo i prati"],"inLanguage":"it-IT"},{"@type":"WebPage","@id":"https:\/\/www.ipiccoliquotidiano.it\/index.php\/2026\/09\/05\/il-finocchietto-selvatico-il-re-profumato-del-cilento\/","url":"https:\/\/www.ipiccoliquotidiano.it\/index.php\/2026\/09\/05\/il-finocchietto-selvatico-il-re-profumato-del-cilento\/","name":"il Finocchietto Selvatico: Il Re Profumato del Cilento! - IPiccoliQuotidiano.it","isPartOf":{"@id":"https:\/\/www.ipiccoliquotidiano.it\/#website"},"primaryImageOfPage":{"@id":"https:\/\/www.ipiccoliquotidiano.it\/index.php\/2026\/09\/05\/il-finocchietto-selvatico-il-re-profumato-del-cilento\/#primaryimage"},"image":{"@id":"https:\/\/www.ipiccoliquotidiano.it\/index.php\/2026\/09\/05\/il-finocchietto-selvatico-il-re-profumato-del-cilento\/#primaryimage"},"thumbnailUrl":"https:\/\/www.ipiccoliquotidiano.it\/wp-content\/uploads\/2026\/09\/finocchietto-selv2.jpg","datePublished":"2026-09-05T05:38:21+00:00","dateModified":"2026-09-05T05:38:26+00:00","breadcrumb":{"@id":"https:\/\/www.ipiccoliquotidiano.it\/index.php\/2026\/09\/05\/il-finocchietto-selvatico-il-re-profumato-del-cilento\/#breadcrumb"},"inLanguage":"it-IT","potentialAction":[{"@type":"ReadAction","target":["https:\/\/www.ipiccoliquotidiano.it\/index.php\/2026\/09\/05\/il-finocchietto-selvatico-il-re-profumato-del-cilento\/"]}]},{"@type":"ImageObject","inLanguage":"it-IT","@id":"https:\/\/www.ipiccoliquotidiano.it\/index.php\/2026\/09\/05\/il-finocchietto-selvatico-il-re-profumato-del-cilento\/#primaryimage","url":"https:\/\/www.ipiccoliquotidiano.it\/wp-content\/uploads\/2026\/09\/finocchietto-selv2.jpg","contentUrl":"https:\/\/www.ipiccoliquotidiano.it\/wp-content\/uploads\/2026\/09\/finocchietto-selv2.jpg","width":720,"height":1600},{"@type":"BreadcrumbList","@id":"https:\/\/www.ipiccoliquotidiano.it\/index.php\/2026\/09\/05\/il-finocchietto-selvatico-il-re-profumato-del-cilento\/#breadcrumb","itemListElement":[{"@type":"ListItem","position":1,"name":"Home","item":"https:\/\/www.ipiccoliquotidiano.it\/"},{"@type":"ListItem","position":2,"name":"il Finocchietto Selvatico: Il Re Profumato del Cilento!"}]},{"@type":"WebSite","@id":"https:\/\/www.ipiccoliquotidiano.it\/#website","url":"https:\/\/www.ipiccoliquotidiano.it\/","name":"IPiccoliQuotidiano.it","description":"Il Quotidiano dei Piccoli","publisher":{"@id":"https:\/\/www.ipiccoliquotidiano.it\/#organization"},"potentialAction":[{"@type":"SearchAction","target":{"@type":"EntryPoint","urlTemplate":"https:\/\/www.ipiccoliquotidiano.it\/?s={search_term_string}"},"query-input":{"@type":"PropertyValueSpecification","valueRequired":true,"valueName":"search_term_string"}}],"inLanguage":"it-IT"},{"@type":"Organization","@id":"https:\/\/www.ipiccoliquotidiano.it\/#organization","name":"IPiccoliQuotidiano.it","url":"https:\/\/www.ipiccoliquotidiano.it\/","logo":{"@type":"ImageObject","inLanguage":"it-IT","@id":"https:\/\/www.ipiccoliquotidiano.it\/#\/schema\/logo\/image\/","url":"https:\/\/www.ipiccoliquotidiano.it\/wp-content\/uploads\/2024\/05\/ipiccoli-logo.jpg","contentUrl":"https:\/\/www.ipiccoliquotidiano.it\/wp-content\/uploads\/2024\/05\/ipiccoli-logo.jpg","width":300,"height":129,"caption":"IPiccoliQuotidiano.it"},"image":{"@id":"https:\/\/www.ipiccoliquotidiano.it\/#\/schema\/logo\/image\/"},"sameAs":["https:\/\/www.facebook.com\/ipiccoliquotidiano"]},{"@type":"Person","@id":"https:\/\/www.ipiccoliquotidiano.it\/#\/schema\/person\/173e9c5d7e4380741603f4a4b6d8bb1a","name":"La Redazione","description":"La redazione de \"I Piccoli Quotidiano\" \u00e8 una testata giornalistica pensata per i bambini e rivolta a tutti coloro che vogliono conoscere tutto ci\u00f2 che accade nel mondo tra curiosit\u00e0 e approfondimenti.","url":"https:\/\/www.ipiccoliquotidiano.it\/index.php\/author\/la-redazione\/"}]}},"_links":{"self":[{"href":"https:\/\/www.ipiccoliquotidiano.it\/index.php\/wp-json\/wp\/v2\/posts\/32436","targetHints":{"allow":["GET"]}}],"collection":[{"href":"https:\/\/www.ipiccoliquotidiano.it\/index.php\/wp-json\/wp\/v2\/posts"}],"about":[{"href":"https:\/\/www.ipiccoliquotidiano.it\/index.php\/wp-json\/wp\/v2\/types\/post"}],"author":[{"embeddable":true,"href":"https:\/\/www.ipiccoliquotidiano.it\/index.php\/wp-json\/wp\/v2\/users\/28"}],"replies":[{"embeddable":true,"href":"https:\/\/www.ipiccoliquotidiano.it\/index.php\/wp-json\/wp\/v2\/comments?post=32436"}],"version-history":[{"count":2,"href":"https:\/\/www.ipiccoliquotidiano.it\/index.php\/wp-json\/wp\/v2\/posts\/32436\/revisions"}],"predecessor-version":[{"id":32440,"href":"https:\/\/www.ipiccoliquotidiano.it\/index.php\/wp-json\/wp\/v2\/posts\/32436\/revisions\/32440"}],"wp:featuredmedia":[{"embeddable":true,"href":"https:\/\/www.ipiccoliquotidiano.it\/index.php\/wp-json\/wp\/v2\/media\/32437"}],"wp:attachment":[{"href":"https:\/\/www.ipiccoliquotidiano.it\/index.php\/wp-json\/wp\/v2\/media?parent=32436"}],"wp:term":[{"taxonomy":"category","embeddable":true,"href":"https:\/\/www.ipiccoliquotidiano.it\/index.php\/wp-json\/wp\/v2\/categories?post=32436"},{"taxonomy":"post_tag","embeddable":true,"href":"https:\/\/www.ipiccoliquotidiano.it\/index.php\/wp-json\/wp\/v2\/tags?post=32436"}],"curies":[{"name":"wp","href":"https:\/\/api.w.org\/{rel}","templated":true}]}}