{"id":32433,"date":"2026-09-04T17:23:00","date_gmt":"2026-09-04T15:23:00","guid":{"rendered":"https:\/\/www.ipiccoliquotidiano.it\/?p=32433"},"modified":"2026-09-04T17:23:01","modified_gmt":"2026-09-04T15:23:01","slug":"la-caccia-ai-proverbi-perduti-dellestate-2","status":"publish","type":"post","link":"https:\/\/www.ipiccoliquotidiano.it\/index.php\/2026\/09\/04\/la-caccia-ai-proverbi-perduti-dellestate-2\/","title":{"rendered":"La Caccia ai Proverbi Perduti dell&#8217;Estate"},"content":{"rendered":"\n<p class=\"wp-block-paragraph\"><strong>Seconda parte<\/strong><\/p>\n\n\n\n<p class=\"wp-block-paragraph\">Era una mattina luminosa al Campo Estivo &#8220;Sole e Mare&#8221;.<\/p>\n\n\n\n<p class=\"wp-block-paragraph\">I bambini erano appena arrivati quando l&#8217;animatrice Sofia mostr\u00f2 un vecchio libro tutto impolverato.<\/p>\n\n\n\n<p class=\"wp-block-paragraph\">Sulla copertina c&#8217;era scritto:<\/p>\n\n\n\n<p class=\"wp-block-paragraph\"><strong>&#8220;Il Grande Libro dei Detti e dei Proverbi dell&#8217;Estate.&#8221;<\/strong><\/p>\n\n\n\n<p class=\"wp-block-paragraph\">\u00abGuardate!\u00bb disse Sofia.<\/p>\n\n\n\n<p class=\"wp-block-paragraph\">\u00abLe pagine sono tutte bianche!\u00bb<\/p>\n\n\n\n<p class=\"wp-block-paragraph\">In quel momento un leggero soffio di vento fece volare via un foglietto.<\/p>\n\n\n\n<p class=\"wp-block-paragraph\">Sopra c&#8217;era scritto:<\/p>\n\n\n\n<p class=\"wp-block-paragraph\"><strong>&#8220;I proverbi dell&#8217;estate sono scappati! Se nessuno li ritrover\u00e0, l&#8217;estate dimenticher\u00e0 come far maturare i frutti, far cantare le cicale e regalare splendidi tramonti.&#8221;<\/strong><\/p>\n\n\n\n<p class=\"wp-block-paragraph\">\u00abDobbiamo recuperarli!\u00bb gridarono i bambini.<\/p>\n\n\n\n<p class=\"wp-block-paragraph\">Proprio allora comparve una simpatica cicala con un cappellino di paglia e una minuscola chitarra.<\/p>\n\n\n\n<p class=\"wp-block-paragraph\">\u00abCrii crii! Io sono Gina, la Cicala Canterina! Vi guider\u00f2 nella vostra missione!\u00bb<\/p>\n\n\n\n<p class=\"wp-block-paragraph\">I bambini applaudirono.<\/p>\n\n\n\n<p class=\"wp-block-paragraph\">\u00abOgni proverbio \u00e8 nascosto in un luogo speciale. Per trovarlo dovrete superare prove, risolvere indovinelli e lavorare insieme.\u00bb<\/p>\n\n\n\n<p class=\"wp-block-paragraph\">Tutti si misero in cammino.<\/p>\n\n\n\n<p class=\"wp-block-paragraph\"><strong>La Terza Tappa \u2013 Il Granchio Indovinello<\/strong><\/p>\n\n\n\n<p class=\"wp-block-paragraph\">Sulla spiaggia usc\u00ec un granchio dalla sabbia.<\/p>\n\n\n\n<p class=\"wp-block-paragraph\">Camminava tutto di lato e teneva una conchiglia come microfono.<\/p>\n\n\n\n<p class=\"wp-block-paragraph\">\u00abPer passare dovete indovinare quale proverbio manca.\u00bb<\/p>\n\n\n\n<p class=\"wp-block-paragraph\">Il granchio lesse:<\/p>\n\n\n\n<p class=\"wp-block-paragraph\"><strong>&#8220;Sotto il sole d&#8217;agosto&#8230;&#8221;<\/strong><\/p>\n\n\n\n<p class=\"wp-block-paragraph\">I bambini pensarono.<\/p>\n\n\n\n<p class=\"wp-block-paragraph\">Qualcuno disse:<\/p>\n\n\n\n<p class=\"wp-block-paragraph\">\u00ab&#8230;anche l&#8217;ombra cerca riposo!\u00bb<\/p>\n\n\n\n<p class=\"wp-block-paragraph\">Il granchio rise.<\/p>\n\n\n\n<p class=\"wp-block-paragraph\">\u00abNon era un proverbio famoso&#8230; ma \u00e8 cos\u00ec simpatico che da oggi lo aggiungeremo al Libro dell&#8217;Estate!\u00bb<\/p>\n\n\n\n<p class=\"wp-block-paragraph\">Tutti scoppiarono a ridere.<\/p>\n\n\n\n<p class=\"wp-block-paragraph\"><strong>La Quarta Tappa \u2013 Il Bosco delle Cicale<\/strong><\/p>\n\n\n\n<p class=\"wp-block-paragraph\">Dal boschetto arrivava un fortissimo:<\/p>\n\n\n\n<p class=\"wp-block-paragraph\">\u00abCrii&#8230; crii&#8230; crii&#8230;\u00bb<\/p>\n\n\n\n<p class=\"wp-block-paragraph\">Le cicale avevano nascosto il quarto proverbio.<\/p>\n\n\n\n<p class=\"wp-block-paragraph\">Per ottenerlo i bambini dovevano imitare il canto delle cicale senza ridere.<\/p>\n\n\n\n<p class=\"wp-block-paragraph\">Missione quasi impossibile!<\/p>\n\n\n\n<p class=\"wp-block-paragraph\">Qualcuno faceva:<\/p>\n\n\n\n<p class=\"wp-block-paragraph\">\u00abCriii!\u00bb<\/p>\n\n\n\n<p class=\"wp-block-paragraph\">Qualcun altro:<\/p>\n\n\n\n<p class=\"wp-block-paragraph\">\u00abCri-cri-cri!\u00bb<\/p>\n\n\n\n<p class=\"wp-block-paragraph\">Uno inizi\u00f2 a ridere cos\u00ec tanto che contagi\u00f3 tutti.<\/p>\n\n\n\n<p class=\"wp-block-paragraph\">Le cicale applaudirono.<\/p>\n\n\n\n<p class=\"wp-block-paragraph\">\u00abAvete dimostrato che le risate sono la musica pi\u00f9 bella dell&#8217;estate!\u00bb<\/p>\n\n\n\n<p class=\"wp-block-paragraph\">Consegnarono il quarto proverbio:<\/p>\n\n\n\n<p class=\"wp-block-paragraph\"><strong>&#8220;L&#8217;estate \u00e8 pi\u00f9 bella quando si condivide.&#8221;<\/strong><\/p>\n\n\n\n<p class=\"wp-block-paragraph\">\u00abQuesto lo abbiamo inventato noi!\u00bb dissero orgogliose.<\/p>\n\n\n\n<hr class=\"wp-block-separator has-alpha-channel-opacity\" \/>\n\n\n\n<hr class=\"wp-block-separator has-alpha-channel-opacity\" \/>\n","protected":false},"excerpt":{"rendered":"<p>Seconda parte Era una mattina luminosa al Campo Estivo &#8220;Sole e Mare&#8221;. I bambini erano appena arrivati quando l&#8217;animatrice Sofia mostr\u00f2 un vecchio libro tutto impolverato. Sulla copertina c&#8217;era scritto: &#8220;Il Grande Libro dei Detti e dei Proverbi dell&#8217;Estate.&#8221; \u00abGuardate!\u00bb disse Sofia. \u00abLe pagine sono tutte bianche!\u00bb In quel momento un leggero soffio di vento<\/p>\n","protected":false},"author":7,"featured_media":32434,"comment_status":"closed","ping_status":"open","sticky":false,"template":"","format":"standard","meta":{"footnotes":""},"categories":[72],"tags":[276,19982,14399,11006,332],"class_list":["post-32433","post","type-post","status-publish","format-standard","has-post-thumbnail","category-giro-del-mondo-a-caccia-di-storie-con-riki","tag-bosco","tag-la-caccia-ai-proverbi-perduti-dellestate","tag-ombra","tag-sabbia","tag-spiaggia"],"yoast_head":"<!-- This site is optimized with the Yoast SEO plugin v28.4 - https:\/\/yoast.com\/product\/yoast-seo-wordpress\/ -->\n<title>La Caccia ai Proverbi Perduti dell&#039;Estate - IPiccoliQuotidiano.it<\/title>\n<meta name=\"robots\" content=\"index, follow, max-snippet:-1, max-image-preview:large, max-video-preview:-1\" \/>\n<link rel=\"canonical\" href=\"https:\/\/www.ipiccoliquotidiano.it\/index.php\/2026\/09\/04\/la-caccia-ai-proverbi-perduti-dellestate-2\/\" \/>\n<meta property=\"og:locale\" content=\"it_IT\" \/>\n<meta property=\"og:type\" content=\"article\" \/>\n<meta property=\"og:title\" content=\"La Caccia ai Proverbi Perduti dell&#039;Estate - IPiccoliQuotidiano.it\" \/>\n<meta property=\"og:description\" content=\"Seconda parte Era una mattina luminosa al Campo Estivo &#8220;Sole e Mare&#8221;. I bambini erano appena arrivati quando l&#8217;animatrice Sofia mostr\u00f2 un vecchio libro tutto impolverato. Sulla copertina c&#8217;era scritto: &#8220;Il Grande Libro dei Detti e dei Proverbi dell&#8217;Estate.&#8221; \u00abGuardate!\u00bb disse Sofia. \u00abLe pagine sono tutte bianche!\u00bb In quel momento un leggero soffio di vento\" \/>\n<meta property=\"og:url\" content=\"https:\/\/www.ipiccoliquotidiano.it\/index.php\/2026\/09\/04\/la-caccia-ai-proverbi-perduti-dellestate-2\/\" \/>\n<meta property=\"og:site_name\" content=\"IPiccoliQuotidiano.it\" \/>\n<meta property=\"article:publisher\" content=\"https:\/\/www.facebook.com\/ipiccoliquotidiano\" \/>\n<meta property=\"article:published_time\" content=\"2026-09-04T15:23:00+00:00\" \/>\n<meta property=\"article:modified_time\" content=\"2026-09-04T15:23:01+00:00\" \/>\n<meta property=\"og:image\" content=\"https:\/\/www.ipiccoliquotidiano.it\/wp-content\/uploads\/2026\/09\/ss.jpg\" \/>\n\t<meta property=\"og:image:width\" content=\"759\" \/>\n\t<meta property=\"og:image:height\" content=\"414\" \/>\n\t<meta property=\"og:image:type\" content=\"image\/jpeg\" \/>\n<meta name=\"author\" content=\"Antonella Chiacchiaro\" \/>\n<meta name=\"twitter:card\" content=\"summary_large_image\" \/>\n<meta name=\"twitter:label1\" content=\"Scritto da\" \/>\n\t<meta name=\"twitter:data1\" content=\"Antonella Chiacchiaro\" \/>\n\t<meta name=\"twitter:label2\" content=\"Tempo di lettura stimato\" \/>\n\t<meta name=\"twitter:data2\" content=\"2 minuti\" \/>\n<script type=\"application\/ld+json\" class=\"yoast-schema-graph\">{\"@context\":\"https:\\\/\\\/schema.org\",\"@graph\":[{\"@type\":\"Article\",\"@id\":\"https:\\\/\\\/www.ipiccoliquotidiano.it\\\/index.php\\\/2026\\\/09\\\/04\\\/la-caccia-ai-proverbi-perduti-dellestate-2\\\/#article\",\"isPartOf\":{\"@id\":\"https:\\\/\\\/www.ipiccoliquotidiano.it\\\/index.php\\\/2026\\\/09\\\/04\\\/la-caccia-ai-proverbi-perduti-dellestate-2\\\/\"},\"author\":{\"name\":\"Antonella Chiacchiaro\",\"@id\":\"https:\\\/\\\/www.ipiccoliquotidiano.it\\\/#\\\/schema\\\/person\\\/62c103ab5acee85b73af3ad20fa7774b\"},\"headline\":\"La Caccia ai Proverbi Perduti dell&#8217;Estate\",\"datePublished\":\"2026-09-04T15:23:00+00:00\",\"dateModified\":\"2026-09-04T15:23:01+00:00\",\"mainEntityOfPage\":{\"@id\":\"https:\\\/\\\/www.ipiccoliquotidiano.it\\\/index.php\\\/2026\\\/09\\\/04\\\/la-caccia-ai-proverbi-perduti-dellestate-2\\\/\"},\"wordCount\":315,\"publisher\":{\"@id\":\"https:\\\/\\\/www.ipiccoliquotidiano.it\\\/#organization\"},\"image\":{\"@id\":\"https:\\\/\\\/www.ipiccoliquotidiano.it\\\/index.php\\\/2026\\\/09\\\/04\\\/la-caccia-ai-proverbi-perduti-dellestate-2\\\/#primaryimage\"},\"thumbnailUrl\":\"https:\\\/\\\/www.ipiccoliquotidiano.it\\\/wp-content\\\/uploads\\\/2026\\\/09\\\/ss.jpg\",\"keywords\":[\"bosco\",\"La Caccia ai Proverbi Perduti dell'Estate\",\"ombra\",\"sabbia\",\"spiaggia\"],\"articleSection\":[\"Giro del Mondo a caccia di Storie con Riki e Rebby\"],\"inLanguage\":\"it-IT\"},{\"@type\":\"WebPage\",\"@id\":\"https:\\\/\\\/www.ipiccoliquotidiano.it\\\/index.php\\\/2026\\\/09\\\/04\\\/la-caccia-ai-proverbi-perduti-dellestate-2\\\/\",\"url\":\"https:\\\/\\\/www.ipiccoliquotidiano.it\\\/index.php\\\/2026\\\/09\\\/04\\\/la-caccia-ai-proverbi-perduti-dellestate-2\\\/\",\"name\":\"La Caccia ai Proverbi Perduti dell'Estate - IPiccoliQuotidiano.it\",\"isPartOf\":{\"@id\":\"https:\\\/\\\/www.ipiccoliquotidiano.it\\\/#website\"},\"primaryImageOfPage\":{\"@id\":\"https:\\\/\\\/www.ipiccoliquotidiano.it\\\/index.php\\\/2026\\\/09\\\/04\\\/la-caccia-ai-proverbi-perduti-dellestate-2\\\/#primaryimage\"},\"image\":{\"@id\":\"https:\\\/\\\/www.ipiccoliquotidiano.it\\\/index.php\\\/2026\\\/09\\\/04\\\/la-caccia-ai-proverbi-perduti-dellestate-2\\\/#primaryimage\"},\"thumbnailUrl\":\"https:\\\/\\\/www.ipiccoliquotidiano.it\\\/wp-content\\\/uploads\\\/2026\\\/09\\\/ss.jpg\",\"datePublished\":\"2026-09-04T15:23:00+00:00\",\"dateModified\":\"2026-09-04T15:23:01+00:00\",\"breadcrumb\":{\"@id\":\"https:\\\/\\\/www.ipiccoliquotidiano.it\\\/index.php\\\/2026\\\/09\\\/04\\\/la-caccia-ai-proverbi-perduti-dellestate-2\\\/#breadcrumb\"},\"inLanguage\":\"it-IT\",\"potentialAction\":[{\"@type\":\"ReadAction\",\"target\":[\"https:\\\/\\\/www.ipiccoliquotidiano.it\\\/index.php\\\/2026\\\/09\\\/04\\\/la-caccia-ai-proverbi-perduti-dellestate-2\\\/\"]}]},{\"@type\":\"ImageObject\",\"inLanguage\":\"it-IT\",\"@id\":\"https:\\\/\\\/www.ipiccoliquotidiano.it\\\/index.php\\\/2026\\\/09\\\/04\\\/la-caccia-ai-proverbi-perduti-dellestate-2\\\/#primaryimage\",\"url\":\"https:\\\/\\\/www.ipiccoliquotidiano.it\\\/wp-content\\\/uploads\\\/2026\\\/09\\\/ss.jpg\",\"contentUrl\":\"https:\\\/\\\/www.ipiccoliquotidiano.it\\\/wp-content\\\/uploads\\\/2026\\\/09\\\/ss.jpg\",\"width\":759,\"height\":414},{\"@type\":\"BreadcrumbList\",\"@id\":\"https:\\\/\\\/www.ipiccoliquotidiano.it\\\/index.php\\\/2026\\\/09\\\/04\\\/la-caccia-ai-proverbi-perduti-dellestate-2\\\/#breadcrumb\",\"itemListElement\":[{\"@type\":\"ListItem\",\"position\":1,\"name\":\"Home\",\"item\":\"https:\\\/\\\/www.ipiccoliquotidiano.it\\\/\"},{\"@type\":\"ListItem\",\"position\":2,\"name\":\"La Caccia ai Proverbi Perduti dell&#8217;Estate\"}]},{\"@type\":\"WebSite\",\"@id\":\"https:\\\/\\\/www.ipiccoliquotidiano.it\\\/#website\",\"url\":\"https:\\\/\\\/www.ipiccoliquotidiano.it\\\/\",\"name\":\"IPiccoliQuotidiano.it\",\"description\":\"Il Quotidiano dei Piccoli\",\"publisher\":{\"@id\":\"https:\\\/\\\/www.ipiccoliquotidiano.it\\\/#organization\"},\"potentialAction\":[{\"@type\":\"SearchAction\",\"target\":{\"@type\":\"EntryPoint\",\"urlTemplate\":\"https:\\\/\\\/www.ipiccoliquotidiano.it\\\/?s={search_term_string}\"},\"query-input\":{\"@type\":\"PropertyValueSpecification\",\"valueRequired\":true,\"valueName\":\"search_term_string\"}}],\"inLanguage\":\"it-IT\"},{\"@type\":\"Organization\",\"@id\":\"https:\\\/\\\/www.ipiccoliquotidiano.it\\\/#organization\",\"name\":\"IPiccoliQuotidiano.it\",\"url\":\"https:\\\/\\\/www.ipiccoliquotidiano.it\\\/\",\"logo\":{\"@type\":\"ImageObject\",\"inLanguage\":\"it-IT\",\"@id\":\"https:\\\/\\\/www.ipiccoliquotidiano.it\\\/#\\\/schema\\\/logo\\\/image\\\/\",\"url\":\"https:\\\/\\\/www.ipiccoliquotidiano.it\\\/wp-content\\\/uploads\\\/2024\\\/05\\\/ipiccoli-logo.jpg\",\"contentUrl\":\"https:\\\/\\\/www.ipiccoliquotidiano.it\\\/wp-content\\\/uploads\\\/2024\\\/05\\\/ipiccoli-logo.jpg\",\"width\":300,\"height\":129,\"caption\":\"IPiccoliQuotidiano.it\"},\"image\":{\"@id\":\"https:\\\/\\\/www.ipiccoliquotidiano.it\\\/#\\\/schema\\\/logo\\\/image\\\/\"},\"sameAs\":[\"https:\\\/\\\/www.facebook.com\\\/ipiccoliquotidiano\"]},{\"@type\":\"Person\",\"@id\":\"https:\\\/\\\/www.ipiccoliquotidiano.it\\\/#\\\/schema\\\/person\\\/62c103ab5acee85b73af3ad20fa7774b\",\"name\":\"Antonella Chiacchiaro\",\"description\":\"Mi presento sono Antonella Chiacchiaro insegnante in pensione con una grande passione per i bambini che mi porto dietro dal lontano 1983. Il mio lavoro mi ha restituito sempre tante competenze che ho acquisito nel corso degli studi ma anche durante la mia carriera. Sono specializzata come insegnante di sostegno e per ben 15 anni ho lavorato con bambini \\\"speciali\\\", speciali si perch\u00e9 mi hanno insegnato tanto ma anche io ho dato tanto, e per me sono e saranno sempre parte importante del mio vissuto. Durante la mia carriera come \\\"Maestra\\\" ho acquisito specifiche competenze che mi serviranno adesso per svolgere al meglio il mio nuovo e desiderato lavoro\\\/divertimento. Dicono di me che sono una persona socievole, dinamica, volenterosa e desiderosa di imparare ancora grazie alla collaborazione che mi \u00e8 stata offerta dalla redazione del giornalino\u201d I Piccoli Quotidiano\u201d diretto dal Professore Bartolo Scandizzo, che ringrazio per l\u2019opportunit\u00e0. Certa di un riscontro positivo colgo l\u2019occasione per salutare tutti i partecipanti di questa meravigliosa \\\"Redazione\\\". Antonella Chiacchiaro\",\"url\":\"https:\\\/\\\/www.ipiccoliquotidiano.it\\\/index.php\\\/author\\\/antonella\\\/\"}]}<\/script>\n<!-- \/ Yoast SEO plugin. -->","yoast_head_json":{"title":"La Caccia ai Proverbi Perduti dell'Estate - IPiccoliQuotidiano.it","robots":{"index":"index","follow":"follow","max-snippet":"max-snippet:-1","max-image-preview":"max-image-preview:large","max-video-preview":"max-video-preview:-1"},"canonical":"https:\/\/www.ipiccoliquotidiano.it\/index.php\/2026\/09\/04\/la-caccia-ai-proverbi-perduti-dellestate-2\/","og_locale":"it_IT","og_type":"article","og_title":"La Caccia ai Proverbi Perduti dell'Estate - IPiccoliQuotidiano.it","og_description":"Seconda parte Era una mattina luminosa al Campo Estivo &#8220;Sole e Mare&#8221;. I bambini erano appena arrivati quando l&#8217;animatrice Sofia mostr\u00f2 un vecchio libro tutto impolverato. Sulla copertina c&#8217;era scritto: &#8220;Il Grande Libro dei Detti e dei Proverbi dell&#8217;Estate.&#8221; \u00abGuardate!\u00bb disse Sofia. \u00abLe pagine sono tutte bianche!\u00bb In quel momento un leggero soffio di vento","og_url":"https:\/\/www.ipiccoliquotidiano.it\/index.php\/2026\/09\/04\/la-caccia-ai-proverbi-perduti-dellestate-2\/","og_site_name":"IPiccoliQuotidiano.it","article_publisher":"https:\/\/www.facebook.com\/ipiccoliquotidiano","article_published_time":"2026-09-04T15:23:00+00:00","article_modified_time":"2026-09-04T15:23:01+00:00","og_image":[{"width":759,"height":414,"url":"https:\/\/www.ipiccoliquotidiano.it\/wp-content\/uploads\/2026\/09\/ss.jpg","type":"image\/jpeg"}],"author":"Antonella Chiacchiaro","twitter_card":"summary_large_image","twitter_misc":{"Scritto da":"Antonella Chiacchiaro","Tempo di lettura stimato":"2 minuti"},"schema":{"@context":"https:\/\/schema.org","@graph":[{"@type":"Article","@id":"https:\/\/www.ipiccoliquotidiano.it\/index.php\/2026\/09\/04\/la-caccia-ai-proverbi-perduti-dellestate-2\/#article","isPartOf":{"@id":"https:\/\/www.ipiccoliquotidiano.it\/index.php\/2026\/09\/04\/la-caccia-ai-proverbi-perduti-dellestate-2\/"},"author":{"name":"Antonella Chiacchiaro","@id":"https:\/\/www.ipiccoliquotidiano.it\/#\/schema\/person\/62c103ab5acee85b73af3ad20fa7774b"},"headline":"La Caccia ai Proverbi Perduti dell&#8217;Estate","datePublished":"2026-09-04T15:23:00+00:00","dateModified":"2026-09-04T15:23:01+00:00","mainEntityOfPage":{"@id":"https:\/\/www.ipiccoliquotidiano.it\/index.php\/2026\/09\/04\/la-caccia-ai-proverbi-perduti-dellestate-2\/"},"wordCount":315,"publisher":{"@id":"https:\/\/www.ipiccoliquotidiano.it\/#organization"},"image":{"@id":"https:\/\/www.ipiccoliquotidiano.it\/index.php\/2026\/09\/04\/la-caccia-ai-proverbi-perduti-dellestate-2\/#primaryimage"},"thumbnailUrl":"https:\/\/www.ipiccoliquotidiano.it\/wp-content\/uploads\/2026\/09\/ss.jpg","keywords":["bosco","La Caccia ai Proverbi Perduti dell'Estate","ombra","sabbia","spiaggia"],"articleSection":["Giro del Mondo a caccia di Storie con Riki e Rebby"],"inLanguage":"it-IT"},{"@type":"WebPage","@id":"https:\/\/www.ipiccoliquotidiano.it\/index.php\/2026\/09\/04\/la-caccia-ai-proverbi-perduti-dellestate-2\/","url":"https:\/\/www.ipiccoliquotidiano.it\/index.php\/2026\/09\/04\/la-caccia-ai-proverbi-perduti-dellestate-2\/","name":"La Caccia ai Proverbi Perduti dell'Estate - IPiccoliQuotidiano.it","isPartOf":{"@id":"https:\/\/www.ipiccoliquotidiano.it\/#website"},"primaryImageOfPage":{"@id":"https:\/\/www.ipiccoliquotidiano.it\/index.php\/2026\/09\/04\/la-caccia-ai-proverbi-perduti-dellestate-2\/#primaryimage"},"image":{"@id":"https:\/\/www.ipiccoliquotidiano.it\/index.php\/2026\/09\/04\/la-caccia-ai-proverbi-perduti-dellestate-2\/#primaryimage"},"thumbnailUrl":"https:\/\/www.ipiccoliquotidiano.it\/wp-content\/uploads\/2026\/09\/ss.jpg","datePublished":"2026-09-04T15:23:00+00:00","dateModified":"2026-09-04T15:23:01+00:00","breadcrumb":{"@id":"https:\/\/www.ipiccoliquotidiano.it\/index.php\/2026\/09\/04\/la-caccia-ai-proverbi-perduti-dellestate-2\/#breadcrumb"},"inLanguage":"it-IT","potentialAction":[{"@type":"ReadAction","target":["https:\/\/www.ipiccoliquotidiano.it\/index.php\/2026\/09\/04\/la-caccia-ai-proverbi-perduti-dellestate-2\/"]}]},{"@type":"ImageObject","inLanguage":"it-IT","@id":"https:\/\/www.ipiccoliquotidiano.it\/index.php\/2026\/09\/04\/la-caccia-ai-proverbi-perduti-dellestate-2\/#primaryimage","url":"https:\/\/www.ipiccoliquotidiano.it\/wp-content\/uploads\/2026\/09\/ss.jpg","contentUrl":"https:\/\/www.ipiccoliquotidiano.it\/wp-content\/uploads\/2026\/09\/ss.jpg","width":759,"height":414},{"@type":"BreadcrumbList","@id":"https:\/\/www.ipiccoliquotidiano.it\/index.php\/2026\/09\/04\/la-caccia-ai-proverbi-perduti-dellestate-2\/#breadcrumb","itemListElement":[{"@type":"ListItem","position":1,"name":"Home","item":"https:\/\/www.ipiccoliquotidiano.it\/"},{"@type":"ListItem","position":2,"name":"La Caccia ai Proverbi Perduti dell&#8217;Estate"}]},{"@type":"WebSite","@id":"https:\/\/www.ipiccoliquotidiano.it\/#website","url":"https:\/\/www.ipiccoliquotidiano.it\/","name":"IPiccoliQuotidiano.it","description":"Il Quotidiano dei Piccoli","publisher":{"@id":"https:\/\/www.ipiccoliquotidiano.it\/#organization"},"potentialAction":[{"@type":"SearchAction","target":{"@type":"EntryPoint","urlTemplate":"https:\/\/www.ipiccoliquotidiano.it\/?s={search_term_string}"},"query-input":{"@type":"PropertyValueSpecification","valueRequired":true,"valueName":"search_term_string"}}],"inLanguage":"it-IT"},{"@type":"Organization","@id":"https:\/\/www.ipiccoliquotidiano.it\/#organization","name":"IPiccoliQuotidiano.it","url":"https:\/\/www.ipiccoliquotidiano.it\/","logo":{"@type":"ImageObject","inLanguage":"it-IT","@id":"https:\/\/www.ipiccoliquotidiano.it\/#\/schema\/logo\/image\/","url":"https:\/\/www.ipiccoliquotidiano.it\/wp-content\/uploads\/2024\/05\/ipiccoli-logo.jpg","contentUrl":"https:\/\/www.ipiccoliquotidiano.it\/wp-content\/uploads\/2024\/05\/ipiccoli-logo.jpg","width":300,"height":129,"caption":"IPiccoliQuotidiano.it"},"image":{"@id":"https:\/\/www.ipiccoliquotidiano.it\/#\/schema\/logo\/image\/"},"sameAs":["https:\/\/www.facebook.com\/ipiccoliquotidiano"]},{"@type":"Person","@id":"https:\/\/www.ipiccoliquotidiano.it\/#\/schema\/person\/62c103ab5acee85b73af3ad20fa7774b","name":"Antonella Chiacchiaro","description":"Mi presento sono Antonella Chiacchiaro insegnante in pensione con una grande passione per i bambini che mi porto dietro dal lontano 1983. Il mio lavoro mi ha restituito sempre tante competenze che ho acquisito nel corso degli studi ma anche durante la mia carriera. Sono specializzata come insegnante di sostegno e per ben 15 anni ho lavorato con bambini \"speciali\", speciali si perch\u00e9 mi hanno insegnato tanto ma anche io ho dato tanto, e per me sono e saranno sempre parte importante del mio vissuto. Durante la mia carriera come \"Maestra\" ho acquisito specifiche competenze che mi serviranno adesso per svolgere al meglio il mio nuovo e desiderato lavoro\/divertimento. Dicono di me che sono una persona socievole, dinamica, volenterosa e desiderosa di imparare ancora grazie alla collaborazione che mi \u00e8 stata offerta dalla redazione del giornalino\u201d I Piccoli Quotidiano\u201d diretto dal Professore Bartolo Scandizzo, che ringrazio per l\u2019opportunit\u00e0. Certa di un riscontro positivo colgo l\u2019occasione per salutare tutti i partecipanti di questa meravigliosa \"Redazione\". Antonella Chiacchiaro","url":"https:\/\/www.ipiccoliquotidiano.it\/index.php\/author\/antonella\/"}]}},"_links":{"self":[{"href":"https:\/\/www.ipiccoliquotidiano.it\/index.php\/wp-json\/wp\/v2\/posts\/32433","targetHints":{"allow":["GET"]}}],"collection":[{"href":"https:\/\/www.ipiccoliquotidiano.it\/index.php\/wp-json\/wp\/v2\/posts"}],"about":[{"href":"https:\/\/www.ipiccoliquotidiano.it\/index.php\/wp-json\/wp\/v2\/types\/post"}],"author":[{"embeddable":true,"href":"https:\/\/www.ipiccoliquotidiano.it\/index.php\/wp-json\/wp\/v2\/users\/7"}],"replies":[{"embeddable":true,"href":"https:\/\/www.ipiccoliquotidiano.it\/index.php\/wp-json\/wp\/v2\/comments?post=32433"}],"version-history":[{"count":1,"href":"https:\/\/www.ipiccoliquotidiano.it\/index.php\/wp-json\/wp\/v2\/posts\/32433\/revisions"}],"predecessor-version":[{"id":32435,"href":"https:\/\/www.ipiccoliquotidiano.it\/index.php\/wp-json\/wp\/v2\/posts\/32433\/revisions\/32435"}],"wp:featuredmedia":[{"embeddable":true,"href":"https:\/\/www.ipiccoliquotidiano.it\/index.php\/wp-json\/wp\/v2\/media\/32434"}],"wp:attachment":[{"href":"https:\/\/www.ipiccoliquotidiano.it\/index.php\/wp-json\/wp\/v2\/media?parent=32433"}],"wp:term":[{"taxonomy":"category","embeddable":true,"href":"https:\/\/www.ipiccoliquotidiano.it\/index.php\/wp-json\/wp\/v2\/categories?post=32433"},{"taxonomy":"post_tag","embeddable":true,"href":"https:\/\/www.ipiccoliquotidiano.it\/index.php\/wp-json\/wp\/v2\/tags?post=32433"}],"curies":[{"name":"wp","href":"https:\/\/api.w.org\/{rel}","templated":true}]}}