{"id":32419,"date":"2026-09-03T15:40:16","date_gmt":"2026-09-03T13:40:16","guid":{"rendered":"https:\/\/www.ipiccoliquotidiano.it\/?p=32419"},"modified":"2026-09-03T19:56:52","modified_gmt":"2026-09-03T17:56:52","slug":"la-parola-che-torno-dalloceano","status":"publish","type":"post","link":"https:\/\/www.ipiccoliquotidiano.it\/index.php\/2026\/09\/03\/la-parola-che-torno-dalloceano\/","title":{"rendered":"La parola che torn\u00f2 dall\u2019oceano"},"content":{"rendered":"\t\t<div data-elementor-type=\"wp-post\" data-elementor-id=\"32419\" class=\"elementor elementor-32419\">\n\t\t\t\t\t\t<section class=\"elementor-section elementor-top-section elementor-element elementor-element-1c2ed01 elementor-section-boxed elementor-section-height-default elementor-section-height-default\" data-id=\"1c2ed01\" data-element_type=\"section\" data-e-type=\"section\">\n\t\t\t\t\t\t<div class=\"elementor-container elementor-column-gap-default\">\n\t\t\t\t\t<div class=\"elementor-column elementor-col-100 elementor-top-column elementor-element elementor-element-1a13e521\" data-id=\"1a13e521\" data-element_type=\"column\" data-e-type=\"column\">\n\t\t\t<div class=\"elementor-widget-wrap elementor-element-populated\">\n\t\t\t\t\t\t<div class=\"elementor-element elementor-element-29403d86 elementor-widget elementor-widget-text-editor\" data-id=\"29403d86\" data-element_type=\"widget\" data-e-type=\"widget\" data-widget_type=\"text-editor.default\">\n\t\t\t\t<div class=\"elementor-widget-container\">\n\t\t\t\t\t\t\t\t\t<p style=\"text-align: justify\">Nelia aveva dieci anni e viveva a Camporivo, un piccolo paese costruito sul fianco di una montagna, con le case raccolte intorno alla piazza, dove al centro si trovava un\u2019antica fontana di pietra dalla quale sgorgava continuamente acqua fresca, anche nelle giornate pi\u00f9 calde dell\u2019estate, mentre il campanile si vedeva quasi da ogni strada, come se fosse l\u00ec per ricordare a tutti che, anche quando si parte e si va molto lontano, c\u2019\u00e8 sempre un luogo al quale continuiamo a sentirci legati perch\u00e9 \u00e8 l\u00ec che sono cominciati i nostri ricordi e una parte della nostra storia.<\/p><p style=\"text-align: justify\">Era la fine dell\u2019estate e il paese si stava preparando alla festa pi\u00f9 importante dell\u2019anno, quella durante la quale tornavano anche molte persone che ormai vivevano altrove, cos\u00ec le strade diventavano improvvisamente pi\u00f9 affollate, le case si riaprivano e per qualche giorno sembrava che Camporivo avesse ritrovato tutte le persone che, nel corso degli anni, aveva visto partire.<\/p><p style=\"text-align: justify\">Quel pomeriggio Nelia stava aspettando sua madre davanti alla fontana quando vide fermarsi un\u2019automobile con una targa straniera, dalla quale scesero un uomo, una donna e un bambino che sembrava avere pi\u00f9 o meno la sua et\u00e0.<\/p><p style=\"text-align: justify\">Il bambino raggiunse la fontana, bevve un p\u00f2 d\u2019acqua e pronunci\u00f2 una frase che fece voltare Nelia di scatto, perch\u00e9 non era italiano e non era nemmeno spagnolo, ma apparteneva al vecchio dialetto di Camporivo, quello che ormai parlavano soprattutto gli anziani e che persino molti giovani comprendevano soltanto in parte.<\/p><p style=\"text-align: justify\">\u00abCome fai a parlare cos\u00ec?\u00bb gli chiese sorpresa.<\/p><p style=\"text-align: justify\">Il bambino sorrise.<\/p><p style=\"text-align: justify\">\u00abConosco soltanto poche parole. Me le ha insegnate mia nonna.\u00bb<\/p><p style=\"text-align: justify\">\u00abTua nonna vive qui?\u00bb<\/p><p style=\"text-align: justify\">\u00abNo. Vive in Argentina.\u00bb<\/p><p style=\"text-align: justify\">Nelia rimase a guardarlo, perch\u00e9 le sembrava quasi impossibile che una donna vissuta dall\u2019altra parte dell\u2019oceano potesse conoscere le stesse parole che pronunciava suo nonno.<\/p><p style=\"text-align: justify\">\u00abIo mi chiamo Mateo\u00bb, disse il bambino.<\/p><p style=\"text-align: justify\">\u00abIo Nelia.\u00bb<\/p><p style=\"text-align: justify\">Quando arriv\u00f2 nonno Teodoro, Nelia gli raccont\u00f2 immediatamente ci\u00f2 che aveva appena scoperto e l\u2019anziano, dopo aver sentito Mateo pronunciare un\u2019altra espressione dialettale, rimase per qualche secondo in silenzio, come se quelle parole avessero aperto improvvisamente una porta su un tempo molto lontano.<\/p><p style=\"text-align: justify\">Fu allora che Mateo raccont\u00f2 perch\u00e9 la sua famiglia fosse arrivata fino a Camporivo.<\/p><p style=\"text-align: justify\">Molti decenni prima, un giovane del paese di nome Domenico, antenato della sua famiglia, aveva deciso di partire perch\u00e9, per lui come per molti altri giovani della sua zona, le possibilit\u00e0 di trovare un lavoro che gli permettesse di costruire il futuro che desiderava erano diventate troppo poche, cos\u00ec aveva lasciato la casa, i genitori, gli amici e le montagne nelle quali era cresciuto per affrontare un lunghissimo viaggio verso l\u2019Argentina.<\/p><p style=\"text-align: justify\">Domenico non era partito perch\u00e9 non amasse il proprio paese, ma perch\u00e9 qualche volta le persone sono costrette a cercare molto lontano ci\u00f2 che avrebbero desiderato trovare vicino alla propria casa, e proprio questa era stata la sua storia, una delle tante storie diverse che nel corso del tempo avevano spinto uomini e donne a lasciare i propri luoghi d\u2019origine.<\/p><p style=\"text-align: justify\">Raggiunse il porto e sal\u00ec su una nave insieme a tanti altri uomini e donne che provenivano da paesi diversi, parlavano dialetti differenti e portavano con s\u00e9 poche cose materiali, ma avevano tutti la speranza di trovare, dall\u2019altra parte del mare, un lavoro e la possibilit\u00e0 di costruire una vita migliore.<\/p><p style=\"text-align: justify\">Quando arriv\u00f2 in Argentina si accorse che il viaggio non terminava con lo sbarco, perch\u00e9 adesso bisognava imparare nuove parole, conoscere persone diverse, comprendere abitudini sconosciute e trovare il proprio posto in una terra nella quale, almeno all\u2019inizio, tutto sembrava estraneo.<\/p><p style=\"text-align: justify\">Domenico lavor\u00f2 molto, impar\u00f2 un mestiere, costru\u00ec amicizie e lentamente l\u2019Argentina divenne la sua nuova casa, il luogo nel quale form\u00f2 una famiglia e nel quale nacquero i suoi figli.<\/p><p style=\"text-align: justify\">Con il passare degli anni, per\u00f2, nella sua casa continuarono a vivere anche alcuni piccoli pezzi di Camporivo.<\/p><p style=\"text-align: justify\">Rimasero certe ricette, alcune canzoni, racconti sulle montagne e soprattutto poche parole del vecchio dialetto, che Domenico insegn\u00f2 ai figli, i figli ai nipoti e i nipoti alle generazioni successive, fino a quando, tanti anni dopo, una di quelle parole arriv\u00f2 sulle labbra di Mateo, un bambino argentino che non aveva mai visto il paese dal quale era partito il suo antenato.<\/p><p style=\"text-align: justify\">\u00abQuindi hai imparato una parola di Camporivo in Argentina?\u00bb domand\u00f2 Nelia.<\/p><p style=\"text-align: justify\">Mateo annu\u00ec.<\/p><p style=\"text-align: justify\">Nonno Teodoro sorrise.<\/p><p style=\"text-align: justify\">\u00abQualche volta le parole viaggiano pi\u00f9 a lungo delle persone.\u00bb<\/p><p style=\"text-align: justify\">Quella frase rimase nella mente di Nelia, che fino a quel momento aveva pensato all\u2019emigrazione soprattutto come a qualcuno che lasciava un paese, mentre adesso cominciava a capire che chi partiva portava con s\u00e9 molto pi\u00f9 delle poche cose necessarie per affrontare un viaggio, perch\u00e9 insieme alle persone viaggiavano anche il modo di parlare, i ricordi, le ricette, le canzoni, le abitudini e tutte quelle piccole cose che formano la storia di una famiglia.<\/p><p style=\"text-align: justify\">Mateo raccont\u00f2 che sua nonna In\u00e9s aveva ottantadue anni, era nata in Argentina e non era mai riuscita a visitare l\u2019Italia, ma aveva ascoltato suo padre parlare cos\u00ec tante volte di Camporivo da avere quasi l\u2019impressione di conoscere quel luogo senza averlo mai visto.<\/p><p style=\"text-align: justify\">Sapeva che nella piazza esisteva una fontana, conosceva il nome delle montagne e soprattutto aveva sentito raccontare tante volte il suono delle campane durante i giorni di festa.<\/p><p style=\"text-align: justify\">Prima che Mateo partisse, la nonna gli aveva fatto una richiesta particolare.<\/p><p style=\"text-align: justify\">\u00abQuando arriverai a Camporivo, prima di mandarmi le fotografie, fammi sentire le campane.\u00bb<\/p><p style=\"text-align: justify\">La sera della festa, Mateo telefon\u00f2 alla nonna attraverso una videochiamata e, quando sullo schermo comparve il volto di In\u00e9s, Nelia la salut\u00f2 e ascolt\u00f2 con stupore quella donna argentina pronunciare alcune parole dell\u2019antico dialetto del paese.<\/p><p style=\"text-align: justify\">Poi le campane cominciarono a suonare.<\/p><p style=\"text-align: justify\">Mateo alz\u00f2 il telefono verso il campanile.<\/p><p style=\"text-align: justify\">Dall\u2019altra parte dell\u2019oceano In\u00e9s rimase immobile ad ascoltare e, quando l\u2019ultimo rintocco termin\u00f2, aveva gli occhi pieni di lacrime.<\/p><p style=\"text-align: justify\">\u00abNonna, perch\u00e9 piangi?\u00bb domand\u00f2 Mateo.<\/p><p style=\"text-align: justify\">La donna sorrise.<\/p><p style=\"text-align: justify\">\u00abPerch\u00e9 queste campane le avevo gi\u00e0 sentite.\u00bb<\/p><p style=\"text-align: justify\">Mateo la guard\u00f2 confuso.<\/p><p style=\"text-align: justify\">\u00abMa tu non sei mai venuta qui.\u00bb<\/p><p style=\"text-align: justify\">\u00abLe ho sentite per tutta la vita nei racconti di mio padre.\u00bb<\/p><p style=\"text-align: justify\">Nelia comprese allora che esistono luoghi nei quali possiamo sentirci presenti anche senza esserci mai stati, perch\u00e9 qualcuno pu\u00f2 raccontarceli con cos\u00ec tanto affetto e con una nostalgia cos\u00ec profonda da farli diventare una parte della nostra memoria.<\/p><p style=\"text-align: justify\">Durante quella stessa conversazione In\u00e9s spieg\u00f2 anche una cosa importante ai due bambini: suo padre Domenico, quando lasci\u00f2 Camporivo, era un emigrante per il luogo dal quale partiva, mentre quando arriv\u00f2 in Argentina divent\u00f2 un immigrato per il Paese che lo accoglieva, perch\u00e9 le due parole raccontano lo stesso viaggio osservato da due punti differenti.<\/p><p style=\"text-align: justify\">Per il paese dal quale partiva era qualcuno che andava via, mentre per il Paese nel quale arrivava era qualcuno che stava cercando di costruire una nuova vita.<\/p><p style=\"text-align: justify\">Eppure era sempre la stessa persona, con le stesse paure, gli stessi sogni e lo stesso desiderio di lavorare, vivere dignitosamente e costruire qualcosa per la propria famiglia.<\/p><p style=\"text-align: justify\">\u00abAllora tuo bisnonno voleva pi\u00f9 bene all\u2019Italia o all\u2019Argentina?\u00bb chiese Nelia.<\/p><p style=\"text-align: justify\">In\u00e9s sorrise.<\/p><p style=\"text-align: justify\">\u00abPerch\u00e9 avrebbe dovuto scegliere? Era nato in Italia e aveva costruito la sua vita in Argentina. Quando parlava di Camporivo diceva \u201cil mio paese\u201d, mentre dell\u2019Argentina diceva \u201cla nostra casa\u201d. Nel cuore possono esserci pi\u00f9 luoghi senza che uno debba cancellare l\u2019altro.\u00bb<\/p><p style=\"text-align: justify\">Quelle parole fecero riflettere Nelia, perch\u00e9 comprese che Mateo non era un bambino italiano nato per caso in Argentina, ma era un bambino argentino che, dentro la storia della propria famiglia, conservava anche un piccolo pezzo di un paese italiano.<\/p><p style=\"text-align: justify\">Il giorno seguente Nelia e Mateo camminarono per Camporivo, confrontando i racconti ricevuti dalle loro famiglie, e scoprirono che alcune ricette erano arrivate fino in Argentina cambiando leggermente, che certe parole avevano conservato un suono antico ormai quasi dimenticato nel paese e che persino una filastrocca cantata dalla nonna di Mateo assomigliava a quella che Teodoro ricordava dalla propria infanzia.<\/p><p style=\"text-align: justify\">Prima della partenza, i due bambini tornarono davanti alla fontana.<\/p><p style=\"text-align: justify\">\u00abTi \u00e8 piaciuto Camporivo?\u00bb domand\u00f2 Nelia.<\/p><p style=\"text-align: justify\">Mateo ci pens\u00f2.<\/p><p style=\"text-align: justify\">\u00ab\u00c8 diverso da come lo immaginavo.\u00bb<\/p><p style=\"text-align: justify\">\u00abPi\u00f9 bello?\u00bb<\/p><p style=\"text-align: justify\">\u00abPi\u00f9 vero. Prima esisteva soltanto nei racconti di mia nonna, mentre adesso so che l\u2019acqua della fontana \u00e8 davvero fredda, che le campane hanno davvero quel suono e che le strade in salita stancano molto pi\u00f9 di quanto lei raccontasse.\u00bb<\/p><p style=\"text-align: justify\">Nelia rise.<\/p><p style=\"text-align: justify\">Poi gli disse: \u00abAllora anche tu hai un paese nel cuore.\u00bb<\/p><p style=\"text-align: justify\">Mateo rimase qualche secondo in silenzio.<\/p><p style=\"text-align: justify\">\u00abForse non \u00e8 il mio paese nello stesso modo in cui \u00e8 il tuo, perch\u00e9 io sono nato e vivo in Argentina, ma \u00e8 una parte della mia storia.\u00bb<\/p><p style=\"text-align: justify\">Nelia pens\u00f2 che fosse la risposta pi\u00f9 bella che avrebbe potuto dare.<\/p><p style=\"text-align: justify\">Quando Mateo ripart\u00ec, lei rimase a guardare l\u2019automobile allontanarsi e pens\u00f2 a Domenico, che tantissimi anni prima aveva percorso quella stessa strada nella direzione opposta, senza sapere che un giorno un suo discendente sarebbe tornato parlando una lingua diversa ma conservando ancora alcune parole del piccolo paese lasciato dal suo antenato.<\/p><p style=\"text-align: justify\">Qualche giorno dopo, mentre camminava con nonno Teodoro, Nelia sent\u00ec nuovamente una di quelle vecchie espressioni dialettali.<\/p><p style=\"text-align: justify\">\u00abNonno\u00bb, disse, \u00ablo sai che questa parola \u00e8 arrivata fino in Argentina?\u00bb<\/p><p style=\"text-align: justify\">Teodoro sorrise.<\/p><p style=\"text-align: justify\">\u00abCerto.\u00bb<\/p><p style=\"text-align: justify\">\u00ab\u00c8 strano pensare che una persona possa andare via e una parola possa rimanere.\u00bb<\/p><p style=\"text-align: justify\">Il nonno scosse lentamente la testa.<\/p><p style=\"text-align: justify\">\u00abQualche volta, Nelia, anche le parole partono.\u00bb<\/p><p style=\"text-align: justify\">La bambina lo guard\u00f2.<\/p><p style=\"text-align: justify\">\u00abE allora?\u00bb<\/p><p style=\"text-align: justify\">Teodoro indic\u00f2 la strada dalla quale Mateo era ripartito.<\/p><p style=\"text-align: justify\">\u00abQualche volta ritornano.\u00bb<\/p><p style=\"text-align: justify\">In quel momento le campane cominciarono a suonare e Nelia, invece di continuare a camminare come aveva fatto tante altre volte, si ferm\u00f2 ad ascoltarle, pensando che dall\u2019altra parte del mondo esisteva una donna anziana che avrebbe riconosciuto quel suono senza aver mai vissuto tra quelle case.<\/p><p style=\"text-align: justify\">E comprese che la storia dei nostri emigranti non \u00e8 fatta soltanto di persone che andarono via, ma anche di ci\u00f2 che riuscirono a portare con s\u00e9 e a consegnare alle generazioni successive: parole, ricordi, sapori, racconti e legami capaci qualche volta di attraversare il tempo, le lingue e persino gli oceani.<\/p><p style=\"text-align: justify\">Perch\u00e9 ci sono persone che lasciano un paese e costruiscono altrove una nuova casa, figli che nascono in un\u2019altra terra e nipoti che crescono parlando un\u2019altra lingua, ma ci sono anche piccoli fili invisibili che continuano a unire le generazioni e che, molti anni dopo, possono riportare qualcuno nel luogo dal quale tutto era cominciato.<\/p><p style=\"text-align: justify\">E forse conoscere la storia dell\u2019emigrazione significa proprio comprendere questo: possiamo appartenere pienamente al luogo nel quale viviamo e, nello stesso tempo, conservare con rispetto e affetto la memoria del luogo dal quale provenivano le persone vissute prima di noi, senza che una storia debba cancellare l\u2019altra.<\/p><p style=\"text-align: justify\">Perch\u00e9 alcune distanze possono essere immense, alcuni viaggi possono durare una vita e alcune partenze possono sembrare definitive, ma ci sono ricordi che continuano a camminare attraverso le generazioni.<\/p><p style=\"text-align: justify\">E qualche volta basta una parola, pronunciata da un bambino dall\u2019altra parte dell\u2019oceano, per riportarli a casa.<\/p>\t\t\t\t\t\t\t\t<\/div>\n\t\t\t\t<\/div>\n\t\t\t\t\t<\/div>\n\t\t<\/div>\n\t\t\t\t\t<\/div>\n\t\t<\/section>\n\t\t\t\t<\/div>\n\t\t","protected":false},"excerpt":{"rendered":"<p>Nelia aveva dieci anni e viveva a Camporivo, un piccolo paese costruito sul fianco di una montagna, con le case raccolte intorno alla piazza, dove al centro si trovava un\u2019antica fontana di pietra dalla quale sgorgava continuamente acqua fresca, anche nelle giornate pi\u00f9 calde dell\u2019estate, mentre il campanile si vedeva quasi da ogni strada, come<\/p>\n","protected":false},"author":50,"featured_media":32421,"comment_status":"closed","ping_status":"open","sticky":false,"template":"","format":"standard","meta":{"footnotes":""},"categories":[33,35,46,31,19941],"tags":[19555,3299,20035,5643,20036,20025,20024,20026,16404,20023,20032,20041,20038,20033,16613,20034,20028,20031,3606,4561,20040,20029,20039,20030,20027,10381,11403,20037,14861],"class_list":["post-32419","post","type-post","status-publish","format-standard","has-post-thumbnail","category-mondo","category-in-evidenza","category-in-poche-parole","category-italia","category-la-storia-siamo-noi","tag-aree-interne","tag-bambini-e-storia","tag-dialetti-italiani","tag-educazione-civica","tag-emigrante-e-immigrato","tag-emigranti-italiani","tag-emigrazione-in-argentina","tag-emigrazione-italiana","tag-identita-culturale","tag-italiani-in-argentina","tag-italiani-nel-mondo","tag-la-parola-che-torno-dalloceano","tag-memoria-degli-emigranti","tag-memoria-familiare","tag-memoria-storica","tag-migrazioni-italiane","tag-origini-italiane","tag-piccoli-paesi-italiani","tag-racconti-educativi","tag-racconti-per-bambini","tag-racconti-sullemigrazione","tag-radici-italiane","tag-ritorno-alle-origini","tag-storia-dei-nostri-paesi","tag-storia-dellemigrazione","tag-storie-di-famiglia","tag-tradizioni-italiane","tag-tradizioni-tramandate","tag-turismo-delle-radici"],"yoast_head":"<!-- This site is optimized with the Yoast SEO plugin v28.4 - https:\/\/yoast.com\/product\/yoast-seo-wordpress\/ -->\n<title>La parola che torn\u00f2 dall\u2019oceano - IPiccoliQuotidiano.it<\/title>\n<meta name=\"description\" content=\"Nelia aveva dieci anni e viveva a Camporivo, un piccolo paese costruito sul fianco di una montagna, dove le case si raccoglievano intorno alla piazza, la fontana continuava a scorrere anche nelle giornate pi\u00f9 calde e il campanile si vedeva quasi da ogni strada, come se volesse ricordare a tutti che, anche quando si va lontano, esiste sempre un luogo dal quale siamo partiti e al quale, in qualche modo, continuiamo a sentirci legati. Era la fine dell\u2019estate e il paese si stava preparando alla festa pi\u00f9 importante dell\u2019anno, quella durante la quale tornavano anche molte persone che ormai vivevano altrove, cos\u00ec le strade diventavano improvvisamente pi\u00f9 affollate, le case si riaprivano e per qualche giorno sembrava che Camporivo avesse ritrovato tutte le persone che, nel corso degli anni, aveva visto partire.\" \/>\n<meta name=\"robots\" content=\"index, follow, max-snippet:-1, max-image-preview:large, max-video-preview:-1\" \/>\n<link rel=\"canonical\" href=\"https:\/\/www.ipiccoliquotidiano.it\/index.php\/2026\/09\/03\/la-parola-che-torno-dalloceano\/\" \/>\n<meta property=\"og:locale\" content=\"it_IT\" \/>\n<meta property=\"og:type\" content=\"article\" \/>\n<meta property=\"og:title\" content=\"La parola che torn\u00f2 dall\u2019oceano - IPiccoliQuotidiano.it\" \/>\n<meta property=\"og:description\" content=\"Nelia aveva dieci anni e viveva a Camporivo, un piccolo paese costruito sul fianco di una montagna, dove le case si raccoglievano intorno alla piazza, la fontana continuava a scorrere anche nelle giornate pi\u00f9 calde e il campanile si vedeva quasi da ogni strada, come se volesse ricordare a tutti che, anche quando si va lontano, esiste sempre un luogo dal quale siamo partiti e al quale, in qualche modo, continuiamo a sentirci legati. Era la fine dell\u2019estate e il paese si stava preparando alla festa pi\u00f9 importante dell\u2019anno, quella durante la quale tornavano anche molte persone che ormai vivevano altrove, cos\u00ec le strade diventavano improvvisamente pi\u00f9 affollate, le case si riaprivano e per qualche giorno sembrava che Camporivo avesse ritrovato tutte le persone che, nel corso degli anni, aveva visto partire.\" \/>\n<meta property=\"og:url\" content=\"https:\/\/www.ipiccoliquotidiano.it\/index.php\/2026\/09\/03\/la-parola-che-torno-dalloceano\/\" \/>\n<meta property=\"og:site_name\" content=\"IPiccoliQuotidiano.it\" \/>\n<meta property=\"article:publisher\" content=\"https:\/\/www.facebook.com\/ipiccoliquotidiano\" \/>\n<meta property=\"article:published_time\" content=\"2026-09-03T13:40:16+00:00\" \/>\n<meta property=\"article:modified_time\" content=\"2026-09-03T17:56:52+00:00\" \/>\n<meta property=\"og:image\" content=\"https:\/\/www.ipiccoliquotidiano.it\/wp-content\/uploads\/2026\/09\/La-parola-che-torno-dalloceano-1024x576.png\" \/>\n\t<meta property=\"og:image:width\" content=\"1024\" \/>\n\t<meta property=\"og:image:height\" content=\"576\" \/>\n\t<meta property=\"og:image:type\" content=\"image\/png\" \/>\n<meta name=\"author\" content=\"Vito Gerardo Roberto\" \/>\n<meta name=\"twitter:card\" content=\"summary_large_image\" \/>\n<meta name=\"twitter:label1\" content=\"Scritto da\" \/>\n\t<meta name=\"twitter:data1\" content=\"Vito Gerardo Roberto\" \/>\n\t<meta name=\"twitter:label2\" content=\"Tempo di lettura stimato\" \/>\n\t<meta name=\"twitter:data2\" content=\"10 minuti\" \/>\n<script type=\"application\/ld+json\" class=\"yoast-schema-graph\">{\"@context\":\"https:\\\/\\\/schema.org\",\"@graph\":[{\"@type\":\"Article\",\"@id\":\"https:\\\/\\\/www.ipiccoliquotidiano.it\\\/index.php\\\/2026\\\/09\\\/03\\\/la-parola-che-torno-dalloceano\\\/#article\",\"isPartOf\":{\"@id\":\"https:\\\/\\\/www.ipiccoliquotidiano.it\\\/index.php\\\/2026\\\/09\\\/03\\\/la-parola-che-torno-dalloceano\\\/\"},\"author\":{\"name\":\"Vito Gerardo Roberto\",\"@id\":\"https:\\\/\\\/www.ipiccoliquotidiano.it\\\/#\\\/schema\\\/person\\\/7650d5e6266e72ca04929df2a5989daa\"},\"headline\":\"La parola che torn\u00f2 dall\u2019oceano\",\"datePublished\":\"2026-09-03T13:40:16+00:00\",\"dateModified\":\"2026-09-03T17:56:52+00:00\",\"mainEntityOfPage\":{\"@id\":\"https:\\\/\\\/www.ipiccoliquotidiano.it\\\/index.php\\\/2026\\\/09\\\/03\\\/la-parola-che-torno-dalloceano\\\/\"},\"wordCount\":1842,\"publisher\":{\"@id\":\"https:\\\/\\\/www.ipiccoliquotidiano.it\\\/#organization\"},\"image\":{\"@id\":\"https:\\\/\\\/www.ipiccoliquotidiano.it\\\/index.php\\\/2026\\\/09\\\/03\\\/la-parola-che-torno-dalloceano\\\/#primaryimage\"},\"thumbnailUrl\":\"https:\\\/\\\/www.ipiccoliquotidiano.it\\\/wp-content\\\/uploads\\\/2026\\\/09\\\/La-parola-che-torno-dalloceano.png\",\"keywords\":[\"Aree interne\",\"Bambini e storia\",\"Dialetti italiani\",\"Educazione civica\",\"Emigrante e immigrato\",\"Emigranti italiani\",\"Emigrazione in Argentina\",\"Emigrazione italiana\",\"Identit\u00e0 culturale\",\"Italiani in Argentina\",\"Italiani nel mondo\",\"La parola che torn\u00f2 dall\u2019oceano\",\"Memoria degli emigranti\",\"Memoria familiare\",\"Memoria storica\",\"Migrazioni italiane\",\"Origini italiane\",\"Piccoli paesi italiani\",\"racconti educativi\",\"racconti per bambini\",\"Racconti sull\u2019emigrazione\",\"Radici italiane\",\"Ritorno alle origini\",\"Storia dei nostri paesi\",\"Storia dell\u2019emigrazione\",\"storie di famiglia\",\"Tradizioni Italiane\",\"Tradizioni tramandate\",\"Turismo delle radici\"],\"articleSection\":[\"Dal Mondo\",\"In evidenza\",\"In poche parole\",\"Italia\",\"La storia siamo noi\"],\"inLanguage\":\"it-IT\"},{\"@type\":\"WebPage\",\"@id\":\"https:\\\/\\\/www.ipiccoliquotidiano.it\\\/index.php\\\/2026\\\/09\\\/03\\\/la-parola-che-torno-dalloceano\\\/\",\"url\":\"https:\\\/\\\/www.ipiccoliquotidiano.it\\\/index.php\\\/2026\\\/09\\\/03\\\/la-parola-che-torno-dalloceano\\\/\",\"name\":\"La parola che torn\u00f2 dall\u2019oceano - IPiccoliQuotidiano.it\",\"isPartOf\":{\"@id\":\"https:\\\/\\\/www.ipiccoliquotidiano.it\\\/#website\"},\"primaryImageOfPage\":{\"@id\":\"https:\\\/\\\/www.ipiccoliquotidiano.it\\\/index.php\\\/2026\\\/09\\\/03\\\/la-parola-che-torno-dalloceano\\\/#primaryimage\"},\"image\":{\"@id\":\"https:\\\/\\\/www.ipiccoliquotidiano.it\\\/index.php\\\/2026\\\/09\\\/03\\\/la-parola-che-torno-dalloceano\\\/#primaryimage\"},\"thumbnailUrl\":\"https:\\\/\\\/www.ipiccoliquotidiano.it\\\/wp-content\\\/uploads\\\/2026\\\/09\\\/La-parola-che-torno-dalloceano.png\",\"datePublished\":\"2026-09-03T13:40:16+00:00\",\"dateModified\":\"2026-09-03T17:56:52+00:00\",\"description\":\"Nelia aveva dieci anni e viveva a Camporivo, un piccolo paese costruito sul fianco di una montagna, dove le case si raccoglievano intorno alla piazza, la fontana continuava a scorrere anche nelle giornate pi\u00f9 calde e il campanile si vedeva quasi da ogni strada, come se volesse ricordare a tutti che, anche quando si va lontano, esiste sempre un luogo dal quale siamo partiti e al quale, in qualche modo, continuiamo a sentirci legati. Era la fine dell\u2019estate e il paese si stava preparando alla festa pi\u00f9 importante dell\u2019anno, quella durante la quale tornavano anche molte persone che ormai vivevano altrove, cos\u00ec le strade diventavano improvvisamente pi\u00f9 affollate, le case si riaprivano e per qualche giorno sembrava che Camporivo avesse ritrovato tutte le persone che, nel corso degli anni, aveva visto partire.\",\"breadcrumb\":{\"@id\":\"https:\\\/\\\/www.ipiccoliquotidiano.it\\\/index.php\\\/2026\\\/09\\\/03\\\/la-parola-che-torno-dalloceano\\\/#breadcrumb\"},\"inLanguage\":\"it-IT\",\"potentialAction\":[{\"@type\":\"ReadAction\",\"target\":[\"https:\\\/\\\/www.ipiccoliquotidiano.it\\\/index.php\\\/2026\\\/09\\\/03\\\/la-parola-che-torno-dalloceano\\\/\"]}]},{\"@type\":\"ImageObject\",\"inLanguage\":\"it-IT\",\"@id\":\"https:\\\/\\\/www.ipiccoliquotidiano.it\\\/index.php\\\/2026\\\/09\\\/03\\\/la-parola-che-torno-dalloceano\\\/#primaryimage\",\"url\":\"https:\\\/\\\/www.ipiccoliquotidiano.it\\\/wp-content\\\/uploads\\\/2026\\\/09\\\/La-parola-che-torno-dalloceano.png\",\"contentUrl\":\"https:\\\/\\\/www.ipiccoliquotidiano.it\\\/wp-content\\\/uploads\\\/2026\\\/09\\\/La-parola-che-torno-dalloceano.png\",\"width\":1672,\"height\":941},{\"@type\":\"BreadcrumbList\",\"@id\":\"https:\\\/\\\/www.ipiccoliquotidiano.it\\\/index.php\\\/2026\\\/09\\\/03\\\/la-parola-che-torno-dalloceano\\\/#breadcrumb\",\"itemListElement\":[{\"@type\":\"ListItem\",\"position\":1,\"name\":\"Home\",\"item\":\"https:\\\/\\\/www.ipiccoliquotidiano.it\\\/\"},{\"@type\":\"ListItem\",\"position\":2,\"name\":\"La parola che torn\u00f2 dall\u2019oceano\"}]},{\"@type\":\"WebSite\",\"@id\":\"https:\\\/\\\/www.ipiccoliquotidiano.it\\\/#website\",\"url\":\"https:\\\/\\\/www.ipiccoliquotidiano.it\\\/\",\"name\":\"IPiccoliQuotidiano.it\",\"description\":\"Il Quotidiano dei Piccoli\",\"publisher\":{\"@id\":\"https:\\\/\\\/www.ipiccoliquotidiano.it\\\/#organization\"},\"potentialAction\":[{\"@type\":\"SearchAction\",\"target\":{\"@type\":\"EntryPoint\",\"urlTemplate\":\"https:\\\/\\\/www.ipiccoliquotidiano.it\\\/?s={search_term_string}\"},\"query-input\":{\"@type\":\"PropertyValueSpecification\",\"valueRequired\":true,\"valueName\":\"search_term_string\"}}],\"inLanguage\":\"it-IT\"},{\"@type\":\"Organization\",\"@id\":\"https:\\\/\\\/www.ipiccoliquotidiano.it\\\/#organization\",\"name\":\"IPiccoliQuotidiano.it\",\"url\":\"https:\\\/\\\/www.ipiccoliquotidiano.it\\\/\",\"logo\":{\"@type\":\"ImageObject\",\"inLanguage\":\"it-IT\",\"@id\":\"https:\\\/\\\/www.ipiccoliquotidiano.it\\\/#\\\/schema\\\/logo\\\/image\\\/\",\"url\":\"https:\\\/\\\/www.ipiccoliquotidiano.it\\\/wp-content\\\/uploads\\\/2024\\\/05\\\/ipiccoli-logo.jpg\",\"contentUrl\":\"https:\\\/\\\/www.ipiccoliquotidiano.it\\\/wp-content\\\/uploads\\\/2024\\\/05\\\/ipiccoli-logo.jpg\",\"width\":300,\"height\":129,\"caption\":\"IPiccoliQuotidiano.it\"},\"image\":{\"@id\":\"https:\\\/\\\/www.ipiccoliquotidiano.it\\\/#\\\/schema\\\/logo\\\/image\\\/\"},\"sameAs\":[\"https:\\\/\\\/www.facebook.com\\\/ipiccoliquotidiano\"]},{\"@type\":\"Person\",\"@id\":\"https:\\\/\\\/www.ipiccoliquotidiano.it\\\/#\\\/schema\\\/person\\\/7650d5e6266e72ca04929df2a5989daa\",\"name\":\"Vito Gerardo Roberto\",\"sameAs\":[\"https:\\\/\\\/www.robertovitogerardo.it\"],\"url\":\"https:\\\/\\\/www.ipiccoliquotidiano.it\\\/index.php\\\/author\\\/vito-roberto\\\/\"}]}<\/script>\n<!-- \/ Yoast SEO plugin. -->","yoast_head_json":{"title":"La parola che torn\u00f2 dall\u2019oceano - IPiccoliQuotidiano.it","description":"Nelia aveva dieci anni e viveva a Camporivo, un piccolo paese costruito sul fianco di una montagna, dove le case si raccoglievano intorno alla piazza, la fontana continuava a scorrere anche nelle giornate pi\u00f9 calde e il campanile si vedeva quasi da ogni strada, come se volesse ricordare a tutti che, anche quando si va lontano, esiste sempre un luogo dal quale siamo partiti e al quale, in qualche modo, continuiamo a sentirci legati. Era la fine dell\u2019estate e il paese si stava preparando alla festa pi\u00f9 importante dell\u2019anno, quella durante la quale tornavano anche molte persone che ormai vivevano altrove, cos\u00ec le strade diventavano improvvisamente pi\u00f9 affollate, le case si riaprivano e per qualche giorno sembrava che Camporivo avesse ritrovato tutte le persone che, nel corso degli anni, aveva visto partire.","robots":{"index":"index","follow":"follow","max-snippet":"max-snippet:-1","max-image-preview":"max-image-preview:large","max-video-preview":"max-video-preview:-1"},"canonical":"https:\/\/www.ipiccoliquotidiano.it\/index.php\/2026\/09\/03\/la-parola-che-torno-dalloceano\/","og_locale":"it_IT","og_type":"article","og_title":"La parola che torn\u00f2 dall\u2019oceano - IPiccoliQuotidiano.it","og_description":"Nelia aveva dieci anni e viveva a Camporivo, un piccolo paese costruito sul fianco di una montagna, dove le case si raccoglievano intorno alla piazza, la fontana continuava a scorrere anche nelle giornate pi\u00f9 calde e il campanile si vedeva quasi da ogni strada, come se volesse ricordare a tutti che, anche quando si va lontano, esiste sempre un luogo dal quale siamo partiti e al quale, in qualche modo, continuiamo a sentirci legati. Era la fine dell\u2019estate e il paese si stava preparando alla festa pi\u00f9 importante dell\u2019anno, quella durante la quale tornavano anche molte persone che ormai vivevano altrove, cos\u00ec le strade diventavano improvvisamente pi\u00f9 affollate, le case si riaprivano e per qualche giorno sembrava che Camporivo avesse ritrovato tutte le persone che, nel corso degli anni, aveva visto partire.","og_url":"https:\/\/www.ipiccoliquotidiano.it\/index.php\/2026\/09\/03\/la-parola-che-torno-dalloceano\/","og_site_name":"IPiccoliQuotidiano.it","article_publisher":"https:\/\/www.facebook.com\/ipiccoliquotidiano","article_published_time":"2026-09-03T13:40:16+00:00","article_modified_time":"2026-09-03T17:56:52+00:00","og_image":[{"width":1024,"height":576,"url":"https:\/\/www.ipiccoliquotidiano.it\/wp-content\/uploads\/2026\/09\/La-parola-che-torno-dalloceano-1024x576.png","type":"image\/png"}],"author":"Vito Gerardo Roberto","twitter_card":"summary_large_image","twitter_misc":{"Scritto da":"Vito Gerardo Roberto","Tempo di lettura stimato":"10 minuti"},"schema":{"@context":"https:\/\/schema.org","@graph":[{"@type":"Article","@id":"https:\/\/www.ipiccoliquotidiano.it\/index.php\/2026\/09\/03\/la-parola-che-torno-dalloceano\/#article","isPartOf":{"@id":"https:\/\/www.ipiccoliquotidiano.it\/index.php\/2026\/09\/03\/la-parola-che-torno-dalloceano\/"},"author":{"name":"Vito Gerardo Roberto","@id":"https:\/\/www.ipiccoliquotidiano.it\/#\/schema\/person\/7650d5e6266e72ca04929df2a5989daa"},"headline":"La parola che torn\u00f2 dall\u2019oceano","datePublished":"2026-09-03T13:40:16+00:00","dateModified":"2026-09-03T17:56:52+00:00","mainEntityOfPage":{"@id":"https:\/\/www.ipiccoliquotidiano.it\/index.php\/2026\/09\/03\/la-parola-che-torno-dalloceano\/"},"wordCount":1842,"publisher":{"@id":"https:\/\/www.ipiccoliquotidiano.it\/#organization"},"image":{"@id":"https:\/\/www.ipiccoliquotidiano.it\/index.php\/2026\/09\/03\/la-parola-che-torno-dalloceano\/#primaryimage"},"thumbnailUrl":"https:\/\/www.ipiccoliquotidiano.it\/wp-content\/uploads\/2026\/09\/La-parola-che-torno-dalloceano.png","keywords":["Aree interne","Bambini e storia","Dialetti italiani","Educazione civica","Emigrante e immigrato","Emigranti italiani","Emigrazione in Argentina","Emigrazione italiana","Identit\u00e0 culturale","Italiani in Argentina","Italiani nel mondo","La parola che torn\u00f2 dall\u2019oceano","Memoria degli emigranti","Memoria familiare","Memoria storica","Migrazioni italiane","Origini italiane","Piccoli paesi italiani","racconti educativi","racconti per bambini","Racconti sull\u2019emigrazione","Radici italiane","Ritorno alle origini","Storia dei nostri paesi","Storia dell\u2019emigrazione","storie di famiglia","Tradizioni Italiane","Tradizioni tramandate","Turismo delle radici"],"articleSection":["Dal Mondo","In evidenza","In poche parole","Italia","La storia siamo noi"],"inLanguage":"it-IT"},{"@type":"WebPage","@id":"https:\/\/www.ipiccoliquotidiano.it\/index.php\/2026\/09\/03\/la-parola-che-torno-dalloceano\/","url":"https:\/\/www.ipiccoliquotidiano.it\/index.php\/2026\/09\/03\/la-parola-che-torno-dalloceano\/","name":"La parola che torn\u00f2 dall\u2019oceano - IPiccoliQuotidiano.it","isPartOf":{"@id":"https:\/\/www.ipiccoliquotidiano.it\/#website"},"primaryImageOfPage":{"@id":"https:\/\/www.ipiccoliquotidiano.it\/index.php\/2026\/09\/03\/la-parola-che-torno-dalloceano\/#primaryimage"},"image":{"@id":"https:\/\/www.ipiccoliquotidiano.it\/index.php\/2026\/09\/03\/la-parola-che-torno-dalloceano\/#primaryimage"},"thumbnailUrl":"https:\/\/www.ipiccoliquotidiano.it\/wp-content\/uploads\/2026\/09\/La-parola-che-torno-dalloceano.png","datePublished":"2026-09-03T13:40:16+00:00","dateModified":"2026-09-03T17:56:52+00:00","description":"Nelia aveva dieci anni e viveva a Camporivo, un piccolo paese costruito sul fianco di una montagna, dove le case si raccoglievano intorno alla piazza, la fontana continuava a scorrere anche nelle giornate pi\u00f9 calde e il campanile si vedeva quasi da ogni strada, come se volesse ricordare a tutti che, anche quando si va lontano, esiste sempre un luogo dal quale siamo partiti e al quale, in qualche modo, continuiamo a sentirci legati. Era la fine dell\u2019estate e il paese si stava preparando alla festa pi\u00f9 importante dell\u2019anno, quella durante la quale tornavano anche molte persone che ormai vivevano altrove, cos\u00ec le strade diventavano improvvisamente pi\u00f9 affollate, le case si riaprivano e per qualche giorno sembrava che Camporivo avesse ritrovato tutte le persone che, nel corso degli anni, aveva visto partire.","breadcrumb":{"@id":"https:\/\/www.ipiccoliquotidiano.it\/index.php\/2026\/09\/03\/la-parola-che-torno-dalloceano\/#breadcrumb"},"inLanguage":"it-IT","potentialAction":[{"@type":"ReadAction","target":["https:\/\/www.ipiccoliquotidiano.it\/index.php\/2026\/09\/03\/la-parola-che-torno-dalloceano\/"]}]},{"@type":"ImageObject","inLanguage":"it-IT","@id":"https:\/\/www.ipiccoliquotidiano.it\/index.php\/2026\/09\/03\/la-parola-che-torno-dalloceano\/#primaryimage","url":"https:\/\/www.ipiccoliquotidiano.it\/wp-content\/uploads\/2026\/09\/La-parola-che-torno-dalloceano.png","contentUrl":"https:\/\/www.ipiccoliquotidiano.it\/wp-content\/uploads\/2026\/09\/La-parola-che-torno-dalloceano.png","width":1672,"height":941},{"@type":"BreadcrumbList","@id":"https:\/\/www.ipiccoliquotidiano.it\/index.php\/2026\/09\/03\/la-parola-che-torno-dalloceano\/#breadcrumb","itemListElement":[{"@type":"ListItem","position":1,"name":"Home","item":"https:\/\/www.ipiccoliquotidiano.it\/"},{"@type":"ListItem","position":2,"name":"La parola che torn\u00f2 dall\u2019oceano"}]},{"@type":"WebSite","@id":"https:\/\/www.ipiccoliquotidiano.it\/#website","url":"https:\/\/www.ipiccoliquotidiano.it\/","name":"IPiccoliQuotidiano.it","description":"Il Quotidiano dei Piccoli","publisher":{"@id":"https:\/\/www.ipiccoliquotidiano.it\/#organization"},"potentialAction":[{"@type":"SearchAction","target":{"@type":"EntryPoint","urlTemplate":"https:\/\/www.ipiccoliquotidiano.it\/?s={search_term_string}"},"query-input":{"@type":"PropertyValueSpecification","valueRequired":true,"valueName":"search_term_string"}}],"inLanguage":"it-IT"},{"@type":"Organization","@id":"https:\/\/www.ipiccoliquotidiano.it\/#organization","name":"IPiccoliQuotidiano.it","url":"https:\/\/www.ipiccoliquotidiano.it\/","logo":{"@type":"ImageObject","inLanguage":"it-IT","@id":"https:\/\/www.ipiccoliquotidiano.it\/#\/schema\/logo\/image\/","url":"https:\/\/www.ipiccoliquotidiano.it\/wp-content\/uploads\/2024\/05\/ipiccoli-logo.jpg","contentUrl":"https:\/\/www.ipiccoliquotidiano.it\/wp-content\/uploads\/2024\/05\/ipiccoli-logo.jpg","width":300,"height":129,"caption":"IPiccoliQuotidiano.it"},"image":{"@id":"https:\/\/www.ipiccoliquotidiano.it\/#\/schema\/logo\/image\/"},"sameAs":["https:\/\/www.facebook.com\/ipiccoliquotidiano"]},{"@type":"Person","@id":"https:\/\/www.ipiccoliquotidiano.it\/#\/schema\/person\/7650d5e6266e72ca04929df2a5989daa","name":"Vito Gerardo Roberto","sameAs":["https:\/\/www.robertovitogerardo.it"],"url":"https:\/\/www.ipiccoliquotidiano.it\/index.php\/author\/vito-roberto\/"}]}},"_links":{"self":[{"href":"https:\/\/www.ipiccoliquotidiano.it\/index.php\/wp-json\/wp\/v2\/posts\/32419","targetHints":{"allow":["GET"]}}],"collection":[{"href":"https:\/\/www.ipiccoliquotidiano.it\/index.php\/wp-json\/wp\/v2\/posts"}],"about":[{"href":"https:\/\/www.ipiccoliquotidiano.it\/index.php\/wp-json\/wp\/v2\/types\/post"}],"author":[{"embeddable":true,"href":"https:\/\/www.ipiccoliquotidiano.it\/index.php\/wp-json\/wp\/v2\/users\/50"}],"replies":[{"embeddable":true,"href":"https:\/\/www.ipiccoliquotidiano.it\/index.php\/wp-json\/wp\/v2\/comments?post=32419"}],"version-history":[{"count":10,"href":"https:\/\/www.ipiccoliquotidiano.it\/index.php\/wp-json\/wp\/v2\/posts\/32419\/revisions"}],"predecessor-version":[{"id":32430,"href":"https:\/\/www.ipiccoliquotidiano.it\/index.php\/wp-json\/wp\/v2\/posts\/32419\/revisions\/32430"}],"wp:featuredmedia":[{"embeddable":true,"href":"https:\/\/www.ipiccoliquotidiano.it\/index.php\/wp-json\/wp\/v2\/media\/32421"}],"wp:attachment":[{"href":"https:\/\/www.ipiccoliquotidiano.it\/index.php\/wp-json\/wp\/v2\/media?parent=32419"}],"wp:term":[{"taxonomy":"category","embeddable":true,"href":"https:\/\/www.ipiccoliquotidiano.it\/index.php\/wp-json\/wp\/v2\/categories?post=32419"},{"taxonomy":"post_tag","embeddable":true,"href":"https:\/\/www.ipiccoliquotidiano.it\/index.php\/wp-json\/wp\/v2\/tags?post=32419"}],"curies":[{"name":"wp","href":"https:\/\/api.w.org\/{rel}","templated":true}]}}