{"id":32101,"date":"2026-07-22T16:38:49","date_gmt":"2026-07-22T14:38:49","guid":{"rendered":"https:\/\/www.ipiccoliquotidiano.it\/?p=32101"},"modified":"2026-07-25T10:20:11","modified_gmt":"2026-07-25T08:20:11","slug":"il-paese-dove-i-bambini-seminarono-il-futuro","status":"publish","type":"post","link":"https:\/\/www.ipiccoliquotidiano.it\/index.php\/2026\/07\/22\/il-paese-dove-i-bambini-seminarono-il-futuro\/","title":{"rendered":"IL PAESE DOVE I BAMBINI SEMINARONO IL FUTURO"},"content":{"rendered":"\t\t<div data-elementor-type=\"wp-post\" data-elementor-id=\"32101\" class=\"elementor elementor-32101\">\n\t\t\t\t\t\t<section class=\"elementor-section elementor-top-section elementor-element elementor-element-610a247d elementor-section-boxed elementor-section-height-default elementor-section-height-default\" data-id=\"610a247d\" data-element_type=\"section\" data-e-type=\"section\">\n\t\t\t\t\t\t<div class=\"elementor-container elementor-column-gap-default\">\n\t\t\t\t\t<div class=\"elementor-column elementor-col-100 elementor-top-column elementor-element elementor-element-91c3d1d\" data-id=\"91c3d1d\" data-element_type=\"column\" data-e-type=\"column\">\n\t\t\t<div class=\"elementor-widget-wrap elementor-element-populated\">\n\t\t\t\t\t\t<div class=\"elementor-element elementor-element-3292f5aa elementor-widget elementor-widget-text-editor\" data-id=\"3292f5aa\" data-element_type=\"widget\" data-e-type=\"widget\" data-widget_type=\"text-editor.default\">\n\t\t\t\t<div class=\"elementor-widget-container\">\n\t\t\t\t\t\t\t\t\t<p style=\"text-align: justify\"><span style=\"color: #000000\">C\u2019era una volta un piccolo paese chiamato <strong>Terrabuona<\/strong>, costruito sulla cima di una collina e circondato da uliveti, vigne, orti, frutteti, pascoli e grandi campi che, soprattutto durante la primavera, si riempivano di colori e profumi cos\u00ec intensi da sembrare, osservati da lontano, un enorme tappeto ricamato dalla natura, mentre lungo i sentieri di campagna pascolavano greggi di pecore e capre, il cui latte veniva trasformato nei piccoli caseifici locali in formaggi freschi e stagionati, conosciuti per il loro sapore particolare e molto apprezzati da chi aveva avuto la fortuna di assaggiarli.<\/span><\/p><p style=\"text-align: justify\"><span style=\"color: #000000\">Nel cuore del paese sorgeva un bellissimo centro storico, fatto di case antiche di pietra, archi, portoni di legno consumati dal tempo, vicoli stretti e una grande piazza con una fontana, dove ogni anno arrivavano migliaia di visitatori desiderosi di passeggiare tra quelle stradine, conoscere la storia del luogo, fotografarne gli angoli pi\u00f9 suggestivi e ammirare il meraviglioso panorama che si apriva sulle campagne, sugli uliveti, sulle vigne e sulle colline circostanti.<\/span><\/p><p style=\"text-align: justify\"><span style=\"color: #000000\">Terrabuona sembrava quindi possedere tutto ci\u00f2 che avrebbe potuto rendere prospera una comunit\u00e0, perch\u00e9 dalla sua terra nascevano ortaggi, frutta, legumi e cereali, dagli uliveti si ricavava un ottimo olio extravergine d\u2019oliva, dalle vigne nasceva il vino, dagli allevamenti arrivava il latte utilizzato dai piccoli caseifici per produrre formaggi di pecora e di capra molto apprezzati, mentre altre famiglie si dedicavano al miele, alle conserve e a tante specialit\u00e0 legate alle tradizioni locali, capaci di raccontare attraverso i sapori la storia e l\u2019identit\u00e0 di quel territorio.<\/span><\/p><p style=\"text-align: justify\"><span style=\"color: #000000\">Eppure, nonostante tutte quelle ricchezze e nonostante i tanti turisti che ogni anno attraversavano il centro storico, accadeva qualcosa che i bambini della scuola primaria facevano sempre pi\u00f9 fatica a comprendere, perch\u00e9 molti giovani continuavano ad andare via non riuscendo a trovare un lavoro che permettesse loro di costruire il proprio futuro rimanendo nel paese in cui erano cresciuti.<\/span><\/p><p style=\"text-align: justify\"><span style=\"color: #000000\">Ogni anno qualcuno lasciava Terrabuona per cercare opportunit\u00e0 altrove, mentre alcune case rimanevano vuote, molti terreni venivano coltivati sempre meno, qualche uliveto non riceveva pi\u00f9 le cure necessarie, alcune vigne rischiavano lentamente di scomparire e perfino gli allevatori e i piccoli produttori cominciavano ad avere difficolt\u00e0 a trovare persone giovani disposte a continuare attivit\u00e0 che per generazioni avevano rappresentato una parte importante della vita e dell\u2019economia del paese.<\/span><\/p><p style=\"text-align: justify\"><span style=\"color: #000000\">Tra i bambini della scuola c\u2019era <strong>Livia<\/strong>, una bambina curiosa che faceva domande su qualsiasi cosa e che aveva un fratello maggiore, Matteo, al quale voleva moltissimo bene.<\/span><\/p><p style=\"text-align: justify\"><span style=\"color: #000000\">Matteo conosceva la campagna, sapeva potare gli ulivi, lavorare nella vigna, raccogliere le olive e coltivare gli ortaggi, perch\u00e9 aveva imparato molte di quelle cose dal padre e dal nonno, ma ormai da diversi mesi ripeteva che probabilmente sarebbe andato a cercare lavoro lontano, perch\u00e9 non riusciva a immaginare come trasformare quelle conoscenze in un\u2019attivit\u00e0 capace di garantirgli un futuro.<\/span><\/p><p style=\"text-align: justify\"><span style=\"color: #000000\">Una sera, mentre tutta la famiglia era riunita a tavola, Livia vide Matteo osservare sul telefono alcune offerte di lavoro pubblicate da aziende di altre citt\u00e0 e, incuriosita e nello stesso tempo preoccupata, gli domand\u00f2 perch\u00e9 stesse cercando cos\u00ec lontano.<\/span><\/p><p style=\"text-align: justify\"><span style=\"color: #000000\">Matteo rimase qualche secondo in silenzio, poi le spieg\u00f2 che aveva bisogno di trovare un lavoro e che nel paese non vedeva molte possibilit\u00e0.<\/span><\/p><p style=\"text-align: justify\"><span style=\"color: #000000\">Livia si volt\u00f2 verso la finestra, oltre la quale si vedevano gli ulivi, la vigna e una parte dei terreni della famiglia, e gli chiese come fosse possibile che, con tutta quella terra intorno, non ci fosse niente da fare.<\/span><\/p><p style=\"text-align: justify\"><span style=\"color: #000000\">Matteo sorrise, poi guard\u00f2 sua sorella e le spieg\u00f2 che possedere la terra non era sufficiente, perch\u00e9 bisognava riuscire a coltivarla bene, organizzare la produzione, valorizzare ci\u00f2 che si realizzava, trovare mercati nei quali venderlo e trasformare tutte quelle ricchezze in attivit\u00e0 capaci di garantire un reddito dignitoso.<\/span><\/p><p style=\"text-align: justify\"><span style=\"color: #000000\">Quella frase rimase nella mente della bambina per tutta la notte e il mattino seguente, quando arriv\u00f2 a scuola, Livia era pi\u00f9 silenziosa del solito, tanto che la maestra Anita, accorgendosene, le chiese che cosa fosse successo.<\/span><\/p><p style=\"text-align: justify\"><span style=\"color: #000000\">La bambina raccont\u00f2 che suo fratello pensava di andare via per cercare lavoro e, quasi immediatamente, anche gli altri compagni cominciarono a raccontare storie simili, perch\u00e9 molti di loro avevano uno zio, una sorella, un cugino o un vicino di casa che aveva lasciato Terrabuona per trovare altrove quelle opportunit\u00e0 che nel paese sembravano sempre pi\u00f9 difficili da costruire.<\/span><\/p><p style=\"text-align: justify\"><span style=\"color: #000000\">La maestra Anita ascolt\u00f2 con attenzione, poi prese un gessetto e scrisse sulla lavagna una domanda che lasci\u00f2 tutti pensierosi: <strong>&#8220;<\/strong><\/span><span style=\"color: #000000\"><strong>PERCH\u00c9 UN PAESE PIENO DI RICCHEZZE PU\u00d2 DIVENTARE POVERO DI OPPORTUNIT\u00c0?&#8221;<\/strong><\/span><\/p><p style=\"text-align: justify\"><span style=\"color: #000000\">Per qualche minuto nessuno parl\u00f2, finch\u00e9 Gabriele alz\u00f2 lentamente la mano e disse che forse il problema non era la mancanza di ricchezze, ma il fatto che nessuno riuscisse davvero a collegarle e a trasformarle in occasioni di lavoro.<\/span><\/p><p style=\"text-align: justify\"><span style=\"color: #000000\">La maestra non rispose immediatamente, perch\u00e9 cap\u00ec che quella frase poteva diventare l\u2019inizio di una grande ricerca, cos\u00ec propose ai bambini di osservare il paese con occhi diversi, cercando di capire che cosa possedesse veramente Terrabuona e che cosa accadesse alle tante risorse presenti nel territorio.<\/span><\/p><p style=\"text-align: justify\"><span style=\"color: #000000\">Nei giorni successivi la classe cominci\u00f2 quindi a esplorare le campagne e i bambini si accorsero che, accanto a campi ancora ben coltivati, ce n\u2019erano molti altri utilizzati sempre meno, dove vecchi alberi di fichi, ciliegi, peri e meli continuavano ostinatamente a produrre frutti che spesso nessuno raccoglieva, mentre alcune vigne e alcuni uliveti avrebbero avuto bisogno di nuove mani capaci di prendersene cura.<\/span><\/p><p style=\"text-align: justify\"><span style=\"color: #000000\">Durante una delle loro passeggiate incontrarono anche un pastore che conduceva lungo un sentiero un piccolo gregge di pecore e capre e scoprirono che ogni mattina il latte degli animali veniva portato nei caseifici della zona, dove mani esperte lo trasformavano in formaggi dal profumo intenso e dal sapore particolare.<\/span><\/p><p style=\"text-align: justify\"><span style=\"color: #000000\">Tommaso raccont\u00f2 che quei formaggi gli piacevano moltissimo e Livia, che ormai aveva cominciato a osservare ogni cosa con maggiore attenzione, domand\u00f2 al pastore perch\u00e9 prodotti cos\u00ec buoni non fossero conosciuti da tutte le persone che arrivavano nel paese.<\/span><\/p><p style=\"text-align: justify\"><span style=\"color: #000000\">L\u2019uomo sorrise e le spieg\u00f2 che produrre qualcosa di buono era soltanto una parte del lavoro, perch\u00e9 bisognava anche riuscire a farlo conoscere, raccontarlo, portarlo nei luoghi giusti e venderlo.<\/span><\/p><p style=\"text-align: justify\"><span style=\"color: #000000\">Quella risposta sembrava assomigliare molto a ci\u00f2 che Matteo aveva detto parlando della terra.<\/span><\/p><p style=\"text-align: justify\"><span style=\"color: #000000\">Qualche giorno dopo, la maestra accompagn\u00f2 i bambini nel centro storico proprio durante una mattina particolarmente affollata, quando numerosi visitatori passeggiavano tra i vicoli, scattavano fotografie, ascoltavano le storie del paese e si fermavano ad ammirare il panorama.<\/span><\/p><p style=\"text-align: justify\"><span style=\"color: #000000\">Livia cominci\u00f2 a osservare attentamente ci\u00f2 che facevano e si accorse che molti, dopo alcune ore, risalivano sugli autobus o sulle automobili e ripartivano senza aver acquistato quasi nulla, cos\u00ec, con il permesso della maestra, si avvicin\u00f2 ad alcuni visitatori e chiese loro che cosa avessero comprato durante la giornata.<\/span><\/p><p style=\"text-align: justify\"><span style=\"color: #000000\">Una signora rispose sorridendo che non aveva acquistato nulla e che avrebbe portato a casa soprattutto tante fotografie, mentre un altro visitatore spieg\u00f2 che gli sarebbe piaciuto comprare una bottiglia di buon olio extravergine d\u2019oliva, del vino prodotto nelle vigne locali, miele, frutta, ortaggi e alcuni formaggi di pecora e di capra di cui aveva sentito parlare, ma non sapeva dove trovare facilmente tutti quei prodotti n\u00e9 chi potesse raccontargli da dove provenissero.<\/span><\/p><p style=\"text-align: justify\">I bambini si guardarono stupiti, perch\u00e9 avevano appena scoperto un paradosso che fino a quel momento nessuno di loro aveva notato con tanta chiarezza: intorno a Terrabuona esistevano prodotti di qualit\u00e0 che avevano bisogno di essere conosciuti e venduti, mentre nello stesso tempo migliaia di persone arrivavano ogni anno desiderose di scoprire il territorio, ma spesso ripartivano senza aver avuto la possibilit\u00e0 di conoscere davvero i suoi sapori e le persone che li producevano.<\/p><p style=\"text-align: justify\"><span style=\"color: #000000\">Tornati in classe, la maestra Anita scrisse sulla lavagna alcune parole che fino a quel momento sembravano appartenere a mondi diversi, parlando di terra, prodotti locali, visitatori e giovani, poi chiese ai bambini se, secondo loro, fosse possibile trovare un modo per collegare tutte quelle realt\u00e0.<\/span><\/p><p style=\"text-align: justify\"><span style=\"color: #000000\">Livia si alz\u00f2, prese il gessetto e tracci\u00f2 una grande linea che univa ogni parola, spiegando che forse il problema di Terrabuona non era soltanto ci\u00f2 che mancava, ma anche il fatto che quello che gi\u00e0 esisteva non fosse ancora abbastanza collegato e organizzato.<\/span><\/p><p style=\"text-align: justify\"><span style=\"color: #000000\">Da quel momento le idee cominciarono a nascere una dopo l\u2019altra, perch\u00e9 i bambini immaginarono di recuperare gradualmente alcuni terreni poco utilizzati, coltivare ortaggi, frutta e legumi puntando sulla qualit\u00e0 e sul rispetto della natura, valorizzare maggiormente l\u2019olio extravergine d\u2019oliva prodotto dagli uliveti, far conoscere il vino delle vigne locali, sostenere il lavoro degli allevatori e dei piccoli caseifici che trasformavano il latte di pecora e di capra in formaggi molto apprezzati e dare maggiore visibilit\u00e0 anche al miele, alle conserve e alle altre produzioni capaci di raccontare la storia del territorio.<\/span><\/p><p style=\"text-align: justify\">La maestra spieg\u00f2 che alcune aziende, qualora avessero deciso di fare questa scelta, rispettando tutte le regole previste, avrebbero potuto anche orientarsi verso forme di agricoltura biologica certificata, puntando sulla qualit\u00e0 dei prodotti e, nello stesso tempo, sulla tutela del suolo, dell\u2019acqua, della biodiversit\u00e0 e dell\u2019ambiente.<\/p><p style=\"text-align: justify\"><span style=\"color: #000000\">Ben presto, per\u00f2, i bambini capirono che tutte quelle idee non potevano rimanere chiuse tra le pareti della loro aula e che, soprattutto, non potevano essere realizzate da loro da soli, cos\u00ec decisero di parlarne con i propri genitori.<\/span><\/p><p style=\"text-align: justify\"><span style=\"color: #000000\">Fu proprio allora che qualcosa cominci\u00f2 davvero a cambiare.<\/span><\/p><p style=\"text-align: justify\"><span style=\"color: #000000\">Durante le cene, nelle cucine, nei cortili, nelle botteghe e nelle campagne, i bambini raccontarono ai genitori ci\u00f2 che avevano scoperto e iniziarono a fare domande che molti adulti non si ponevano pi\u00f9 da tempo, chiedendo perch\u00e9 un paese ricco di prodotti, tradizioni e visitatori non riuscisse a trasformare meglio quelle risorse in opportunit\u00e0 per chi desiderava restare.<\/span><\/p><p style=\"text-align: justify\"><span style=\"color: #000000\">Livia ne parl\u00f2 a lungo con i suoi genitori e con Matteo, mentre gli altri bambini coinvolsero le proprie famiglie, alcune delle quali conoscevano agricoltori, allevatori, viticoltori, produttori di olio, piccoli caseifici e persone che possedevano terreni ormai poco utilizzati, e proprio da quelle conversazioni nacque lentamente l\u2019idea di provare a costruire qualcosa insieme.<\/span><\/p><p style=\"text-align: justify\"><span style=\"color: #000000\">Bambini e genitori pensarono innanzitutto alla possibilit\u00e0 di organizzare <strong>un mercato settimanale dedicato ai prodotti locali, alla filiera corta e, quando ne ricorrevano le condizioni previste, anche ai prodotti a chilometro zero<\/strong>, scegliendo una giornata nella quale agricoltori, allevatori e piccoli produttori potessero incontrare sia gli abitanti sia i numerosi visitatori che frequentavano il centro storico.<\/span><\/p><p style=\"text-align: justify\"><span style=\"color: #000000\">Immaginarono cos\u00ec una piazza viva, piena di profumi, colori e persone, nella quale trovare frutta e ortaggi di stagione, olio extravergine d\u2019oliva, vino locale, miele, legumi, farine, conserve e, negli spazi organizzati nel rispetto delle norme necessarie, anche i formaggi freschi e stagionati prodotti dai piccoli caseifici con il latte delle pecore e delle capre allevate nelle campagne circostanti.<\/span><\/p><p style=\"text-align: justify\"><span style=\"color: #000000\">Non doveva essere soltanto un luogo nel quale acquistare qualcosa, perch\u00e9 i bambini immaginavano un mercato capace anche di raccontare il territorio, in modo che chi comprava una bottiglia di olio potesse conoscere gli uliveti dai quali proveniva, chi sceglieva il vino scoprisse le vigne nelle quali era nata l\u2019uva, chi acquistava un formaggio comprendesse il lavoro degli allevatori e dei piccoli caseifici e chi portava a casa un vasetto di miele o una confezione di legumi potesse conoscere le persone, le tradizioni e i luoghi legati a quei prodotti.<\/span><\/p><p style=\"text-align: justify\"><span style=\"color: #000000\">Durante una riunione con i genitori, per\u00f2, Gabriele fece una domanda che obblig\u00f2 tutti a ragionare ancora pi\u00f9 in profondit\u00e0, perch\u00e9 chiese dove sarebbero stati venduti i prodotti nei periodi in cui i visitatori erano meno numerosi.<\/span><\/p><p style=\"text-align: justify\"><span style=\"color: #000000\">Fu allora che bambini e genitori compresero che, per costruire qualcosa capace di durare nel tempo, non era sufficiente aspettare che le persone arrivassero a Terrabuona, ma bisognava anche trovare il modo di raggiungere altri luoghi e nuovi compratori.<\/span><\/p><p style=\"text-align: justify\"><span style=\"color: #000000\">Nacque cos\u00ec la proposta di creare una <strong>cooperativa<\/strong>, attraverso la quale agricoltori, allevatori, piccoli caseifici, produttori di olio e vino e altre persone interessate avrebbero potuto collaborare, mantenendo ciascuno la propria attivit\u00e0 ma mettendo insieme alcune forze per organizzare meglio la promozione, il trasporto, la vendita e la partecipazione ai mercati.<\/span><\/p><p style=\"text-align: justify\"><span style=\"color: #000000\">Grazie alla cooperativa, i prodotti avrebbero potuto essere venduti durante il mercato settimanale nel centro storico e, nello stesso tempo, raggiungere anche <strong>i mercati dei paesi vicini<\/strong>, dove un piccolo furgone avrebbe portato olio extravergine d\u2019oliva, vino, formaggi di pecora e di capra, miele, frutta, ortaggi, legumi e altre specialit\u00e0 locali, permettendo a Terrabuona di farsi conoscere anche da persone che forse non avevano mai visitato il paese.<\/span><\/p><p style=\"text-align: justify\"><span style=\"color: #000000\">Livia cap\u00ec immediatamente la forza di quell\u2019idea e disse ai genitori che, in questo modo, non avrebbero pi\u00f9 dovuto aspettare soltanto che fossero gli altri a venire da loro, perch\u00e9 sarebbero stati anche i prodotti di Terrabuona a viaggiare e a raccontare il paese fuori dai suoi confini.<\/span><\/p><p style=\"text-align: justify\"><span style=\"color: #000000\">Tommaso immagin\u00f2 che qualcuno, dopo aver assaggiato un formaggio in un mercato vicino, avrebbe potuto desiderare di conoscere il caseificio nel quale era stato prodotto, Viola pens\u00f2 che chi avesse apprezzato l\u2019olio sarebbe potuto diventare curioso di vedere gli uliveti e Gabriele osserv\u00f2 che una bottiglia di vino poteva diventare un invito a scoprire le vigne, il paesaggio e la storia del territorio.<\/span><\/p><p style=\"text-align: justify\"><span style=\"color: #000000\">La maestra Anita sorrise, perch\u00e9 i bambini, insieme ai loro genitori, avevano compreso qualcosa di molto importante: <strong>un prodotto locale non \u00e8 soltanto qualcosa da mangiare o da bere, ma pu\u00f2 diventare anche un racconto capace di far conoscere un luogo, il suo paesaggio, le sue tradizioni e le persone che vi lavorano<\/strong>.<\/span><\/p><p style=\"text-align: justify\"><span style=\"color: #000000\">Per presentare le loro idee alla comunit\u00e0, i bambini prepararono con l\u2019aiuto dei genitori un grande plastico di Terrabuona, usando cartone, colori, sassolini, rametti e piccoli pezzi di legno, con il quale ricostruirono il centro storico, gli uliveti, le vigne, i campi, i pascoli, i caseifici, la piazza destinata al mercato e persino un piccolo furgone che avrebbe rappresentato la cooperativa in viaggio verso i paesi vicini.<\/span><\/p><p style=\"text-align: justify\"><span style=\"color: #000000\">Quando il progetto venne presentato alla comunit\u00e0, nella sala arrivarono agricoltori, allevatori, produttori, genitori, giovani e anziani, e tra loro c\u2019era anche Matteo.<\/span><\/p><p style=\"text-align: justify\"><span style=\"color: #000000\">Livia si mise accanto ai suoi genitori davanti al plastico e spieg\u00f2 che Terrabuona possedeva terreni che potevano essere coltivati meglio, uliveti capaci di produrre un ottimo olio, vigne dalle quali nasceva il vino, pecore e capre il cui latte veniva trasformato dai piccoli caseifici in formaggi molto apprezzati, prodotti agricoli di qualit\u00e0, giovani che cercavano lavoro e migliaia di persone che ogni anno visitavano il centro storico, ma che tutte quelle ricchezze, se rimanevano separate, non riuscivano a esprimere fino in fondo il loro valore.<\/span><\/p><p style=\"text-align: justify\"><span style=\"color: #000000\">Il padre di Tommaso osserv\u00f2 che forse era necessario mettere in rete persone e attivit\u00e0, mentre la madre di Viola spieg\u00f2 che bisognava creare pi\u00f9 occasioni per far conoscere e vendere i prodotti e il padre di Livia aggiunse che, se pi\u00f9 persone avessero deciso di collaborare seriamente, sarebbe stato pi\u00f9 facile provare a costruire qualcosa di duraturo.<\/span><\/p><p style=\"text-align: justify\"><span style=\"color: #000000\">Un anziano agricoltore ascolt\u00f2 tutto con attenzione e poi domand\u00f2 se davvero credessero che fosse cos\u00ec semplice.<\/span><\/p><p style=\"text-align: justify\"><span style=\"color: #000000\">Livia scosse la testa e gli rispose che nessuno pensava che fosse facile, perch\u00e9 servivano organizzazione, competenze, rispetto delle regole, qualit\u00e0 e soprattutto la volont\u00e0 di collaborare, ma aggiunse che una cosa difficile non doveva essere considerata automaticamente impossibile.<\/span><\/p><p style=\"text-align: justify\"><span style=\"color: #000000\">Quelle parole fecero riflettere molte persone e, nei mesi successivi, qualcosa cominci\u00f2 davvero a muoversi, perch\u00e9 alcuni proprietari di terreni poco utilizzati iniziarono a confrontarsi con giovani interessati all\u2019agricoltura, gli agricoltori pi\u00f9 anziani si mostrarono disponibili a trasmettere le proprie conoscenze, gli allevatori iniziarono a collaborare maggiormente con i piccoli caseifici, chi produceva olio e vino cominci\u00f2 a ragionare su nuove forme di promozione e diverse famiglie decisero di lavorare insieme per organizzare il primo mercato settimanale.<\/span><\/p><p style=\"text-align: justify\"><span style=\"color: #000000\">Quando arriv\u00f2 finalmente il sabato dell\u2019inaugurazione, la piazza del centro storico si riemp\u00ec di profumi e colori, perch\u00e9 sui banchi comparvero ortaggi e frutta di stagione, bottiglie di olio extravergine d\u2019oliva e di vino locale, vasetti di miele, legumi, farine, conserve e una selezione di formaggi di pecora e di capra prodotti dai piccoli caseifici della zona, mentre accanto a ogni prodotto i bambini avevano sistemato, insieme ai genitori, piccoli cartelli capaci di raccontarne l\u2019origine e il lavoro necessario per realizzarlo.<\/span><\/p><p style=\"text-align: justify\"><span style=\"color: #000000\">Durante la mattinata arrivarono turisti, famiglie ed escursionisti, molti dei quali si fermarono ad assaggiare, fecero domande ai produttori e acquistarono qualcosa da portare a casa, finch\u00e9 una signora, dopo aver scelto una bottiglia d\u2019olio, del vino e alcuni formaggi, disse sorridendo che quella volta non avrebbe portato via da Terrabuona soltanto fotografie, ma anche i sapori e le storie di quella terra.<\/span><\/p><p style=\"text-align: justify\"><span style=\"color: #000000\">Livia guard\u00f2 i suoi genitori e sorrise, ma il progetto non si ferm\u00f2 l\u00ec, perch\u00e9 quando la cooperativa cominci\u00f2 a funzionare, alcune mattine della settimana il piccolo furgone partiva dal paese carico di prodotti locali e raggiungeva i mercati dei comuni vicini, permettendo a sempre pi\u00f9 persone di conoscere ci\u00f2 che nasceva nelle campagne, negli uliveti, nelle vigne, negli allevamenti e nei piccoli caseifici di Terrabuona.<\/span><\/p><p style=\"text-align: justify\"><span style=\"color: #000000\">Con il passare del tempo accadde qualcosa che i bambini avevano soltanto immaginato: alcune persone che avevano acquistato quei prodotti nei mercati vicini cominciarono a chiedere dove fossero stati realizzati e, incuriosite, decisero di visitare Terrabuona per vedere da vicino gli uliveti, le vigne, i pascoli, i piccoli caseifici e il centro storico, creando cos\u00ec un viaggio particolare nel quale prima erano stati i prodotti a raggiungere le persone e poi erano state le persone a voler conoscere il luogo dal quale quei prodotti provenivano.<\/span><\/p><p style=\"text-align: justify\"><span style=\"color: #000000\">Agricoltura, allevamento, trasformazione alimentare e turismo cominciarono lentamente a sostenersi a vicenda, perch\u00e9 chi visitava Terrabuona poteva conoscere e acquistare ci\u00f2 che veniva prodotto nel territorio, mentre chi incontrava quei prodotti nei mercati dei paesi vicini poteva essere incuriosito dalla loro storia e decidere un giorno di arrivare nel paese per scoprire personalmente i luoghi e le persone che si nascondevano dietro quei sapori.<\/span><\/p><p style=\"text-align: justify\"><span style=\"color: #000000\">Con il crescere delle attivit\u00e0 divennero necessarie anche nuove competenze, perch\u00e9 qualcuno doveva occuparsi della coltivazione e della produzione, mentre altri potevano dedicarsi al trasporto, alla vendita, alla promozione e all\u2019accoglienza dei visitatori, e cos\u00ec gli abitanti cominciarono a comprendere che intorno a un prodotto agricolo potevano nascere attivit\u00e0 diverse e che il vero valore non stava soltanto in ci\u00f2 che la terra produceva, ma nella capacit\u00e0 di organizzare bene tutto ci\u00f2 che poteva svilupparsi intorno a quella produzione.<\/span><\/p><p style=\"text-align: justify\"><span style=\"color: #000000\">Naturalmente non tutti i problemi vennero risolti e non tutti i giovani decisero di restare, perch\u00e9 nessuna comunit\u00e0 cambia da un giorno all\u2019altro e nessun mercato o cooperativa pu\u00f2, da solo, fermare lo spopolamento, ma gli abitanti di Terrabuona avevano finalmente compreso che il futuro poteva essere costruito mettendo in relazione le tante risorse presenti nel territorio, facendo in modo che gli uliveti, le vigne, i campi, gli allevamenti, i piccoli caseifici, il mercato, la cooperativa e il turismo non fossero pi\u00f9 realt\u00e0 isolate, ma parti di un progetto capace di creare valore, reddito e nuove opportunit\u00e0.<\/span><\/p><p style=\"text-align: justify\"><span style=\"color: #000000\">Una mattina di primavera Livia usc\u00ec di casa molto presto e, mentre percorreva il sentiero che conduceva verso il vecchio uliveto del nonno, sent\u00ec in lontananza il rumore di alcuni attrezzi.<\/span><\/p><p style=\"text-align: justify\"><span style=\"color: #000000\">Quando arriv\u00f2 vicino al terreno, vide Matteo insieme ad altri due ragazzi che stavano tagliando l\u2019erba alta, sistemando i muretti e liberando gli ulivi dai rami secchi.<\/span><\/p><p style=\"text-align: justify\"><span style=\"color: #000000\">Per qualche secondo rimase immobile a guardarli.<\/span><\/p><p style=\"text-align: justify\"><span style=\"color: #000000\">Quell\u2019uliveto era stato quasi abbandonato negli ultimi anni e Livia ricordava bene quanto il nonno fosse triste ogni volta che passava davanti a quegli alberi senza pi\u00f9 riuscire a prendersene cura come un tempo.<\/span><\/p><p style=\"text-align: justify\"><span style=\"color: #000000\">\u00abChe cosa state facendo?\u00bb domand\u00f2.<\/span><\/p><p style=\"text-align: justify\"><span style=\"color: #000000\">Matteo si asciug\u00f2 la fronte e sorrise.<\/span><\/p><p style=\"text-align: justify\"><span style=\"color: #000000\">\u00abStiamo ricominciando da qui.\u00bb<\/span><\/p><p style=\"text-align: justify\"><span style=\"color: #000000\">Livia guard\u00f2 gli ulivi.<\/span><\/p><p style=\"text-align: justify\"><span style=\"color: #000000\">\u00abVuoi davvero lavorare questa terra?\u00bb<\/span><\/p><p style=\"text-align: justify\"><span style=\"color: #000000\">Matteo annu\u00ec e le spieg\u00f2 che insieme ad altri giovani voleva provare a recuperare alcuni terreni, produrre olio di qualit\u00e0 e collaborare con la cooperativa per farlo conoscere e venderlo, sapendo che sarebbe stato difficile e che nessuno poteva garantire che tutto sarebbe andato bene, ma convinto che valesse la pena tentare.<\/span><\/p><p style=\"text-align: justify\"><span style=\"color: #000000\">Poi raccolse da terra una piccola pianta di ulivo che avrebbe piantato in una parte vuota del terreno e la porse a Livia.<\/span><\/p><p style=\"text-align: justify\"><span style=\"color: #000000\">\u00abMi aiuti?\u00bb<\/span><\/p><p style=\"text-align: justify\"><span style=\"color: #000000\">La bambina prese la piantina tra le mani.<\/span><\/p><p style=\"text-align: justify\"><span style=\"color: #000000\">Insieme scavarono una piccola buca, sistemarono le radici nella terra e ricoprirono tutto con cura.<\/span><\/p><p style=\"text-align: justify\"><span style=\"color: #000000\">Livia rimase a guardare quella giovane pianta, cos\u00ec piccola rispetto ai grandi ulivi che la circondavano, e improvvisamente cap\u00ec che assomigliava moltissimo al progetto che avevano immaginato con la scuola e con i genitori.<\/span><\/p><p style=\"text-align: justify\"><span style=\"color: #000000\">Era soltanto l\u2019inizio.<\/span><\/p><p style=\"text-align: justify\"><span style=\"color: #000000\">Nessuno sapeva quanto sarebbe cresciuta.<\/span><\/p><p style=\"text-align: justify\"><span style=\"color: #000000\">Nessuno poteva sapere quanti frutti avrebbe dato.<\/span><\/p><p style=\"text-align: justify\"><span style=\"color: #000000\">Ma qualcuno aveva deciso di piantarla e di prendersene cura.<\/span><\/p><p style=\"text-align: justify\"><span style=\"color: #000000\">Il giorno seguente, quando Livia raccont\u00f2 tutto ai compagni, la maestra Anita torn\u00f2 davanti alla lavagna e scrisse la domanda con la quale era iniziata la loro ricerca: <strong>&#8220;<\/strong><\/span><span style=\"color: #000000\"><strong>PERCH\u00c9 UN PAESE PIENO DI RICCHEZZE PU\u00d2 DIVENTARE POVERO DI OPPORTUNIT\u00c0?&#8221;<\/strong><\/span><\/p><p style=\"text-align: justify\"><span style=\"color: #000000\">Questa volta i bambini non ebbero bisogno di molto tempo per rispondere, perch\u00e9 avevano capito che non basta possedere una terra fertile, prodotti di qualit\u00e0, tradizioni antiche e luoghi bellissimi se tutte quelle ricchezze rimangono separate, poco conosciute o male organizzate, mentre possono diventare molto pi\u00f9 importanti quando una comunit\u00e0 impara a prendersene cura, a valorizzarle, a collegarle tra loro e soprattutto a collaborare.<\/span><\/p><p style=\"text-align: justify\"><span style=\"color: #000000\">La maestra cancell\u00f2 lentamente la domanda e ne scrisse un\u2019altra: <strong>&#8220;<\/strong><\/span><span style=\"color: #000000\"><strong>CHE COSA POSSIAMO SEMINARE OGGI PER RACCOGLIERE FUTURO DOMANI?&#8221;<\/strong><\/span><\/p><p style=\"text-align: justify\"><span style=\"color: #000000\">Da allora, ogni sabato mattina, la piazza del centro storico si riempiva di prodotti, profumi, visitatori e racconti, mentre durante la settimana il furgone della cooperativa attraversava le strade che collegavano Terrabuona ai paesi vicini, portando con s\u00e9 olio, vino, formaggi di pecora e di capra, miele, ortaggi, frutta, legumi e, insieme a quei prodotti, la storia di una comunit\u00e0 che aveva deciso di non aspettare passivamente che qualcosa cambiasse, ma di provare a costruire il proprio futuro partendo dalle ricchezze che gi\u00e0 possedeva.<\/span><\/p><p style=\"text-align: justify\"><span style=\"color: #000000\">Sulla porta della cooperativa i bambini e i loro genitori fecero appendere un grande cartello sul quale avevano scritto: <\/span><span style=\"color: #000000\"><strong>\u201cQUESTA TERRA NON DEVE PRODURRE SOLTANTO FRUTTI: DEVE PRODURRE ANCHE FUTURO.\u201d<\/strong><\/span><\/p><p style=\"text-align: justify\"><span style=\"color: #000000\">Livia lo leggeva ogni volta che passava davanti a quella porta e pensava alla piccola pianta di ulivo sistemata insieme a Matteo nel terreno del nonno, perch\u00e9 aveva capito che un paese non cambia aspettando qualcuno che arrivi da lontano con una soluzione gi\u00e0 pronta, ma pu\u00f2 cominciare a cambiare quando i bambini fanno domande che gli adulti avevano smesso di farsi, quando i genitori hanno il coraggio di ascoltarle, quando giovani e anziani mettono insieme esperienza e nuove idee, quando i piccoli produttori comprendono che collaborare pu\u00f2 renderli pi\u00f9 forti e quando un\u2019intera comunit\u00e0 impara finalmente a guardare con occhi diversi ci\u00f2 che ha sempre avuto davanti.<\/span><\/p><p style=\"text-align: justify\"><span style=\"color: #000000\">Per molti anni gli abitanti di Terrabuona avevano osservato separatamente i campi, gli uliveti, le vigne, i pascoli, i formaggi, l\u2019olio, il vino, i visitatori e i giovani che cercavano un futuro, senza riuscire a vedere fino in fondo il legame che poteva unire tutte quelle cose, mentre ai bambini era bastato cominciare a fare domande, coinvolgere i propri genitori e guardare il paese come un unico grande insieme per comprendere che <strong>il futuro non nasce soltanto da ci\u00f2 che una terra possiede, ma dalla capacit\u00e0 delle persone di riconoscerne il valore, prendersene cura e trasformarlo insieme in nuove possibilit\u00e0<\/strong>.<\/span><\/p><p style=\"text-align: justify\"><span style=\"color: #000000\">E ogni volta che Livia passava davanti al vecchio uliveto e vedeva la piccola pianta crescere, pensava che forse il futuro assomigliava proprio a quell\u2019albero: <strong>non nasce gi\u00e0 grande, non cresce in un solo giorno e non d\u00e0 subito i suoi frutti, ma comincia da qualcuno che decide di piantarlo, da qualcuno che sceglie di cambiare e da una comunit\u00e0 che comprende che, per raccogliere domani, bisogna avere il coraggio di seminare oggi.<\/strong><\/span><\/p>\t\t\t\t\t\t\t\t<\/div>\n\t\t\t\t<\/div>\n\t\t\t\t\t<\/div>\n\t\t<\/div>\n\t\t\t\t\t<\/div>\n\t\t<\/section>\n\t\t\t\t<\/div>\n\t\t","protected":false},"excerpt":{"rendered":"<p>C\u2019era una volta un piccolo paese chiamato Terrabuona, costruito sulla cima di una collina e circondato da uliveti, vigne, orti, frutteti, pascoli e grandi campi che, soprattutto durante la primavera, si riempivano di colori e profumi cos\u00ec intensi da sembrare, osservati da lontano, un enorme tappeto ricamato dalla natura, mentre lungo i sentieri di campagna<\/p>\n","protected":false},"author":50,"featured_media":32104,"comment_status":"closed","ping_status":"open","sticky":false,"template":"","format":"standard","meta":{"footnotes":""},"categories":[51,35,46,31],"tags":[11491,19825,19833,19555,2640,19827,19660,17249,939,5643,19595,19834,19573,19569,19592,19828,19829,19830,19832,19826,19582,4561,9684,17229,11492,19824,14839,11463,17256,19831],"class_list":["post-32101","post","type-post","status-publish","format-standard","has-post-thumbnail","category-diritti-al-punto","category-in-evidenza","category-in-poche-parole","category-italia","tag-agricoltura-biologica","tag-agricoltura-di-qualita","tag-allevamento-sostenibile","tag-aree-interne","tag-bambini-e-futuro","tag-cooperativa-agricola","tag-cooperativa-di-comunita","tag-economia-del-territorio","tag-educazione-ambientale","tag-educazione-civica","tag-filiera-corta","tag-formaggi-di-pecora-e-capra","tag-futuro-dei-giovani","tag-giovani-e-lavoro","tag-lotta-allo-spopolamento","tag-mercati-locali","tag-mercati-settimanali","tag-olio-extravergine-doliva","tag-piccoli-caseifici","tag-prodotti-a-chilometro-zero","tag-prodotti-locali","tag-racconti-per-bambini","tag-scuola-primaria","tag-spopolamento-dei-borghi","tag-sviluppo-locale","tag-terrabuona","tag-turismo-nei-borghi","tag-turismo-sostenibile","tag-valorizzazione-del-territorio","tag-vino-locale"],"yoast_head":"<!-- This site is optimized with the Yoast SEO plugin v28.4 - https:\/\/yoast.com\/product\/yoast-seo-wordpress\/ -->\n<title>IL PAESE DOVE I BAMBINI SEMINARONO IL FUTURO - IPiccoliQuotidiano.it<\/title>\n<meta name=\"description\" content=\"C\u2019era una volta un piccolo paese chiamato Terrabuona, costruito sulla cima di una collina e circondato da uliveti, vigne, orti, frutteti, pascoli e grandi campi che, soprattutto durante la primavera, si riempivano di colori e profumi cos\u00ec intensi da sembrare, osservati da lontano, un enorme tappeto ricamato dalla natura, mentre lungo i sentieri di campagna pascolavano greggi di pecore e capre, il cui latte veniva trasformato nei piccoli caseifici locali in formaggi freschi e stagionati, conosciuti per il loro sapore particolare e molto apprezzati da chi aveva avuto la fortuna di assaggiarli.\" \/>\n<meta name=\"robots\" content=\"index, follow, max-snippet:-1, max-image-preview:large, max-video-preview:-1\" \/>\n<link rel=\"canonical\" href=\"https:\/\/www.ipiccoliquotidiano.it\/index.php\/2026\/07\/22\/il-paese-dove-i-bambini-seminarono-il-futuro\/\" \/>\n<meta property=\"og:locale\" content=\"it_IT\" \/>\n<meta property=\"og:type\" content=\"article\" \/>\n<meta property=\"og:title\" content=\"IL PAESE DOVE I BAMBINI SEMINARONO IL FUTURO - IPiccoliQuotidiano.it\" \/>\n<meta property=\"og:description\" content=\"C\u2019era una volta un piccolo paese chiamato Terrabuona, costruito sulla cima di una collina e circondato da uliveti, vigne, orti, frutteti, pascoli e grandi campi che, soprattutto durante la primavera, si riempivano di colori e profumi cos\u00ec intensi da sembrare, osservati da lontano, un enorme tappeto ricamato dalla natura, mentre lungo i sentieri di campagna pascolavano greggi di pecore e capre, il cui latte veniva trasformato nei piccoli caseifici locali in formaggi freschi e stagionati, conosciuti per il loro sapore particolare e molto apprezzati da chi aveva avuto la fortuna di assaggiarli.\" \/>\n<meta property=\"og:url\" content=\"https:\/\/www.ipiccoliquotidiano.it\/index.php\/2026\/07\/22\/il-paese-dove-i-bambini-seminarono-il-futuro\/\" \/>\n<meta property=\"og:site_name\" content=\"IPiccoliQuotidiano.it\" \/>\n<meta property=\"article:publisher\" content=\"https:\/\/www.facebook.com\/ipiccoliquotidiano\" \/>\n<meta property=\"article:published_time\" content=\"2026-07-22T14:38:49+00:00\" \/>\n<meta property=\"article:modified_time\" content=\"2026-07-25T08:20:11+00:00\" \/>\n<meta property=\"og:image\" content=\"https:\/\/www.ipiccoliquotidiano.it\/wp-content\/uploads\/2026\/07\/IL-PAESE-DOVE-I-BAMBINI-SEMINARONO-IL-FUTURO-1024x576.png\" \/>\n\t<meta property=\"og:image:width\" content=\"1024\" \/>\n\t<meta property=\"og:image:height\" content=\"576\" \/>\n\t<meta property=\"og:image:type\" content=\"image\/png\" \/>\n<meta name=\"author\" content=\"Vito Gerardo Roberto\" \/>\n<meta name=\"twitter:card\" content=\"summary_large_image\" \/>\n<meta name=\"twitter:label1\" content=\"Scritto da\" \/>\n\t<meta name=\"twitter:data1\" content=\"Vito Gerardo Roberto\" \/>\n\t<meta name=\"twitter:label2\" content=\"Tempo di lettura stimato\" \/>\n\t<meta name=\"twitter:data2\" content=\"22 minuti\" \/>\n<script type=\"application\/ld+json\" class=\"yoast-schema-graph\">{\"@context\":\"https:\\\/\\\/schema.org\",\"@graph\":[{\"@type\":\"Article\",\"@id\":\"https:\\\/\\\/www.ipiccoliquotidiano.it\\\/index.php\\\/2026\\\/07\\\/22\\\/il-paese-dove-i-bambini-seminarono-il-futuro\\\/#article\",\"isPartOf\":{\"@id\":\"https:\\\/\\\/www.ipiccoliquotidiano.it\\\/index.php\\\/2026\\\/07\\\/22\\\/il-paese-dove-i-bambini-seminarono-il-futuro\\\/\"},\"author\":{\"name\":\"Vito Gerardo Roberto\",\"@id\":\"https:\\\/\\\/www.ipiccoliquotidiano.it\\\/#\\\/schema\\\/person\\\/7650d5e6266e72ca04929df2a5989daa\"},\"headline\":\"IL PAESE DOVE I BAMBINI SEMINARONO IL FUTURO\",\"datePublished\":\"2026-07-22T14:38:49+00:00\",\"dateModified\":\"2026-07-25T08:20:11+00:00\",\"mainEntityOfPage\":{\"@id\":\"https:\\\/\\\/www.ipiccoliquotidiano.it\\\/index.php\\\/2026\\\/07\\\/22\\\/il-paese-dove-i-bambini-seminarono-il-futuro\\\/\"},\"wordCount\":3959,\"publisher\":{\"@id\":\"https:\\\/\\\/www.ipiccoliquotidiano.it\\\/#organization\"},\"image\":{\"@id\":\"https:\\\/\\\/www.ipiccoliquotidiano.it\\\/index.php\\\/2026\\\/07\\\/22\\\/il-paese-dove-i-bambini-seminarono-il-futuro\\\/#primaryimage\"},\"thumbnailUrl\":\"https:\\\/\\\/www.ipiccoliquotidiano.it\\\/wp-content\\\/uploads\\\/2026\\\/07\\\/IL-PAESE-DOVE-I-BAMBINI-SEMINARONO-IL-FUTURO.png\",\"keywords\":[\"Agricoltura Biologica\",\"Agricoltura di qualit\u00e0\",\"Allevamento sostenibile\",\"Aree interne\",\"Bambini e futuro\",\"Cooperativa agricola\",\"Cooperativa di comunit\u00e0\",\"Economia del territorio\",\"educazione ambientale\",\"Educazione civica\",\"Filiera corta\",\"Formaggi di pecora e capra\",\"Futuro dei giovani\",\"Giovani e lavoro\",\"Lotta allo spopolamento\",\"Mercati locali\",\"Mercati settimanali\",\"Olio extravergine d\u2019oliva\",\"Piccoli caseifici\",\"Prodotti a chilometro zero\",\"Prodotti locali\",\"racconti per bambini\",\"scuola primaria\",\"Spopolamento dei borghi\",\"Sviluppo Locale\",\"Terrabuona\",\"Turismo nei borghi\",\"Turismo Sostenibile\",\"Valorizzazione del territorio\",\"Vino locale\"],\"articleSection\":[\"Diritti al punto!\",\"In evidenza\",\"In poche parole\",\"Italia\"],\"inLanguage\":\"it-IT\"},{\"@type\":\"WebPage\",\"@id\":\"https:\\\/\\\/www.ipiccoliquotidiano.it\\\/index.php\\\/2026\\\/07\\\/22\\\/il-paese-dove-i-bambini-seminarono-il-futuro\\\/\",\"url\":\"https:\\\/\\\/www.ipiccoliquotidiano.it\\\/index.php\\\/2026\\\/07\\\/22\\\/il-paese-dove-i-bambini-seminarono-il-futuro\\\/\",\"name\":\"IL PAESE DOVE I BAMBINI SEMINARONO IL FUTURO - IPiccoliQuotidiano.it\",\"isPartOf\":{\"@id\":\"https:\\\/\\\/www.ipiccoliquotidiano.it\\\/#website\"},\"primaryImageOfPage\":{\"@id\":\"https:\\\/\\\/www.ipiccoliquotidiano.it\\\/index.php\\\/2026\\\/07\\\/22\\\/il-paese-dove-i-bambini-seminarono-il-futuro\\\/#primaryimage\"},\"image\":{\"@id\":\"https:\\\/\\\/www.ipiccoliquotidiano.it\\\/index.php\\\/2026\\\/07\\\/22\\\/il-paese-dove-i-bambini-seminarono-il-futuro\\\/#primaryimage\"},\"thumbnailUrl\":\"https:\\\/\\\/www.ipiccoliquotidiano.it\\\/wp-content\\\/uploads\\\/2026\\\/07\\\/IL-PAESE-DOVE-I-BAMBINI-SEMINARONO-IL-FUTURO.png\",\"datePublished\":\"2026-07-22T14:38:49+00:00\",\"dateModified\":\"2026-07-25T08:20:11+00:00\",\"description\":\"C\u2019era una volta un piccolo paese chiamato Terrabuona, costruito sulla cima di una collina e circondato da uliveti, vigne, orti, frutteti, pascoli e grandi campi che, soprattutto durante la primavera, si riempivano di colori e profumi cos\u00ec intensi da sembrare, osservati da lontano, un enorme tappeto ricamato dalla natura, mentre lungo i sentieri di campagna pascolavano greggi di pecore e capre, il cui latte veniva trasformato nei piccoli caseifici locali in formaggi freschi e stagionati, conosciuti per il loro sapore particolare e molto apprezzati da chi aveva avuto la fortuna di assaggiarli.\",\"breadcrumb\":{\"@id\":\"https:\\\/\\\/www.ipiccoliquotidiano.it\\\/index.php\\\/2026\\\/07\\\/22\\\/il-paese-dove-i-bambini-seminarono-il-futuro\\\/#breadcrumb\"},\"inLanguage\":\"it-IT\",\"potentialAction\":[{\"@type\":\"ReadAction\",\"target\":[\"https:\\\/\\\/www.ipiccoliquotidiano.it\\\/index.php\\\/2026\\\/07\\\/22\\\/il-paese-dove-i-bambini-seminarono-il-futuro\\\/\"]}]},{\"@type\":\"ImageObject\",\"inLanguage\":\"it-IT\",\"@id\":\"https:\\\/\\\/www.ipiccoliquotidiano.it\\\/index.php\\\/2026\\\/07\\\/22\\\/il-paese-dove-i-bambini-seminarono-il-futuro\\\/#primaryimage\",\"url\":\"https:\\\/\\\/www.ipiccoliquotidiano.it\\\/wp-content\\\/uploads\\\/2026\\\/07\\\/IL-PAESE-DOVE-I-BAMBINI-SEMINARONO-IL-FUTURO.png\",\"contentUrl\":\"https:\\\/\\\/www.ipiccoliquotidiano.it\\\/wp-content\\\/uploads\\\/2026\\\/07\\\/IL-PAESE-DOVE-I-BAMBINI-SEMINARONO-IL-FUTURO.png\",\"width\":1672,\"height\":941},{\"@type\":\"BreadcrumbList\",\"@id\":\"https:\\\/\\\/www.ipiccoliquotidiano.it\\\/index.php\\\/2026\\\/07\\\/22\\\/il-paese-dove-i-bambini-seminarono-il-futuro\\\/#breadcrumb\",\"itemListElement\":[{\"@type\":\"ListItem\",\"position\":1,\"name\":\"Home\",\"item\":\"https:\\\/\\\/www.ipiccoliquotidiano.it\\\/\"},{\"@type\":\"ListItem\",\"position\":2,\"name\":\"IL PAESE DOVE I BAMBINI SEMINARONO IL FUTURO\"}]},{\"@type\":\"WebSite\",\"@id\":\"https:\\\/\\\/www.ipiccoliquotidiano.it\\\/#website\",\"url\":\"https:\\\/\\\/www.ipiccoliquotidiano.it\\\/\",\"name\":\"IPiccoliQuotidiano.it\",\"description\":\"Il Quotidiano dei Piccoli\",\"publisher\":{\"@id\":\"https:\\\/\\\/www.ipiccoliquotidiano.it\\\/#organization\"},\"potentialAction\":[{\"@type\":\"SearchAction\",\"target\":{\"@type\":\"EntryPoint\",\"urlTemplate\":\"https:\\\/\\\/www.ipiccoliquotidiano.it\\\/?s={search_term_string}\"},\"query-input\":{\"@type\":\"PropertyValueSpecification\",\"valueRequired\":true,\"valueName\":\"search_term_string\"}}],\"inLanguage\":\"it-IT\"},{\"@type\":\"Organization\",\"@id\":\"https:\\\/\\\/www.ipiccoliquotidiano.it\\\/#organization\",\"name\":\"IPiccoliQuotidiano.it\",\"url\":\"https:\\\/\\\/www.ipiccoliquotidiano.it\\\/\",\"logo\":{\"@type\":\"ImageObject\",\"inLanguage\":\"it-IT\",\"@id\":\"https:\\\/\\\/www.ipiccoliquotidiano.it\\\/#\\\/schema\\\/logo\\\/image\\\/\",\"url\":\"https:\\\/\\\/www.ipiccoliquotidiano.it\\\/wp-content\\\/uploads\\\/2024\\\/05\\\/ipiccoli-logo.jpg\",\"contentUrl\":\"https:\\\/\\\/www.ipiccoliquotidiano.it\\\/wp-content\\\/uploads\\\/2024\\\/05\\\/ipiccoli-logo.jpg\",\"width\":300,\"height\":129,\"caption\":\"IPiccoliQuotidiano.it\"},\"image\":{\"@id\":\"https:\\\/\\\/www.ipiccoliquotidiano.it\\\/#\\\/schema\\\/logo\\\/image\\\/\"},\"sameAs\":[\"https:\\\/\\\/www.facebook.com\\\/ipiccoliquotidiano\"]},{\"@type\":\"Person\",\"@id\":\"https:\\\/\\\/www.ipiccoliquotidiano.it\\\/#\\\/schema\\\/person\\\/7650d5e6266e72ca04929df2a5989daa\",\"name\":\"Vito Gerardo Roberto\",\"sameAs\":[\"https:\\\/\\\/www.robertovitogerardo.it\"],\"url\":\"https:\\\/\\\/www.ipiccoliquotidiano.it\\\/index.php\\\/author\\\/vito-roberto\\\/\"}]}<\/script>\n<!-- \/ Yoast SEO plugin. -->","yoast_head_json":{"title":"IL PAESE DOVE I BAMBINI SEMINARONO IL FUTURO - IPiccoliQuotidiano.it","description":"C\u2019era una volta un piccolo paese chiamato Terrabuona, costruito sulla cima di una collina e circondato da uliveti, vigne, orti, frutteti, pascoli e grandi campi che, soprattutto durante la primavera, si riempivano di colori e profumi cos\u00ec intensi da sembrare, osservati da lontano, un enorme tappeto ricamato dalla natura, mentre lungo i sentieri di campagna pascolavano greggi di pecore e capre, il cui latte veniva trasformato nei piccoli caseifici locali in formaggi freschi e stagionati, conosciuti per il loro sapore particolare e molto apprezzati da chi aveva avuto la fortuna di assaggiarli.","robots":{"index":"index","follow":"follow","max-snippet":"max-snippet:-1","max-image-preview":"max-image-preview:large","max-video-preview":"max-video-preview:-1"},"canonical":"https:\/\/www.ipiccoliquotidiano.it\/index.php\/2026\/07\/22\/il-paese-dove-i-bambini-seminarono-il-futuro\/","og_locale":"it_IT","og_type":"article","og_title":"IL PAESE DOVE I BAMBINI SEMINARONO IL FUTURO - IPiccoliQuotidiano.it","og_description":"C\u2019era una volta un piccolo paese chiamato Terrabuona, costruito sulla cima di una collina e circondato da uliveti, vigne, orti, frutteti, pascoli e grandi campi che, soprattutto durante la primavera, si riempivano di colori e profumi cos\u00ec intensi da sembrare, osservati da lontano, un enorme tappeto ricamato dalla natura, mentre lungo i sentieri di campagna pascolavano greggi di pecore e capre, il cui latte veniva trasformato nei piccoli caseifici locali in formaggi freschi e stagionati, conosciuti per il loro sapore particolare e molto apprezzati da chi aveva avuto la fortuna di assaggiarli.","og_url":"https:\/\/www.ipiccoliquotidiano.it\/index.php\/2026\/07\/22\/il-paese-dove-i-bambini-seminarono-il-futuro\/","og_site_name":"IPiccoliQuotidiano.it","article_publisher":"https:\/\/www.facebook.com\/ipiccoliquotidiano","article_published_time":"2026-07-22T14:38:49+00:00","article_modified_time":"2026-07-25T08:20:11+00:00","og_image":[{"width":1024,"height":576,"url":"https:\/\/www.ipiccoliquotidiano.it\/wp-content\/uploads\/2026\/07\/IL-PAESE-DOVE-I-BAMBINI-SEMINARONO-IL-FUTURO-1024x576.png","type":"image\/png"}],"author":"Vito Gerardo Roberto","twitter_card":"summary_large_image","twitter_misc":{"Scritto da":"Vito Gerardo Roberto","Tempo di lettura stimato":"22 minuti"},"schema":{"@context":"https:\/\/schema.org","@graph":[{"@type":"Article","@id":"https:\/\/www.ipiccoliquotidiano.it\/index.php\/2026\/07\/22\/il-paese-dove-i-bambini-seminarono-il-futuro\/#article","isPartOf":{"@id":"https:\/\/www.ipiccoliquotidiano.it\/index.php\/2026\/07\/22\/il-paese-dove-i-bambini-seminarono-il-futuro\/"},"author":{"name":"Vito Gerardo Roberto","@id":"https:\/\/www.ipiccoliquotidiano.it\/#\/schema\/person\/7650d5e6266e72ca04929df2a5989daa"},"headline":"IL PAESE DOVE I BAMBINI SEMINARONO IL FUTURO","datePublished":"2026-07-22T14:38:49+00:00","dateModified":"2026-07-25T08:20:11+00:00","mainEntityOfPage":{"@id":"https:\/\/www.ipiccoliquotidiano.it\/index.php\/2026\/07\/22\/il-paese-dove-i-bambini-seminarono-il-futuro\/"},"wordCount":3959,"publisher":{"@id":"https:\/\/www.ipiccoliquotidiano.it\/#organization"},"image":{"@id":"https:\/\/www.ipiccoliquotidiano.it\/index.php\/2026\/07\/22\/il-paese-dove-i-bambini-seminarono-il-futuro\/#primaryimage"},"thumbnailUrl":"https:\/\/www.ipiccoliquotidiano.it\/wp-content\/uploads\/2026\/07\/IL-PAESE-DOVE-I-BAMBINI-SEMINARONO-IL-FUTURO.png","keywords":["Agricoltura Biologica","Agricoltura di qualit\u00e0","Allevamento sostenibile","Aree interne","Bambini e futuro","Cooperativa agricola","Cooperativa di comunit\u00e0","Economia del territorio","educazione ambientale","Educazione civica","Filiera corta","Formaggi di pecora e capra","Futuro dei giovani","Giovani e lavoro","Lotta allo spopolamento","Mercati locali","Mercati settimanali","Olio extravergine d\u2019oliva","Piccoli caseifici","Prodotti a chilometro zero","Prodotti locali","racconti per bambini","scuola primaria","Spopolamento dei borghi","Sviluppo Locale","Terrabuona","Turismo nei borghi","Turismo Sostenibile","Valorizzazione del territorio","Vino locale"],"articleSection":["Diritti al punto!","In evidenza","In poche parole","Italia"],"inLanguage":"it-IT"},{"@type":"WebPage","@id":"https:\/\/www.ipiccoliquotidiano.it\/index.php\/2026\/07\/22\/il-paese-dove-i-bambini-seminarono-il-futuro\/","url":"https:\/\/www.ipiccoliquotidiano.it\/index.php\/2026\/07\/22\/il-paese-dove-i-bambini-seminarono-il-futuro\/","name":"IL PAESE DOVE I BAMBINI SEMINARONO IL FUTURO - IPiccoliQuotidiano.it","isPartOf":{"@id":"https:\/\/www.ipiccoliquotidiano.it\/#website"},"primaryImageOfPage":{"@id":"https:\/\/www.ipiccoliquotidiano.it\/index.php\/2026\/07\/22\/il-paese-dove-i-bambini-seminarono-il-futuro\/#primaryimage"},"image":{"@id":"https:\/\/www.ipiccoliquotidiano.it\/index.php\/2026\/07\/22\/il-paese-dove-i-bambini-seminarono-il-futuro\/#primaryimage"},"thumbnailUrl":"https:\/\/www.ipiccoliquotidiano.it\/wp-content\/uploads\/2026\/07\/IL-PAESE-DOVE-I-BAMBINI-SEMINARONO-IL-FUTURO.png","datePublished":"2026-07-22T14:38:49+00:00","dateModified":"2026-07-25T08:20:11+00:00","description":"C\u2019era una volta un piccolo paese chiamato Terrabuona, costruito sulla cima di una collina e circondato da uliveti, vigne, orti, frutteti, pascoli e grandi campi che, soprattutto durante la primavera, si riempivano di colori e profumi cos\u00ec intensi da sembrare, osservati da lontano, un enorme tappeto ricamato dalla natura, mentre lungo i sentieri di campagna pascolavano greggi di pecore e capre, il cui latte veniva trasformato nei piccoli caseifici locali in formaggi freschi e stagionati, conosciuti per il loro sapore particolare e molto apprezzati da chi aveva avuto la fortuna di assaggiarli.","breadcrumb":{"@id":"https:\/\/www.ipiccoliquotidiano.it\/index.php\/2026\/07\/22\/il-paese-dove-i-bambini-seminarono-il-futuro\/#breadcrumb"},"inLanguage":"it-IT","potentialAction":[{"@type":"ReadAction","target":["https:\/\/www.ipiccoliquotidiano.it\/index.php\/2026\/07\/22\/il-paese-dove-i-bambini-seminarono-il-futuro\/"]}]},{"@type":"ImageObject","inLanguage":"it-IT","@id":"https:\/\/www.ipiccoliquotidiano.it\/index.php\/2026\/07\/22\/il-paese-dove-i-bambini-seminarono-il-futuro\/#primaryimage","url":"https:\/\/www.ipiccoliquotidiano.it\/wp-content\/uploads\/2026\/07\/IL-PAESE-DOVE-I-BAMBINI-SEMINARONO-IL-FUTURO.png","contentUrl":"https:\/\/www.ipiccoliquotidiano.it\/wp-content\/uploads\/2026\/07\/IL-PAESE-DOVE-I-BAMBINI-SEMINARONO-IL-FUTURO.png","width":1672,"height":941},{"@type":"BreadcrumbList","@id":"https:\/\/www.ipiccoliquotidiano.it\/index.php\/2026\/07\/22\/il-paese-dove-i-bambini-seminarono-il-futuro\/#breadcrumb","itemListElement":[{"@type":"ListItem","position":1,"name":"Home","item":"https:\/\/www.ipiccoliquotidiano.it\/"},{"@type":"ListItem","position":2,"name":"IL PAESE DOVE I BAMBINI SEMINARONO IL FUTURO"}]},{"@type":"WebSite","@id":"https:\/\/www.ipiccoliquotidiano.it\/#website","url":"https:\/\/www.ipiccoliquotidiano.it\/","name":"IPiccoliQuotidiano.it","description":"Il Quotidiano dei Piccoli","publisher":{"@id":"https:\/\/www.ipiccoliquotidiano.it\/#organization"},"potentialAction":[{"@type":"SearchAction","target":{"@type":"EntryPoint","urlTemplate":"https:\/\/www.ipiccoliquotidiano.it\/?s={search_term_string}"},"query-input":{"@type":"PropertyValueSpecification","valueRequired":true,"valueName":"search_term_string"}}],"inLanguage":"it-IT"},{"@type":"Organization","@id":"https:\/\/www.ipiccoliquotidiano.it\/#organization","name":"IPiccoliQuotidiano.it","url":"https:\/\/www.ipiccoliquotidiano.it\/","logo":{"@type":"ImageObject","inLanguage":"it-IT","@id":"https:\/\/www.ipiccoliquotidiano.it\/#\/schema\/logo\/image\/","url":"https:\/\/www.ipiccoliquotidiano.it\/wp-content\/uploads\/2024\/05\/ipiccoli-logo.jpg","contentUrl":"https:\/\/www.ipiccoliquotidiano.it\/wp-content\/uploads\/2024\/05\/ipiccoli-logo.jpg","width":300,"height":129,"caption":"IPiccoliQuotidiano.it"},"image":{"@id":"https:\/\/www.ipiccoliquotidiano.it\/#\/schema\/logo\/image\/"},"sameAs":["https:\/\/www.facebook.com\/ipiccoliquotidiano"]},{"@type":"Person","@id":"https:\/\/www.ipiccoliquotidiano.it\/#\/schema\/person\/7650d5e6266e72ca04929df2a5989daa","name":"Vito Gerardo Roberto","sameAs":["https:\/\/www.robertovitogerardo.it"],"url":"https:\/\/www.ipiccoliquotidiano.it\/index.php\/author\/vito-roberto\/"}]}},"_links":{"self":[{"href":"https:\/\/www.ipiccoliquotidiano.it\/index.php\/wp-json\/wp\/v2\/posts\/32101","targetHints":{"allow":["GET"]}}],"collection":[{"href":"https:\/\/www.ipiccoliquotidiano.it\/index.php\/wp-json\/wp\/v2\/posts"}],"about":[{"href":"https:\/\/www.ipiccoliquotidiano.it\/index.php\/wp-json\/wp\/v2\/types\/post"}],"author":[{"embeddable":true,"href":"https:\/\/www.ipiccoliquotidiano.it\/index.php\/wp-json\/wp\/v2\/users\/50"}],"replies":[{"embeddable":true,"href":"https:\/\/www.ipiccoliquotidiano.it\/index.php\/wp-json\/wp\/v2\/comments?post=32101"}],"version-history":[{"count":26,"href":"https:\/\/www.ipiccoliquotidiano.it\/index.php\/wp-json\/wp\/v2\/posts\/32101\/revisions"}],"predecessor-version":[{"id":32129,"href":"https:\/\/www.ipiccoliquotidiano.it\/index.php\/wp-json\/wp\/v2\/posts\/32101\/revisions\/32129"}],"wp:featuredmedia":[{"embeddable":true,"href":"https:\/\/www.ipiccoliquotidiano.it\/index.php\/wp-json\/wp\/v2\/media\/32104"}],"wp:attachment":[{"href":"https:\/\/www.ipiccoliquotidiano.it\/index.php\/wp-json\/wp\/v2\/media?parent=32101"}],"wp:term":[{"taxonomy":"category","embeddable":true,"href":"https:\/\/www.ipiccoliquotidiano.it\/index.php\/wp-json\/wp\/v2\/categories?post=32101"},{"taxonomy":"post_tag","embeddable":true,"href":"https:\/\/www.ipiccoliquotidiano.it\/index.php\/wp-json\/wp\/v2\/tags?post=32101"}],"curies":[{"name":"wp","href":"https:\/\/api.w.org\/{rel}","templated":true}]}}