{"id":31291,"date":"2026-06-04T05:18:48","date_gmt":"2026-06-04T03:18:48","guid":{"rendered":"https:\/\/www.ipiccoliquotidiano.it\/?p=31291"},"modified":"2026-06-04T05:18:49","modified_gmt":"2026-06-04T03:18:49","slug":"5-giugnogiornata-mondiale-dellambiente","status":"publish","type":"post","link":"https:\/\/www.ipiccoliquotidiano.it\/index.php\/2026\/06\/04\/5-giugnogiornata-mondiale-dellambiente\/","title":{"rendered":"5 giugno\u2026Giornata Mondiale dell\u2019Ambiente"},"content":{"rendered":"\n<p class=\"wp-block-paragraph\">Era il 5 giugno 1972 quando a Stoccolma, durante la prima grande Conferenza delle Nazioni Unite sull\u2019Ambiente Umano, il mondo si guard\u00f2 allo specchio e cap\u00ec, per la prima volta in modo collettivo, che il futuro della nostra specie era indissolubilmente legato alla salute del pianeta. In quel momento nacque un\u2019idea, una promessa globale: la Giornata Mondiale dell\u2019Ambiente.<\/p>\n\n\n\n<p class=\"wp-block-paragraph\">Da allora, ogni anno, questa data smette di essere un semplice giorno sul calendario per trasformarsi in un palcoscenico globale, una chiamata alle armi pacifici in cui governi, cittadini e comunit\u00e0 di ogni angolo della Terra si uniscono per difendere l&#8217;unica casa che abbiamo.<\/p>\n\n\n\n<p class=\"wp-block-paragraph\"><strong>La grande svolta: l&#8217;ambiente \u00e8 un diritto umano<\/strong><\/p>\n\n\n\n<p class=\"wp-block-paragraph\">Con il passare dei decenni, il racconto di questa giornata si \u00e8 evoluto, spogliandosi della vecchia idea che la protezione della natura fosse solo una questione di &#8220;paesaggi da salvare&#8221;. Oggi, la comunit\u00e0 internazionale grida una verit\u00e0 molto pi\u00f9 profonda: la crisi ambientale \u00e8 una crisi dei diritti umani.<\/p>\n\n\n\n<p class=\"wp-block-paragraph\">Quando la terra si desertifica, quando l&#8217;aria diventa irrespirabile o la biodiversit\u00e0 si spegne, a crollare sono i pilastri stessi della nostra esistenza. Difendere il pianeta significa difendere il diritto fondamentale dei bambini alla salute, l&#8217;accesso dei popoli all&#8217;acqua pulita e al cibo, e la possibilit\u00e0 per tutti di condurre una vita dignitosa. Non esiste giustizia sociale senza giustizia ambientale.<\/p>\n\n\n\n<p class=\"wp-block-paragraph\"><strong>Il bivio: ripensare il nostro modo di vivere<\/strong><\/p>\n\n\n\n<p class=\"wp-block-paragraph\">Oggi ci troviamo di fronte a un bivio narrativo cruciale. Sotto la pressione di eventi climatici sempre pi\u00f9 estremi e imprevedibili, la Giornata Mondiale dell&#8217;Ambiente lancia un monito chiaro: non possiamo pi\u00f9 curare i sintomi, dobbiamo cambiare il sistema.<\/p>\n\n\n\n<p class=\"wp-block-paragraph\">Il modello economico e sociale che ha guidato gli ultimi secoli, basato sullo sfruttamento infinito di risorse finite, ha mostrato la sua fragilit\u00e0. L&#8217;obiettivo comune diventa quindi quello di riscrivere le regole del gioco, promuovendo approcci sostenibili che sappiano rimettere in equilibrio le attivit\u00e0 dell&#8217;uomo con i ritmi e i respiri della natura.<\/p>\n\n\n\n<p class=\"wp-block-paragraph\"><strong>Una storia scritta da miliardi di mani<\/strong><\/p>\n\n\n\n<p class=\"wp-block-paragraph\">Ma la vera forza di questo racconto non risiede solo nei palazzi di vetro dell&#8217;ONU o nei trattati firmati dai leader mondiali. La storia della Giornata Mondiale dell&#8217;Ambiente prende vita nelle strade, nelle scuole, nelle foreste e sulle spiagge di tutto il mondo.<\/p>\n\n\n\n<p class=\"wp-block-paragraph\"><strong>\u00c8 una storia fatta di azioni concrete<\/strong><\/p>\n\n\n\n<p class=\"wp-block-paragraph\">Mani che piantano alberi per ridare fiato alle citt\u00e0 e riforestare i polmoni verdi della Terra.<\/p>\n\n\n\n<p class=\"wp-block-paragraph\">Persone che si chinano a raccogliere i rifiuti negli spazi pubblici, restituendo bellezza e dignit\u00e0 al proprio territorio.<\/p>\n\n\n\n<p class=\"wp-block-paragraph\">Insegnanti e attivisti che nei programmi educativi seminano consapevolezza nelle menti delle nuove generazioni.<\/p>\n\n\n\n<p class=\"wp-block-paragraph\">Un&#8217;azione internazionale coordinata che unisce il locale al globale, ricordandoci che ogni piccolo gesto \u00e8 un tassello fondamentale per la tutela delle generazioni future.<\/p>\n\n\n\n<p class=\"wp-block-paragraph\">Il messaggio che risuona oggi in tutto il mondo \u00e8, in fondo, un invito alla responsabilit\u00e0 e alla speranza: proteggere la Terra non \u00e8 un dovere ecologico astratto, ma l&#8217;unico modo che abbiamo per garantire un futuro equo, sicuro e rispettoso dei diritti di ogni essere umano. La storia del domani la stiamo scrivendo oggi, con le scelte di ognuno di noi.<\/p>\n\n\n\n<p class=\"wp-block-paragraph\"><\/p>\n","protected":false},"excerpt":{"rendered":"<p>Oggi ci troviamo di fronte a un bivio narrativo cruciale. Sotto la pressione di eventi climatici sempre pi\u00f9 estremi e imprevedibili, la Giornata Mondiale dell&#8217;Ambiente lancia un monito chiaro: non possiamo pi\u00f9 curare i sintomi, dobbiamo cambiare il sistema.<\/p>\n","protected":false},"author":28,"featured_media":31292,"comment_status":"closed","ping_status":"open","sticky":false,"template":"","format":"standard","meta":{"footnotes":""},"categories":[33],"tags":[330,19468,18470,19464,3987,19465,19463],"class_list":["post-31291","post","type-post","status-publish","format-standard","has-post-thumbnail","category-mondo","tag-ambiente","tag-amiamo-la-terra","tag-onu","tag-piantare-alberi","tag-racconto-educativo","tag-riforestare","tag-storia-del-mondo"],"yoast_head":"<!-- This site is optimized with the Yoast SEO plugin v28.4 - https:\/\/yoast.com\/product\/yoast-seo-wordpress\/ -->\n<title>5 giugno\u2026Giornata Mondiale dell\u2019Ambiente - IPiccoliQuotidiano.it<\/title>\n<meta name=\"robots\" content=\"index, follow, max-snippet:-1, max-image-preview:large, max-video-preview:-1\" \/>\n<link rel=\"canonical\" href=\"https:\/\/www.ipiccoliquotidiano.it\/index.php\/2026\/06\/04\/5-giugnogiornata-mondiale-dellambiente\/\" \/>\n<meta property=\"og:locale\" content=\"it_IT\" \/>\n<meta property=\"og:type\" content=\"article\" \/>\n<meta property=\"og:title\" content=\"5 giugno\u2026Giornata Mondiale dell\u2019Ambiente - IPiccoliQuotidiano.it\" \/>\n<meta property=\"og:description\" content=\"Oggi ci troviamo di fronte a un bivio narrativo cruciale. Sotto la pressione di eventi climatici sempre pi\u00f9 estremi e imprevedibili, la Giornata Mondiale dell&#039;Ambiente lancia un monito chiaro: non possiamo pi\u00f9 curare i sintomi, dobbiamo cambiare il sistema.\" \/>\n<meta property=\"og:url\" content=\"https:\/\/www.ipiccoliquotidiano.it\/index.php\/2026\/06\/04\/5-giugnogiornata-mondiale-dellambiente\/\" \/>\n<meta property=\"og:site_name\" content=\"IPiccoliQuotidiano.it\" \/>\n<meta property=\"article:publisher\" content=\"https:\/\/www.facebook.com\/ipiccoliquotidiano\" \/>\n<meta property=\"article:published_time\" content=\"2026-06-04T03:18:48+00:00\" \/>\n<meta property=\"article:modified_time\" content=\"2026-06-04T03:18:49+00:00\" \/>\n<meta property=\"og:image\" content=\"https:\/\/www.ipiccoliquotidiano.it\/wp-content\/uploads\/2026\/06\/0641785c-7da4-455e-9ae2-3d314bf3b2dc.jpg\" \/>\n\t<meta property=\"og:image:width\" content=\"1024\" \/>\n\t<meta property=\"og:image:height\" content=\"559\" \/>\n\t<meta property=\"og:image:type\" content=\"image\/jpeg\" \/>\n<meta name=\"author\" content=\"La Redazione\" \/>\n<meta name=\"twitter:card\" content=\"summary_large_image\" \/>\n<meta name=\"twitter:label1\" content=\"Scritto da\" \/>\n\t<meta name=\"twitter:data1\" content=\"La Redazione\" \/>\n\t<meta name=\"twitter:label2\" content=\"Tempo di lettura stimato\" \/>\n\t<meta name=\"twitter:data2\" content=\"3 minuti\" \/>\n<script type=\"application\/ld+json\" class=\"yoast-schema-graph\">{\"@context\":\"https:\\\/\\\/schema.org\",\"@graph\":[{\"@type\":\"Article\",\"@id\":\"https:\\\/\\\/www.ipiccoliquotidiano.it\\\/index.php\\\/2026\\\/06\\\/04\\\/5-giugnogiornata-mondiale-dellambiente\\\/#article\",\"isPartOf\":{\"@id\":\"https:\\\/\\\/www.ipiccoliquotidiano.it\\\/index.php\\\/2026\\\/06\\\/04\\\/5-giugnogiornata-mondiale-dellambiente\\\/\"},\"author\":{\"name\":\"La Redazione\",\"@id\":\"https:\\\/\\\/www.ipiccoliquotidiano.it\\\/#\\\/schema\\\/person\\\/173e9c5d7e4380741603f4a4b6d8bb1a\"},\"headline\":\"5 giugno\u2026Giornata Mondiale dell\u2019Ambiente\",\"datePublished\":\"2026-06-04T03:18:48+00:00\",\"dateModified\":\"2026-06-04T03:18:49+00:00\",\"mainEntityOfPage\":{\"@id\":\"https:\\\/\\\/www.ipiccoliquotidiano.it\\\/index.php\\\/2026\\\/06\\\/04\\\/5-giugnogiornata-mondiale-dellambiente\\\/\"},\"wordCount\":521,\"publisher\":{\"@id\":\"https:\\\/\\\/www.ipiccoliquotidiano.it\\\/#organization\"},\"image\":{\"@id\":\"https:\\\/\\\/www.ipiccoliquotidiano.it\\\/index.php\\\/2026\\\/06\\\/04\\\/5-giugnogiornata-mondiale-dellambiente\\\/#primaryimage\"},\"thumbnailUrl\":\"https:\\\/\\\/www.ipiccoliquotidiano.it\\\/wp-content\\\/uploads\\\/2026\\\/06\\\/0641785c-7da4-455e-9ae2-3d314bf3b2dc.jpg\",\"keywords\":[\"ambiente\",\"amiamo la terra\",\"ONU\",\"piantare alberi\",\"Racconto educativo\",\"riforestare\",\"storia del mondo\"],\"articleSection\":[\"Dal Mondo\"],\"inLanguage\":\"it-IT\"},{\"@type\":\"WebPage\",\"@id\":\"https:\\\/\\\/www.ipiccoliquotidiano.it\\\/index.php\\\/2026\\\/06\\\/04\\\/5-giugnogiornata-mondiale-dellambiente\\\/\",\"url\":\"https:\\\/\\\/www.ipiccoliquotidiano.it\\\/index.php\\\/2026\\\/06\\\/04\\\/5-giugnogiornata-mondiale-dellambiente\\\/\",\"name\":\"5 giugno\u2026Giornata Mondiale dell\u2019Ambiente - IPiccoliQuotidiano.it\",\"isPartOf\":{\"@id\":\"https:\\\/\\\/www.ipiccoliquotidiano.it\\\/#website\"},\"primaryImageOfPage\":{\"@id\":\"https:\\\/\\\/www.ipiccoliquotidiano.it\\\/index.php\\\/2026\\\/06\\\/04\\\/5-giugnogiornata-mondiale-dellambiente\\\/#primaryimage\"},\"image\":{\"@id\":\"https:\\\/\\\/www.ipiccoliquotidiano.it\\\/index.php\\\/2026\\\/06\\\/04\\\/5-giugnogiornata-mondiale-dellambiente\\\/#primaryimage\"},\"thumbnailUrl\":\"https:\\\/\\\/www.ipiccoliquotidiano.it\\\/wp-content\\\/uploads\\\/2026\\\/06\\\/0641785c-7da4-455e-9ae2-3d314bf3b2dc.jpg\",\"datePublished\":\"2026-06-04T03:18:48+00:00\",\"dateModified\":\"2026-06-04T03:18:49+00:00\",\"breadcrumb\":{\"@id\":\"https:\\\/\\\/www.ipiccoliquotidiano.it\\\/index.php\\\/2026\\\/06\\\/04\\\/5-giugnogiornata-mondiale-dellambiente\\\/#breadcrumb\"},\"inLanguage\":\"it-IT\",\"potentialAction\":[{\"@type\":\"ReadAction\",\"target\":[\"https:\\\/\\\/www.ipiccoliquotidiano.it\\\/index.php\\\/2026\\\/06\\\/04\\\/5-giugnogiornata-mondiale-dellambiente\\\/\"]}]},{\"@type\":\"ImageObject\",\"inLanguage\":\"it-IT\",\"@id\":\"https:\\\/\\\/www.ipiccoliquotidiano.it\\\/index.php\\\/2026\\\/06\\\/04\\\/5-giugnogiornata-mondiale-dellambiente\\\/#primaryimage\",\"url\":\"https:\\\/\\\/www.ipiccoliquotidiano.it\\\/wp-content\\\/uploads\\\/2026\\\/06\\\/0641785c-7da4-455e-9ae2-3d314bf3b2dc.jpg\",\"contentUrl\":\"https:\\\/\\\/www.ipiccoliquotidiano.it\\\/wp-content\\\/uploads\\\/2026\\\/06\\\/0641785c-7da4-455e-9ae2-3d314bf3b2dc.jpg\",\"width\":1024,\"height\":559},{\"@type\":\"BreadcrumbList\",\"@id\":\"https:\\\/\\\/www.ipiccoliquotidiano.it\\\/index.php\\\/2026\\\/06\\\/04\\\/5-giugnogiornata-mondiale-dellambiente\\\/#breadcrumb\",\"itemListElement\":[{\"@type\":\"ListItem\",\"position\":1,\"name\":\"Home\",\"item\":\"https:\\\/\\\/www.ipiccoliquotidiano.it\\\/\"},{\"@type\":\"ListItem\",\"position\":2,\"name\":\"5 giugno\u2026Giornata Mondiale dell\u2019Ambiente\"}]},{\"@type\":\"WebSite\",\"@id\":\"https:\\\/\\\/www.ipiccoliquotidiano.it\\\/#website\",\"url\":\"https:\\\/\\\/www.ipiccoliquotidiano.it\\\/\",\"name\":\"IPiccoliQuotidiano.it\",\"description\":\"Il Quotidiano dei Piccoli\",\"publisher\":{\"@id\":\"https:\\\/\\\/www.ipiccoliquotidiano.it\\\/#organization\"},\"potentialAction\":[{\"@type\":\"SearchAction\",\"target\":{\"@type\":\"EntryPoint\",\"urlTemplate\":\"https:\\\/\\\/www.ipiccoliquotidiano.it\\\/?s={search_term_string}\"},\"query-input\":{\"@type\":\"PropertyValueSpecification\",\"valueRequired\":true,\"valueName\":\"search_term_string\"}}],\"inLanguage\":\"it-IT\"},{\"@type\":\"Organization\",\"@id\":\"https:\\\/\\\/www.ipiccoliquotidiano.it\\\/#organization\",\"name\":\"IPiccoliQuotidiano.it\",\"url\":\"https:\\\/\\\/www.ipiccoliquotidiano.it\\\/\",\"logo\":{\"@type\":\"ImageObject\",\"inLanguage\":\"it-IT\",\"@id\":\"https:\\\/\\\/www.ipiccoliquotidiano.it\\\/#\\\/schema\\\/logo\\\/image\\\/\",\"url\":\"https:\\\/\\\/www.ipiccoliquotidiano.it\\\/wp-content\\\/uploads\\\/2024\\\/05\\\/ipiccoli-logo.jpg\",\"contentUrl\":\"https:\\\/\\\/www.ipiccoliquotidiano.it\\\/wp-content\\\/uploads\\\/2024\\\/05\\\/ipiccoli-logo.jpg\",\"width\":300,\"height\":129,\"caption\":\"IPiccoliQuotidiano.it\"},\"image\":{\"@id\":\"https:\\\/\\\/www.ipiccoliquotidiano.it\\\/#\\\/schema\\\/logo\\\/image\\\/\"},\"sameAs\":[\"https:\\\/\\\/www.facebook.com\\\/ipiccoliquotidiano\"]},{\"@type\":\"Person\",\"@id\":\"https:\\\/\\\/www.ipiccoliquotidiano.it\\\/#\\\/schema\\\/person\\\/173e9c5d7e4380741603f4a4b6d8bb1a\",\"name\":\"La Redazione\",\"description\":\"La redazione de \\\"I Piccoli Quotidiano\\\" \u00e8 una testata giornalistica pensata per i bambini e rivolta a tutti coloro che vogliono conoscere tutto ci\u00f2 che accade nel mondo tra curiosit\u00e0 e approfondimenti.\",\"url\":\"https:\\\/\\\/www.ipiccoliquotidiano.it\\\/index.php\\\/author\\\/la-redazione\\\/\"}]}<\/script>\n<!-- \/ Yoast SEO plugin. -->","yoast_head_json":{"title":"5 giugno\u2026Giornata Mondiale dell\u2019Ambiente - IPiccoliQuotidiano.it","robots":{"index":"index","follow":"follow","max-snippet":"max-snippet:-1","max-image-preview":"max-image-preview:large","max-video-preview":"max-video-preview:-1"},"canonical":"https:\/\/www.ipiccoliquotidiano.it\/index.php\/2026\/06\/04\/5-giugnogiornata-mondiale-dellambiente\/","og_locale":"it_IT","og_type":"article","og_title":"5 giugno\u2026Giornata Mondiale dell\u2019Ambiente - IPiccoliQuotidiano.it","og_description":"Oggi ci troviamo di fronte a un bivio narrativo cruciale. Sotto la pressione di eventi climatici sempre pi\u00f9 estremi e imprevedibili, la Giornata Mondiale dell'Ambiente lancia un monito chiaro: non possiamo pi\u00f9 curare i sintomi, dobbiamo cambiare il sistema.","og_url":"https:\/\/www.ipiccoliquotidiano.it\/index.php\/2026\/06\/04\/5-giugnogiornata-mondiale-dellambiente\/","og_site_name":"IPiccoliQuotidiano.it","article_publisher":"https:\/\/www.facebook.com\/ipiccoliquotidiano","article_published_time":"2026-06-04T03:18:48+00:00","article_modified_time":"2026-06-04T03:18:49+00:00","og_image":[{"width":1024,"height":559,"url":"https:\/\/www.ipiccoliquotidiano.it\/wp-content\/uploads\/2026\/06\/0641785c-7da4-455e-9ae2-3d314bf3b2dc.jpg","type":"image\/jpeg"}],"author":"La Redazione","twitter_card":"summary_large_image","twitter_misc":{"Scritto da":"La Redazione","Tempo di lettura stimato":"3 minuti"},"schema":{"@context":"https:\/\/schema.org","@graph":[{"@type":"Article","@id":"https:\/\/www.ipiccoliquotidiano.it\/index.php\/2026\/06\/04\/5-giugnogiornata-mondiale-dellambiente\/#article","isPartOf":{"@id":"https:\/\/www.ipiccoliquotidiano.it\/index.php\/2026\/06\/04\/5-giugnogiornata-mondiale-dellambiente\/"},"author":{"name":"La Redazione","@id":"https:\/\/www.ipiccoliquotidiano.it\/#\/schema\/person\/173e9c5d7e4380741603f4a4b6d8bb1a"},"headline":"5 giugno\u2026Giornata Mondiale dell\u2019Ambiente","datePublished":"2026-06-04T03:18:48+00:00","dateModified":"2026-06-04T03:18:49+00:00","mainEntityOfPage":{"@id":"https:\/\/www.ipiccoliquotidiano.it\/index.php\/2026\/06\/04\/5-giugnogiornata-mondiale-dellambiente\/"},"wordCount":521,"publisher":{"@id":"https:\/\/www.ipiccoliquotidiano.it\/#organization"},"image":{"@id":"https:\/\/www.ipiccoliquotidiano.it\/index.php\/2026\/06\/04\/5-giugnogiornata-mondiale-dellambiente\/#primaryimage"},"thumbnailUrl":"https:\/\/www.ipiccoliquotidiano.it\/wp-content\/uploads\/2026\/06\/0641785c-7da4-455e-9ae2-3d314bf3b2dc.jpg","keywords":["ambiente","amiamo la terra","ONU","piantare alberi","Racconto educativo","riforestare","storia del mondo"],"articleSection":["Dal Mondo"],"inLanguage":"it-IT"},{"@type":"WebPage","@id":"https:\/\/www.ipiccoliquotidiano.it\/index.php\/2026\/06\/04\/5-giugnogiornata-mondiale-dellambiente\/","url":"https:\/\/www.ipiccoliquotidiano.it\/index.php\/2026\/06\/04\/5-giugnogiornata-mondiale-dellambiente\/","name":"5 giugno\u2026Giornata Mondiale dell\u2019Ambiente - IPiccoliQuotidiano.it","isPartOf":{"@id":"https:\/\/www.ipiccoliquotidiano.it\/#website"},"primaryImageOfPage":{"@id":"https:\/\/www.ipiccoliquotidiano.it\/index.php\/2026\/06\/04\/5-giugnogiornata-mondiale-dellambiente\/#primaryimage"},"image":{"@id":"https:\/\/www.ipiccoliquotidiano.it\/index.php\/2026\/06\/04\/5-giugnogiornata-mondiale-dellambiente\/#primaryimage"},"thumbnailUrl":"https:\/\/www.ipiccoliquotidiano.it\/wp-content\/uploads\/2026\/06\/0641785c-7da4-455e-9ae2-3d314bf3b2dc.jpg","datePublished":"2026-06-04T03:18:48+00:00","dateModified":"2026-06-04T03:18:49+00:00","breadcrumb":{"@id":"https:\/\/www.ipiccoliquotidiano.it\/index.php\/2026\/06\/04\/5-giugnogiornata-mondiale-dellambiente\/#breadcrumb"},"inLanguage":"it-IT","potentialAction":[{"@type":"ReadAction","target":["https:\/\/www.ipiccoliquotidiano.it\/index.php\/2026\/06\/04\/5-giugnogiornata-mondiale-dellambiente\/"]}]},{"@type":"ImageObject","inLanguage":"it-IT","@id":"https:\/\/www.ipiccoliquotidiano.it\/index.php\/2026\/06\/04\/5-giugnogiornata-mondiale-dellambiente\/#primaryimage","url":"https:\/\/www.ipiccoliquotidiano.it\/wp-content\/uploads\/2026\/06\/0641785c-7da4-455e-9ae2-3d314bf3b2dc.jpg","contentUrl":"https:\/\/www.ipiccoliquotidiano.it\/wp-content\/uploads\/2026\/06\/0641785c-7da4-455e-9ae2-3d314bf3b2dc.jpg","width":1024,"height":559},{"@type":"BreadcrumbList","@id":"https:\/\/www.ipiccoliquotidiano.it\/index.php\/2026\/06\/04\/5-giugnogiornata-mondiale-dellambiente\/#breadcrumb","itemListElement":[{"@type":"ListItem","position":1,"name":"Home","item":"https:\/\/www.ipiccoliquotidiano.it\/"},{"@type":"ListItem","position":2,"name":"5 giugno\u2026Giornata Mondiale dell\u2019Ambiente"}]},{"@type":"WebSite","@id":"https:\/\/www.ipiccoliquotidiano.it\/#website","url":"https:\/\/www.ipiccoliquotidiano.it\/","name":"IPiccoliQuotidiano.it","description":"Il Quotidiano dei Piccoli","publisher":{"@id":"https:\/\/www.ipiccoliquotidiano.it\/#organization"},"potentialAction":[{"@type":"SearchAction","target":{"@type":"EntryPoint","urlTemplate":"https:\/\/www.ipiccoliquotidiano.it\/?s={search_term_string}"},"query-input":{"@type":"PropertyValueSpecification","valueRequired":true,"valueName":"search_term_string"}}],"inLanguage":"it-IT"},{"@type":"Organization","@id":"https:\/\/www.ipiccoliquotidiano.it\/#organization","name":"IPiccoliQuotidiano.it","url":"https:\/\/www.ipiccoliquotidiano.it\/","logo":{"@type":"ImageObject","inLanguage":"it-IT","@id":"https:\/\/www.ipiccoliquotidiano.it\/#\/schema\/logo\/image\/","url":"https:\/\/www.ipiccoliquotidiano.it\/wp-content\/uploads\/2024\/05\/ipiccoli-logo.jpg","contentUrl":"https:\/\/www.ipiccoliquotidiano.it\/wp-content\/uploads\/2024\/05\/ipiccoli-logo.jpg","width":300,"height":129,"caption":"IPiccoliQuotidiano.it"},"image":{"@id":"https:\/\/www.ipiccoliquotidiano.it\/#\/schema\/logo\/image\/"},"sameAs":["https:\/\/www.facebook.com\/ipiccoliquotidiano"]},{"@type":"Person","@id":"https:\/\/www.ipiccoliquotidiano.it\/#\/schema\/person\/173e9c5d7e4380741603f4a4b6d8bb1a","name":"La Redazione","description":"La redazione de \"I Piccoli Quotidiano\" \u00e8 una testata giornalistica pensata per i bambini e rivolta a tutti coloro che vogliono conoscere tutto ci\u00f2 che accade nel mondo tra curiosit\u00e0 e approfondimenti.","url":"https:\/\/www.ipiccoliquotidiano.it\/index.php\/author\/la-redazione\/"}]}},"_links":{"self":[{"href":"https:\/\/www.ipiccoliquotidiano.it\/index.php\/wp-json\/wp\/v2\/posts\/31291","targetHints":{"allow":["GET"]}}],"collection":[{"href":"https:\/\/www.ipiccoliquotidiano.it\/index.php\/wp-json\/wp\/v2\/posts"}],"about":[{"href":"https:\/\/www.ipiccoliquotidiano.it\/index.php\/wp-json\/wp\/v2\/types\/post"}],"author":[{"embeddable":true,"href":"https:\/\/www.ipiccoliquotidiano.it\/index.php\/wp-json\/wp\/v2\/users\/28"}],"replies":[{"embeddable":true,"href":"https:\/\/www.ipiccoliquotidiano.it\/index.php\/wp-json\/wp\/v2\/comments?post=31291"}],"version-history":[{"count":1,"href":"https:\/\/www.ipiccoliquotidiano.it\/index.php\/wp-json\/wp\/v2\/posts\/31291\/revisions"}],"predecessor-version":[{"id":31293,"href":"https:\/\/www.ipiccoliquotidiano.it\/index.php\/wp-json\/wp\/v2\/posts\/31291\/revisions\/31293"}],"wp:featuredmedia":[{"embeddable":true,"href":"https:\/\/www.ipiccoliquotidiano.it\/index.php\/wp-json\/wp\/v2\/media\/31292"}],"wp:attachment":[{"href":"https:\/\/www.ipiccoliquotidiano.it\/index.php\/wp-json\/wp\/v2\/media?parent=31291"}],"wp:term":[{"taxonomy":"category","embeddable":true,"href":"https:\/\/www.ipiccoliquotidiano.it\/index.php\/wp-json\/wp\/v2\/categories?post=31291"},{"taxonomy":"post_tag","embeddable":true,"href":"https:\/\/www.ipiccoliquotidiano.it\/index.php\/wp-json\/wp\/v2\/tags?post=31291"}],"curies":[{"name":"wp","href":"https:\/\/api.w.org\/{rel}","templated":true}]}}