{"id":31136,"date":"2026-05-14T23:32:17","date_gmt":"2026-05-14T21:32:17","guid":{"rendered":"https:\/\/www.ipiccoliquotidiano.it\/?p=31136"},"modified":"2026-05-14T23:35:41","modified_gmt":"2026-05-14T21:35:41","slug":"giro-ditalia-riparte-da-paestum","status":"publish","type":"post","link":"https:\/\/www.ipiccoliquotidiano.it\/index.php\/2026\/05\/14\/giro-ditalia-riparte-da-paestum\/","title":{"rendered":"Giro d\u2019Italia\u2026 riparte da Paestum!"},"content":{"rendered":"\n<p class=\"wp-block-paragraph\">6^ tappa del Giro: Paestum- Napoli<\/p>\n\n\n\n<p class=\"wp-block-paragraph\">Cos\u2019\u00e8 il Giro d\u2019Italia?<\/p>\n\n\n\n<p class=\"wp-block-paragraph\">\u00c8 la corsa in bici pi\u00f9 famosa d\u2019Italia.<\/p>\n\n\n\n<p class=\"wp-block-paragraph\">Per 3 settimane i ciclisti fanno il giro del Paese, tappa dopo tappa, come se fosse una grande avventura.<\/p>\n\n\n\n<p class=\"wp-block-paragraph\">\u00c8 un po\u2019 come il Tour de France, ma con pi\u00f9 pizza e gelato lungo la strada!<\/p>\n\n\n\n<p class=\"wp-block-paragraph\">Perch\u00e9 \u00e8 arrivato a Paestum?<\/p>\n\n\n\n<p class=\"wp-block-paragraph\">Paestum \u00e8 una citt\u00e0 antichissima in Campania, famosa per i suoi templi greci alti alti e ancora in piedi da 2500 anni.<\/p>\n\n\n\n<p class=\"wp-block-paragraph\">Immaginate di pedalare con i templi sullo sfondo\u2026 sembra di correre in un museo a cielo aperto!<\/p>\n\n\n\n<p class=\"wp-block-paragraph\">Quando il Giro parte da Paestum, i ciclisti sfrecciano davanti alle colonne della basilica e dei templi di Nettuno e Cerere.<\/p>\n\n\n\n<p class=\"wp-block-paragraph\">La gente fa il tifo, sventola bandiere e grida \u201cForza!\u201d.<\/p>\n\n\n\n<p class=\"wp-block-paragraph\">\u00c8 una festa per tutta la citt\u00e0.<\/p>\n\n\n\n<figure class=\"wp-block-image size-full\"><img fetchpriority=\"high\" decoding=\"async\" width=\"720\" height=\"665\" src=\"https:\/\/www.ipiccoliquotidiano.it\/wp-content\/uploads\/2026\/05\/3afc23c8-c162-4265-ac58-a38771d06d32.jpg\" alt=\"\" class=\"wp-image-31139\" srcset=\"https:\/\/www.ipiccoliquotidiano.it\/wp-content\/uploads\/2026\/05\/3afc23c8-c162-4265-ac58-a38771d06d32.jpg 720w, https:\/\/www.ipiccoliquotidiano.it\/wp-content\/uploads\/2026\/05\/3afc23c8-c162-4265-ac58-a38771d06d32-300x277.jpg 300w, https:\/\/www.ipiccoliquotidiano.it\/wp-content\/uploads\/2026\/05\/3afc23c8-c162-4265-ac58-a38771d06d32-150x139.jpg 150w, https:\/\/www.ipiccoliquotidiano.it\/wp-content\/uploads\/2026\/05\/3afc23c8-c162-4265-ac58-a38771d06d32-450x416.jpg 450w\" sizes=\"(max-width: 720px) 100vw, 720px\" \/><\/figure>\n\n\n\n<p class=\"wp-block-paragraph\"><strong>Curiosit\u00e0<\/strong><\/p>\n\n\n\n<p class=\"wp-block-paragraph\">La Maglia Rosa: Il ciclista che va pi\u00f9 forte nella classifica generale indossa una maglia rosa.<\/p>\n\n\n\n<p class=\"wp-block-paragraph\">A Paestum tutti vogliono vederla da vicino!<\/p>\n\n\n\n<p class=\"wp-block-paragraph\">Rosa come il colore dei fiori di ciliegio in primavera.<\/p>\n\n\n\n<p class=\"wp-block-paragraph\">La carovana: Prima dei ciclisti passa la \u201ccarovana pubblicitaria\u201d.<\/p>\n\n\n\n<p class=\"wp-block-paragraph\">Sono camion e macchine che lanciano cappellini, gadget e caramelle alla gente.<\/p>\n\n\n\n<p class=\"wp-block-paragraph\">I bambini si mettono a bordo strada con le mani aperte!<\/p>\n\n\n\n<p class=\"wp-block-paragraph\">Fatica pazzesca: sesta tappa del Giro lunga 142 km, da Paestum a Napoli, con un dislivello di 500 metri\u2026 tempo totale 3 ore, 19 minuti e 30 secondi!<\/p>\n\n\n\n<p class=\"wp-block-paragraph\">I ciclisti pedalano senza fermarsi quasi mai.<\/p>\n\n\n\n<p class=\"wp-block-paragraph\">Quando i corridori passano davanti ai templi, le foto sembrano scattate 2000 anni fa, ma con le bici moderne!<\/p>\n\n\n\n<p class=\"wp-block-paragraph\">Tutto \u00e8 molto bello\u2026 perch\u00e9 il Giro unisce lo sport, la storia e la gente.<\/p>\n\n\n\n<p class=\"wp-block-paragraph\">Vedere i ciclisti correre tra le rovine di Paestum fa capire che l\u2019Italia \u00e8 un posto unico: puoi fare sport nel passato!<\/p>\n\n\n\n<p class=\"wp-block-paragraph\"><strong>E poi\u2026<\/strong><\/p>\n\n\n\n<p class=\"wp-block-paragraph\">Il &#8220;Giro del Gusto&#8221;: Mozzarella e Ciclismo<\/p>\n\n\n\n<p class=\"wp-block-paragraph\">Oltre ai templi, Paestum \u00e8 la capitale mondiale della Mozzarella di Bufala Campana.<\/p>\n\n\n\n<p class=\"wp-block-paragraph\">Quando il Giro passa di qui, non \u00e8 raro vedere i meccanici delle squadre o i giornalisti fare una piccola sosta nei caseifici lungo la strada.<\/p>\n\n\n\n<p class=\"wp-block-paragraph\">Ma i ciclisti purtroppo non possono mangiarla durante la gara perch\u00e9 troppo pesante per pedalare! Ma, molti campioni hanno dichiarato che la mozzarella di Paestum \u00e8 il loro &#8220;premio&#8221; preferito dopo aver tagliato il traguardo!<\/p>\n\n\n\n<p class=\"wp-block-paragraph\">Una strada dritta come una freccia<\/p>\n\n\n\n<p class=\"wp-block-paragraph\">La strada che parte da Paestum \u00e8 abbastanza dritta e pianeggiante. Questo significa che i ciclisti non vanno solo veloci&#8230; volano!<\/p>\n\n\n\n<p class=\"wp-block-paragraph\">L&#8217;effetto visivo<\/p>\n\n\n\n<p class=\"wp-block-paragraph\">Davanti ai templi, i ciclisti sembrano dei &#8220;colorati proiettili del futuro&#8221; che sfrecciano accanto a giganti di pietra del passato. Il contrasto tra la velocit\u00e0 estrema e l&#8217;immobilit\u00e0 dei templi \u00e8 ci\u00f2 che rende le foto uniche al mondo.<\/p>\n\n\n\n<p class=\"wp-block-paragraph\">La &#8220;Rosa&#8221; di Paestum<\/p>\n\n\n\n<p class=\"wp-block-paragraph\">Abbiamo detto che la maglia \u00e8 rosa come i fiori di ciliegio, ma c&#8217;\u00e8 un legame ancora pi\u00f9 antico con Paestum\u2026<\/p>\n\n\n\n<p class=\"wp-block-paragraph\">Gli antichi romani amavano Paestum per le sue rose, che fiorivano due volte l&#8217;anno. Erano famose in tutto l&#8217;Impero!<\/p>\n\n\n\n<p class=\"wp-block-paragraph\">Quindi, quando il corridore con la Maglia Rosa passa tra i templi, \u00e8 come se portasse omaggio a un&#8217;antichissima tradizione della citt\u00e0. \u00c8 il colore perfetto per questo posto!<\/p>\n\n\n\n<p class=\"wp-block-paragraph\"><\/p>\n","protected":false},"excerpt":{"rendered":"<p>6^ tappa del Giro d&#8217;Italia: Paestum-Napoli!<\/p>\n","protected":false},"author":28,"featured_media":31137,"comment_status":"closed","ping_status":"open","sticky":false,"template":"","format":"standard","meta":{"footnotes":""},"categories":[48,74],"tags":[19341,19338,19340],"class_list":["post-31136","post","type-post","status-publish","format-standard","has-post-thumbnail","category-a-tutto-sport","category-rubriche","tag-corridoriin-bici","tag-giroditalia","tag-magliarosa"],"yoast_head":"<!-- This site is optimized with the Yoast SEO plugin v28.3 - https:\/\/yoast.com\/product\/yoast-seo-wordpress\/ -->\n<title>Giro d\u2019Italia\u2026 riparte da Paestum! - IPiccoliQuotidiano.it<\/title>\n<meta name=\"robots\" content=\"index, follow, max-snippet:-1, max-image-preview:large, max-video-preview:-1\" \/>\n<link rel=\"canonical\" href=\"https:\/\/www.ipiccoliquotidiano.it\/index.php\/2026\/05\/14\/giro-ditalia-riparte-da-paestum\/\" \/>\n<meta property=\"og:locale\" content=\"it_IT\" \/>\n<meta property=\"og:type\" content=\"article\" \/>\n<meta property=\"og:title\" content=\"Giro d\u2019Italia\u2026 riparte da Paestum! - IPiccoliQuotidiano.it\" \/>\n<meta property=\"og:description\" content=\"6^ tappa del Giro d&#039;Italia: Paestum-Napoli!\" \/>\n<meta property=\"og:url\" content=\"https:\/\/www.ipiccoliquotidiano.it\/index.php\/2026\/05\/14\/giro-ditalia-riparte-da-paestum\/\" \/>\n<meta property=\"og:site_name\" content=\"IPiccoliQuotidiano.it\" \/>\n<meta property=\"article:publisher\" content=\"https:\/\/www.facebook.com\/ipiccoliquotidiano\" \/>\n<meta property=\"article:published_time\" content=\"2026-05-14T21:32:17+00:00\" \/>\n<meta property=\"article:modified_time\" content=\"2026-05-14T21:35:41+00:00\" \/>\n<meta property=\"og:image\" content=\"https:\/\/www.ipiccoliquotidiano.it\/wp-content\/uploads\/2026\/05\/aef59a46-c971-4f32-b912-37555140e3ff.jpg\" \/>\n\t<meta property=\"og:image:width\" content=\"1024\" \/>\n\t<meta property=\"og:image:height\" content=\"559\" \/>\n\t<meta property=\"og:image:type\" content=\"image\/jpeg\" \/>\n<meta name=\"author\" content=\"La Redazione\" \/>\n<meta name=\"twitter:card\" content=\"summary_large_image\" \/>\n<meta name=\"twitter:label1\" content=\"Scritto da\" \/>\n\t<meta name=\"twitter:data1\" content=\"La Redazione\" \/>\n\t<meta name=\"twitter:label2\" content=\"Tempo di lettura stimato\" \/>\n\t<meta name=\"twitter:data2\" content=\"4 minuti\" \/>\n<script type=\"application\/ld+json\" class=\"yoast-schema-graph\">{\"@context\":\"https:\\\/\\\/schema.org\",\"@graph\":[{\"@type\":\"Article\",\"@id\":\"https:\\\/\\\/www.ipiccoliquotidiano.it\\\/index.php\\\/2026\\\/05\\\/14\\\/giro-ditalia-riparte-da-paestum\\\/#article\",\"isPartOf\":{\"@id\":\"https:\\\/\\\/www.ipiccoliquotidiano.it\\\/index.php\\\/2026\\\/05\\\/14\\\/giro-ditalia-riparte-da-paestum\\\/\"},\"author\":{\"name\":\"La Redazione\",\"@id\":\"https:\\\/\\\/www.ipiccoliquotidiano.it\\\/#\\\/schema\\\/person\\\/173e9c5d7e4380741603f4a4b6d8bb1a\"},\"headline\":\"Giro d\u2019Italia\u2026 riparte da Paestum!\",\"datePublished\":\"2026-05-14T21:32:17+00:00\",\"dateModified\":\"2026-05-14T21:35:41+00:00\",\"mainEntityOfPage\":{\"@id\":\"https:\\\/\\\/www.ipiccoliquotidiano.it\\\/index.php\\\/2026\\\/05\\\/14\\\/giro-ditalia-riparte-da-paestum\\\/\"},\"wordCount\":507,\"publisher\":{\"@id\":\"https:\\\/\\\/www.ipiccoliquotidiano.it\\\/#organization\"},\"image\":{\"@id\":\"https:\\\/\\\/www.ipiccoliquotidiano.it\\\/index.php\\\/2026\\\/05\\\/14\\\/giro-ditalia-riparte-da-paestum\\\/#primaryimage\"},\"thumbnailUrl\":\"https:\\\/\\\/www.ipiccoliquotidiano.it\\\/wp-content\\\/uploads\\\/2026\\\/05\\\/aef59a46-c971-4f32-b912-37555140e3ff.jpg\",\"keywords\":[\"corridoriin bici\",\"girod'italia\",\"magliarosa\"],\"articleSection\":[\"A tutto sport\",\"Rubriche\"],\"inLanguage\":\"it-IT\"},{\"@type\":\"WebPage\",\"@id\":\"https:\\\/\\\/www.ipiccoliquotidiano.it\\\/index.php\\\/2026\\\/05\\\/14\\\/giro-ditalia-riparte-da-paestum\\\/\",\"url\":\"https:\\\/\\\/www.ipiccoliquotidiano.it\\\/index.php\\\/2026\\\/05\\\/14\\\/giro-ditalia-riparte-da-paestum\\\/\",\"name\":\"Giro d\u2019Italia\u2026 riparte da Paestum! - IPiccoliQuotidiano.it\",\"isPartOf\":{\"@id\":\"https:\\\/\\\/www.ipiccoliquotidiano.it\\\/#website\"},\"primaryImageOfPage\":{\"@id\":\"https:\\\/\\\/www.ipiccoliquotidiano.it\\\/index.php\\\/2026\\\/05\\\/14\\\/giro-ditalia-riparte-da-paestum\\\/#primaryimage\"},\"image\":{\"@id\":\"https:\\\/\\\/www.ipiccoliquotidiano.it\\\/index.php\\\/2026\\\/05\\\/14\\\/giro-ditalia-riparte-da-paestum\\\/#primaryimage\"},\"thumbnailUrl\":\"https:\\\/\\\/www.ipiccoliquotidiano.it\\\/wp-content\\\/uploads\\\/2026\\\/05\\\/aef59a46-c971-4f32-b912-37555140e3ff.jpg\",\"datePublished\":\"2026-05-14T21:32:17+00:00\",\"dateModified\":\"2026-05-14T21:35:41+00:00\",\"breadcrumb\":{\"@id\":\"https:\\\/\\\/www.ipiccoliquotidiano.it\\\/index.php\\\/2026\\\/05\\\/14\\\/giro-ditalia-riparte-da-paestum\\\/#breadcrumb\"},\"inLanguage\":\"it-IT\",\"potentialAction\":[{\"@type\":\"ReadAction\",\"target\":[\"https:\\\/\\\/www.ipiccoliquotidiano.it\\\/index.php\\\/2026\\\/05\\\/14\\\/giro-ditalia-riparte-da-paestum\\\/\"]}]},{\"@type\":\"ImageObject\",\"inLanguage\":\"it-IT\",\"@id\":\"https:\\\/\\\/www.ipiccoliquotidiano.it\\\/index.php\\\/2026\\\/05\\\/14\\\/giro-ditalia-riparte-da-paestum\\\/#primaryimage\",\"url\":\"https:\\\/\\\/www.ipiccoliquotidiano.it\\\/wp-content\\\/uploads\\\/2026\\\/05\\\/aef59a46-c971-4f32-b912-37555140e3ff.jpg\",\"contentUrl\":\"https:\\\/\\\/www.ipiccoliquotidiano.it\\\/wp-content\\\/uploads\\\/2026\\\/05\\\/aef59a46-c971-4f32-b912-37555140e3ff.jpg\",\"width\":1024,\"height\":559},{\"@type\":\"BreadcrumbList\",\"@id\":\"https:\\\/\\\/www.ipiccoliquotidiano.it\\\/index.php\\\/2026\\\/05\\\/14\\\/giro-ditalia-riparte-da-paestum\\\/#breadcrumb\",\"itemListElement\":[{\"@type\":\"ListItem\",\"position\":1,\"name\":\"Home\",\"item\":\"https:\\\/\\\/www.ipiccoliquotidiano.it\\\/\"},{\"@type\":\"ListItem\",\"position\":2,\"name\":\"Giro d\u2019Italia\u2026 riparte da Paestum!\"}]},{\"@type\":\"WebSite\",\"@id\":\"https:\\\/\\\/www.ipiccoliquotidiano.it\\\/#website\",\"url\":\"https:\\\/\\\/www.ipiccoliquotidiano.it\\\/\",\"name\":\"IPiccoliQuotidiano.it\",\"description\":\"Il Quotidiano dei Piccoli\",\"publisher\":{\"@id\":\"https:\\\/\\\/www.ipiccoliquotidiano.it\\\/#organization\"},\"potentialAction\":[{\"@type\":\"SearchAction\",\"target\":{\"@type\":\"EntryPoint\",\"urlTemplate\":\"https:\\\/\\\/www.ipiccoliquotidiano.it\\\/?s={search_term_string}\"},\"query-input\":{\"@type\":\"PropertyValueSpecification\",\"valueRequired\":true,\"valueName\":\"search_term_string\"}}],\"inLanguage\":\"it-IT\"},{\"@type\":\"Organization\",\"@id\":\"https:\\\/\\\/www.ipiccoliquotidiano.it\\\/#organization\",\"name\":\"IPiccoliQuotidiano.it\",\"url\":\"https:\\\/\\\/www.ipiccoliquotidiano.it\\\/\",\"logo\":{\"@type\":\"ImageObject\",\"inLanguage\":\"it-IT\",\"@id\":\"https:\\\/\\\/www.ipiccoliquotidiano.it\\\/#\\\/schema\\\/logo\\\/image\\\/\",\"url\":\"https:\\\/\\\/www.ipiccoliquotidiano.it\\\/wp-content\\\/uploads\\\/2024\\\/05\\\/ipiccoli-logo.jpg\",\"contentUrl\":\"https:\\\/\\\/www.ipiccoliquotidiano.it\\\/wp-content\\\/uploads\\\/2024\\\/05\\\/ipiccoli-logo.jpg\",\"width\":300,\"height\":129,\"caption\":\"IPiccoliQuotidiano.it\"},\"image\":{\"@id\":\"https:\\\/\\\/www.ipiccoliquotidiano.it\\\/#\\\/schema\\\/logo\\\/image\\\/\"},\"sameAs\":[\"https:\\\/\\\/www.facebook.com\\\/ipiccoliquotidiano\"]},{\"@type\":\"Person\",\"@id\":\"https:\\\/\\\/www.ipiccoliquotidiano.it\\\/#\\\/schema\\\/person\\\/173e9c5d7e4380741603f4a4b6d8bb1a\",\"name\":\"La Redazione\",\"description\":\"La redazione de \\\"I Piccoli Quotidiano\\\" \u00e8 una testata giornalistica pensata per i bambini e rivolta a tutti coloro che vogliono conoscere tutto ci\u00f2 che accade nel mondo tra curiosit\u00e0 e approfondimenti.\",\"url\":\"https:\\\/\\\/www.ipiccoliquotidiano.it\\\/index.php\\\/author\\\/la-redazione\\\/\"}]}<\/script>\n<!-- \/ Yoast SEO plugin. -->","yoast_head_json":{"title":"Giro d\u2019Italia\u2026 riparte da Paestum! - IPiccoliQuotidiano.it","robots":{"index":"index","follow":"follow","max-snippet":"max-snippet:-1","max-image-preview":"max-image-preview:large","max-video-preview":"max-video-preview:-1"},"canonical":"https:\/\/www.ipiccoliquotidiano.it\/index.php\/2026\/05\/14\/giro-ditalia-riparte-da-paestum\/","og_locale":"it_IT","og_type":"article","og_title":"Giro d\u2019Italia\u2026 riparte da Paestum! - IPiccoliQuotidiano.it","og_description":"6^ tappa del Giro d'Italia: Paestum-Napoli!","og_url":"https:\/\/www.ipiccoliquotidiano.it\/index.php\/2026\/05\/14\/giro-ditalia-riparte-da-paestum\/","og_site_name":"IPiccoliQuotidiano.it","article_publisher":"https:\/\/www.facebook.com\/ipiccoliquotidiano","article_published_time":"2026-05-14T21:32:17+00:00","article_modified_time":"2026-05-14T21:35:41+00:00","og_image":[{"width":1024,"height":559,"url":"https:\/\/www.ipiccoliquotidiano.it\/wp-content\/uploads\/2026\/05\/aef59a46-c971-4f32-b912-37555140e3ff.jpg","type":"image\/jpeg"}],"author":"La Redazione","twitter_card":"summary_large_image","twitter_misc":{"Scritto da":"La Redazione","Tempo di lettura stimato":"4 minuti"},"schema":{"@context":"https:\/\/schema.org","@graph":[{"@type":"Article","@id":"https:\/\/www.ipiccoliquotidiano.it\/index.php\/2026\/05\/14\/giro-ditalia-riparte-da-paestum\/#article","isPartOf":{"@id":"https:\/\/www.ipiccoliquotidiano.it\/index.php\/2026\/05\/14\/giro-ditalia-riparte-da-paestum\/"},"author":{"name":"La Redazione","@id":"https:\/\/www.ipiccoliquotidiano.it\/#\/schema\/person\/173e9c5d7e4380741603f4a4b6d8bb1a"},"headline":"Giro d\u2019Italia\u2026 riparte da Paestum!","datePublished":"2026-05-14T21:32:17+00:00","dateModified":"2026-05-14T21:35:41+00:00","mainEntityOfPage":{"@id":"https:\/\/www.ipiccoliquotidiano.it\/index.php\/2026\/05\/14\/giro-ditalia-riparte-da-paestum\/"},"wordCount":507,"publisher":{"@id":"https:\/\/www.ipiccoliquotidiano.it\/#organization"},"image":{"@id":"https:\/\/www.ipiccoliquotidiano.it\/index.php\/2026\/05\/14\/giro-ditalia-riparte-da-paestum\/#primaryimage"},"thumbnailUrl":"https:\/\/www.ipiccoliquotidiano.it\/wp-content\/uploads\/2026\/05\/aef59a46-c971-4f32-b912-37555140e3ff.jpg","keywords":["corridoriin bici","girod'italia","magliarosa"],"articleSection":["A tutto sport","Rubriche"],"inLanguage":"it-IT"},{"@type":"WebPage","@id":"https:\/\/www.ipiccoliquotidiano.it\/index.php\/2026\/05\/14\/giro-ditalia-riparte-da-paestum\/","url":"https:\/\/www.ipiccoliquotidiano.it\/index.php\/2026\/05\/14\/giro-ditalia-riparte-da-paestum\/","name":"Giro d\u2019Italia\u2026 riparte da Paestum! - IPiccoliQuotidiano.it","isPartOf":{"@id":"https:\/\/www.ipiccoliquotidiano.it\/#website"},"primaryImageOfPage":{"@id":"https:\/\/www.ipiccoliquotidiano.it\/index.php\/2026\/05\/14\/giro-ditalia-riparte-da-paestum\/#primaryimage"},"image":{"@id":"https:\/\/www.ipiccoliquotidiano.it\/index.php\/2026\/05\/14\/giro-ditalia-riparte-da-paestum\/#primaryimage"},"thumbnailUrl":"https:\/\/www.ipiccoliquotidiano.it\/wp-content\/uploads\/2026\/05\/aef59a46-c971-4f32-b912-37555140e3ff.jpg","datePublished":"2026-05-14T21:32:17+00:00","dateModified":"2026-05-14T21:35:41+00:00","breadcrumb":{"@id":"https:\/\/www.ipiccoliquotidiano.it\/index.php\/2026\/05\/14\/giro-ditalia-riparte-da-paestum\/#breadcrumb"},"inLanguage":"it-IT","potentialAction":[{"@type":"ReadAction","target":["https:\/\/www.ipiccoliquotidiano.it\/index.php\/2026\/05\/14\/giro-ditalia-riparte-da-paestum\/"]}]},{"@type":"ImageObject","inLanguage":"it-IT","@id":"https:\/\/www.ipiccoliquotidiano.it\/index.php\/2026\/05\/14\/giro-ditalia-riparte-da-paestum\/#primaryimage","url":"https:\/\/www.ipiccoliquotidiano.it\/wp-content\/uploads\/2026\/05\/aef59a46-c971-4f32-b912-37555140e3ff.jpg","contentUrl":"https:\/\/www.ipiccoliquotidiano.it\/wp-content\/uploads\/2026\/05\/aef59a46-c971-4f32-b912-37555140e3ff.jpg","width":1024,"height":559},{"@type":"BreadcrumbList","@id":"https:\/\/www.ipiccoliquotidiano.it\/index.php\/2026\/05\/14\/giro-ditalia-riparte-da-paestum\/#breadcrumb","itemListElement":[{"@type":"ListItem","position":1,"name":"Home","item":"https:\/\/www.ipiccoliquotidiano.it\/"},{"@type":"ListItem","position":2,"name":"Giro d\u2019Italia\u2026 riparte da Paestum!"}]},{"@type":"WebSite","@id":"https:\/\/www.ipiccoliquotidiano.it\/#website","url":"https:\/\/www.ipiccoliquotidiano.it\/","name":"IPiccoliQuotidiano.it","description":"Il Quotidiano dei Piccoli","publisher":{"@id":"https:\/\/www.ipiccoliquotidiano.it\/#organization"},"potentialAction":[{"@type":"SearchAction","target":{"@type":"EntryPoint","urlTemplate":"https:\/\/www.ipiccoliquotidiano.it\/?s={search_term_string}"},"query-input":{"@type":"PropertyValueSpecification","valueRequired":true,"valueName":"search_term_string"}}],"inLanguage":"it-IT"},{"@type":"Organization","@id":"https:\/\/www.ipiccoliquotidiano.it\/#organization","name":"IPiccoliQuotidiano.it","url":"https:\/\/www.ipiccoliquotidiano.it\/","logo":{"@type":"ImageObject","inLanguage":"it-IT","@id":"https:\/\/www.ipiccoliquotidiano.it\/#\/schema\/logo\/image\/","url":"https:\/\/www.ipiccoliquotidiano.it\/wp-content\/uploads\/2024\/05\/ipiccoli-logo.jpg","contentUrl":"https:\/\/www.ipiccoliquotidiano.it\/wp-content\/uploads\/2024\/05\/ipiccoli-logo.jpg","width":300,"height":129,"caption":"IPiccoliQuotidiano.it"},"image":{"@id":"https:\/\/www.ipiccoliquotidiano.it\/#\/schema\/logo\/image\/"},"sameAs":["https:\/\/www.facebook.com\/ipiccoliquotidiano"]},{"@type":"Person","@id":"https:\/\/www.ipiccoliquotidiano.it\/#\/schema\/person\/173e9c5d7e4380741603f4a4b6d8bb1a","name":"La Redazione","description":"La redazione de \"I Piccoli Quotidiano\" \u00e8 una testata giornalistica pensata per i bambini e rivolta a tutti coloro che vogliono conoscere tutto ci\u00f2 che accade nel mondo tra curiosit\u00e0 e approfondimenti.","url":"https:\/\/www.ipiccoliquotidiano.it\/index.php\/author\/la-redazione\/"}]}},"_links":{"self":[{"href":"https:\/\/www.ipiccoliquotidiano.it\/index.php\/wp-json\/wp\/v2\/posts\/31136","targetHints":{"allow":["GET"]}}],"collection":[{"href":"https:\/\/www.ipiccoliquotidiano.it\/index.php\/wp-json\/wp\/v2\/posts"}],"about":[{"href":"https:\/\/www.ipiccoliquotidiano.it\/index.php\/wp-json\/wp\/v2\/types\/post"}],"author":[{"embeddable":true,"href":"https:\/\/www.ipiccoliquotidiano.it\/index.php\/wp-json\/wp\/v2\/users\/28"}],"replies":[{"embeddable":true,"href":"https:\/\/www.ipiccoliquotidiano.it\/index.php\/wp-json\/wp\/v2\/comments?post=31136"}],"version-history":[{"count":2,"href":"https:\/\/www.ipiccoliquotidiano.it\/index.php\/wp-json\/wp\/v2\/posts\/31136\/revisions"}],"predecessor-version":[{"id":31140,"href":"https:\/\/www.ipiccoliquotidiano.it\/index.php\/wp-json\/wp\/v2\/posts\/31136\/revisions\/31140"}],"wp:featuredmedia":[{"embeddable":true,"href":"https:\/\/www.ipiccoliquotidiano.it\/index.php\/wp-json\/wp\/v2\/media\/31137"}],"wp:attachment":[{"href":"https:\/\/www.ipiccoliquotidiano.it\/index.php\/wp-json\/wp\/v2\/media?parent=31136"}],"wp:term":[{"taxonomy":"category","embeddable":true,"href":"https:\/\/www.ipiccoliquotidiano.it\/index.php\/wp-json\/wp\/v2\/categories?post=31136"},{"taxonomy":"post_tag","embeddable":true,"href":"https:\/\/www.ipiccoliquotidiano.it\/index.php\/wp-json\/wp\/v2\/tags?post=31136"}],"curies":[{"name":"wp","href":"https:\/\/api.w.org\/{rel}","templated":true}]}}