{"id":31078,"date":"2026-05-05T18:15:11","date_gmt":"2026-05-05T16:15:11","guid":{"rendered":"https:\/\/www.ipiccoliquotidiano.it\/?p=31078"},"modified":"2026-05-05T18:15:13","modified_gmt":"2026-05-05T16:15:13","slug":"la-liberta-di-stampa","status":"publish","type":"post","link":"https:\/\/www.ipiccoliquotidiano.it\/index.php\/2026\/05\/05\/la-liberta-di-stampa\/","title":{"rendered":"La Libert\u00e0 di Stampa"},"content":{"rendered":"\n<p class=\"wp-block-paragraph\">Ragazzi\u2026immaginate di avere un grande quaderno dove potete disegnare quello che volete e scrivere i vostri pensieri&#8230; ma se poi arriva qualcuno vi dice: &#8220;No, questo non lo puoi scrivere&#8221; o &#8220;Quel disegno non mi piace, cancellalo subito&#8221;.<\/p>\n\n\n\n<p class=\"wp-block-paragraph\">Diventa un po&#8217; triste\u2026 Ecco, la libert\u00e0 di stampa serve proprio a evitare che questo accada nel mondo dei grandi.<\/p>\n\n\n\n<p class=\"wp-block-paragraph\">La libert\u00e0 di stampa \u00e8 il diritto di giornalisti, scrittori e di tutte le persone di raccontare la verit\u00e0 e dire ci\u00f2 che pensano senza avere paura di essere puniti. \u00c8 come avere un megafono che nessuno pu\u00f2 spegnere.<\/p>\n\n\n\n<p class=\"wp-block-paragraph\">Ecco i tre &#8220;superpoteri&#8221; che ci regala<\/p>\n\n\n\n<p class=\"wp-block-paragraph\">Il Potere di sapere: Ci permette di conoscere cosa succede nel mondo, anche nelle citt\u00e0 lontanissime.<\/p>\n\n\n\n<p class=\"wp-block-paragraph\">Il Potere di scegliere: Se leggiamo tante idee diverse, possiamo decidere noi stessi cosa \u00e8 giusto e cosa \u00e8 sbagliato.<\/p>\n\n\n\n<p class=\"wp-block-paragraph\">Il Potere di controllare: I giornalisti sono come dei &#8220;fischietti&#8221; che suonano forte quando qualcuno che comanda non si comporta bene.<\/p>\n\n\n\n<p class=\"wp-block-paragraph\">Tutto ci\u00f2 \u00e8 importante\u2026<\/p>\n\n\n\n<p class=\"wp-block-paragraph\">Anche se sembra una cosa da grandi, la libert\u00e0 di stampa protegge anche i piccoli!<\/p>\n\n\n\n<p class=\"wp-block-paragraph\">Puoi chiedere &#8220;perch\u00e9?&#8221; e pretendere una risposta vera.<\/p>\n\n\n\n<p class=\"wp-block-paragraph\">Anche chi \u00e8 piccolo o non \u00e8 potente ha il diritto di essere ascoltato.<\/p>\n\n\n\n<p class=\"wp-block-paragraph\">Senza libert\u00e0 di stampa, tutti i giornali e i telegiornali direbbero la stessa identica cosa.<\/p>\n\n\n\n<p class=\"wp-block-paragraph\">Sarebbe un mondo in bianco e nero!<\/p>\n\n\n\n<p class=\"wp-block-paragraph\">Per\u00f2\u2026Avere la libert\u00e0 di scrivere non significa che si pu\u00f2 dire qualsiasi cosa, come inventare bugie su un amico per farlo restare male.<\/p>\n\n\n\n<p class=\"wp-block-paragraph\">La regola d&#8217;oro \u00e8:<\/p>\n\n\n\n<p class=\"wp-block-paragraph\">Sei libero di dire ci\u00f2 che pensi, ma hai il dovere di cercare sempre la verit\u00e0 e di rispettare gli altri.<\/p>\n\n\n\n<p class=\"wp-block-paragraph\">Prova a pensare:<\/p>\n\n\n\n<p class=\"wp-block-paragraph\">Se a scuola fosse vietato parlare di sport, come faresti a sapere chi ha vinto la partita della tua squadra del cuore? Dovresti fidarti di un segreto sussurrato all&#8217;orecchio che spesso \u00e8 sbagliato!<\/p>\n\n\n\n<p class=\"wp-block-paragraph\">Grazie alla libert\u00e0 di stampa, puoi aprire un giornale o un sito e leggere il risultato esatto, perch\u00e9 nessuno ha il potere di nascondere quella notizia.<\/p>\n\n\n\n<p class=\"wp-block-paragraph\">\u00c8 un tesoro prezioso che va protetto, proprio come la tua fantasia!<\/p>\n","protected":false},"excerpt":{"rendered":"<p>La libert\u00e0 di stampa ci permette di sapere, scegliere e controllare!<\/p>\n","protected":false},"author":28,"featured_media":31079,"comment_status":"closed","ping_status":"open","sticky":false,"template":"","format":"standard","meta":{"footnotes":""},"categories":[33,35],"tags":[19291,19287,19288,18726],"class_list":["post-31078","post","type-post","status-publish","format-standard","has-post-thumbnail","category-mondo","category-in-evidenza","tag-leggere","tag-libertadistampa","tag-sapere","tag-scegliere"],"yoast_head":"<!-- This site is optimized with the Yoast SEO plugin v28.3 - https:\/\/yoast.com\/product\/yoast-seo-wordpress\/ -->\n<title>La Libert\u00e0 di Stampa - IPiccoliQuotidiano.it<\/title>\n<meta name=\"robots\" content=\"index, follow, max-snippet:-1, max-image-preview:large, max-video-preview:-1\" \/>\n<link rel=\"canonical\" href=\"https:\/\/www.ipiccoliquotidiano.it\/index.php\/2026\/05\/05\/la-liberta-di-stampa\/\" \/>\n<meta property=\"og:locale\" content=\"it_IT\" \/>\n<meta property=\"og:type\" content=\"article\" \/>\n<meta property=\"og:title\" content=\"La Libert\u00e0 di Stampa - IPiccoliQuotidiano.it\" \/>\n<meta property=\"og:description\" content=\"La libert\u00e0 di stampa ci permette di sapere, scegliere e controllare!\" \/>\n<meta property=\"og:url\" content=\"https:\/\/www.ipiccoliquotidiano.it\/index.php\/2026\/05\/05\/la-liberta-di-stampa\/\" \/>\n<meta property=\"og:site_name\" content=\"IPiccoliQuotidiano.it\" \/>\n<meta property=\"article:publisher\" content=\"https:\/\/www.facebook.com\/ipiccoliquotidiano\" \/>\n<meta property=\"article:published_time\" content=\"2026-05-05T16:15:11+00:00\" \/>\n<meta property=\"article:modified_time\" content=\"2026-05-05T16:15:13+00:00\" \/>\n<meta property=\"og:image\" content=\"https:\/\/www.ipiccoliquotidiano.it\/wp-content\/uploads\/2026\/05\/liberta-stampa.jpg\" \/>\n\t<meta property=\"og:image:width\" content=\"1024\" \/>\n\t<meta property=\"og:image:height\" content=\"559\" \/>\n\t<meta property=\"og:image:type\" content=\"image\/jpeg\" \/>\n<meta name=\"author\" content=\"La Redazione\" \/>\n<meta name=\"twitter:card\" content=\"summary_large_image\" \/>\n<meta name=\"twitter:label1\" content=\"Scritto da\" \/>\n\t<meta name=\"twitter:data1\" content=\"La Redazione\" \/>\n\t<meta name=\"twitter:label2\" content=\"Tempo di lettura stimato\" \/>\n\t<meta name=\"twitter:data2\" content=\"3 minuti\" \/>\n<script type=\"application\/ld+json\" class=\"yoast-schema-graph\">{\"@context\":\"https:\\\/\\\/schema.org\",\"@graph\":[{\"@type\":\"Article\",\"@id\":\"https:\\\/\\\/www.ipiccoliquotidiano.it\\\/index.php\\\/2026\\\/05\\\/05\\\/la-liberta-di-stampa\\\/#article\",\"isPartOf\":{\"@id\":\"https:\\\/\\\/www.ipiccoliquotidiano.it\\\/index.php\\\/2026\\\/05\\\/05\\\/la-liberta-di-stampa\\\/\"},\"author\":{\"name\":\"La Redazione\",\"@id\":\"https:\\\/\\\/www.ipiccoliquotidiano.it\\\/#\\\/schema\\\/person\\\/173e9c5d7e4380741603f4a4b6d8bb1a\"},\"headline\":\"La Libert\u00e0 di Stampa\",\"datePublished\":\"2026-05-05T16:15:11+00:00\",\"dateModified\":\"2026-05-05T16:15:13+00:00\",\"mainEntityOfPage\":{\"@id\":\"https:\\\/\\\/www.ipiccoliquotidiano.it\\\/index.php\\\/2026\\\/05\\\/05\\\/la-liberta-di-stampa\\\/\"},\"wordCount\":344,\"publisher\":{\"@id\":\"https:\\\/\\\/www.ipiccoliquotidiano.it\\\/#organization\"},\"image\":{\"@id\":\"https:\\\/\\\/www.ipiccoliquotidiano.it\\\/index.php\\\/2026\\\/05\\\/05\\\/la-liberta-di-stampa\\\/#primaryimage\"},\"thumbnailUrl\":\"https:\\\/\\\/www.ipiccoliquotidiano.it\\\/wp-content\\\/uploads\\\/2026\\\/05\\\/liberta-stampa.jpg\",\"keywords\":[\"leggere\",\"libert\u00e0distampa\",\"sapere\",\"scegliere\"],\"articleSection\":[\"Dal Mondo\",\"In evidenza\"],\"inLanguage\":\"it-IT\"},{\"@type\":\"WebPage\",\"@id\":\"https:\\\/\\\/www.ipiccoliquotidiano.it\\\/index.php\\\/2026\\\/05\\\/05\\\/la-liberta-di-stampa\\\/\",\"url\":\"https:\\\/\\\/www.ipiccoliquotidiano.it\\\/index.php\\\/2026\\\/05\\\/05\\\/la-liberta-di-stampa\\\/\",\"name\":\"La Libert\u00e0 di Stampa - IPiccoliQuotidiano.it\",\"isPartOf\":{\"@id\":\"https:\\\/\\\/www.ipiccoliquotidiano.it\\\/#website\"},\"primaryImageOfPage\":{\"@id\":\"https:\\\/\\\/www.ipiccoliquotidiano.it\\\/index.php\\\/2026\\\/05\\\/05\\\/la-liberta-di-stampa\\\/#primaryimage\"},\"image\":{\"@id\":\"https:\\\/\\\/www.ipiccoliquotidiano.it\\\/index.php\\\/2026\\\/05\\\/05\\\/la-liberta-di-stampa\\\/#primaryimage\"},\"thumbnailUrl\":\"https:\\\/\\\/www.ipiccoliquotidiano.it\\\/wp-content\\\/uploads\\\/2026\\\/05\\\/liberta-stampa.jpg\",\"datePublished\":\"2026-05-05T16:15:11+00:00\",\"dateModified\":\"2026-05-05T16:15:13+00:00\",\"breadcrumb\":{\"@id\":\"https:\\\/\\\/www.ipiccoliquotidiano.it\\\/index.php\\\/2026\\\/05\\\/05\\\/la-liberta-di-stampa\\\/#breadcrumb\"},\"inLanguage\":\"it-IT\",\"potentialAction\":[{\"@type\":\"ReadAction\",\"target\":[\"https:\\\/\\\/www.ipiccoliquotidiano.it\\\/index.php\\\/2026\\\/05\\\/05\\\/la-liberta-di-stampa\\\/\"]}]},{\"@type\":\"ImageObject\",\"inLanguage\":\"it-IT\",\"@id\":\"https:\\\/\\\/www.ipiccoliquotidiano.it\\\/index.php\\\/2026\\\/05\\\/05\\\/la-liberta-di-stampa\\\/#primaryimage\",\"url\":\"https:\\\/\\\/www.ipiccoliquotidiano.it\\\/wp-content\\\/uploads\\\/2026\\\/05\\\/liberta-stampa.jpg\",\"contentUrl\":\"https:\\\/\\\/www.ipiccoliquotidiano.it\\\/wp-content\\\/uploads\\\/2026\\\/05\\\/liberta-stampa.jpg\",\"width\":1024,\"height\":559},{\"@type\":\"BreadcrumbList\",\"@id\":\"https:\\\/\\\/www.ipiccoliquotidiano.it\\\/index.php\\\/2026\\\/05\\\/05\\\/la-liberta-di-stampa\\\/#breadcrumb\",\"itemListElement\":[{\"@type\":\"ListItem\",\"position\":1,\"name\":\"Home\",\"item\":\"https:\\\/\\\/www.ipiccoliquotidiano.it\\\/\"},{\"@type\":\"ListItem\",\"position\":2,\"name\":\"La Libert\u00e0 di Stampa\"}]},{\"@type\":\"WebSite\",\"@id\":\"https:\\\/\\\/www.ipiccoliquotidiano.it\\\/#website\",\"url\":\"https:\\\/\\\/www.ipiccoliquotidiano.it\\\/\",\"name\":\"IPiccoliQuotidiano.it\",\"description\":\"Il Quotidiano dei Piccoli\",\"publisher\":{\"@id\":\"https:\\\/\\\/www.ipiccoliquotidiano.it\\\/#organization\"},\"potentialAction\":[{\"@type\":\"SearchAction\",\"target\":{\"@type\":\"EntryPoint\",\"urlTemplate\":\"https:\\\/\\\/www.ipiccoliquotidiano.it\\\/?s={search_term_string}\"},\"query-input\":{\"@type\":\"PropertyValueSpecification\",\"valueRequired\":true,\"valueName\":\"search_term_string\"}}],\"inLanguage\":\"it-IT\"},{\"@type\":\"Organization\",\"@id\":\"https:\\\/\\\/www.ipiccoliquotidiano.it\\\/#organization\",\"name\":\"IPiccoliQuotidiano.it\",\"url\":\"https:\\\/\\\/www.ipiccoliquotidiano.it\\\/\",\"logo\":{\"@type\":\"ImageObject\",\"inLanguage\":\"it-IT\",\"@id\":\"https:\\\/\\\/www.ipiccoliquotidiano.it\\\/#\\\/schema\\\/logo\\\/image\\\/\",\"url\":\"https:\\\/\\\/www.ipiccoliquotidiano.it\\\/wp-content\\\/uploads\\\/2024\\\/05\\\/ipiccoli-logo.jpg\",\"contentUrl\":\"https:\\\/\\\/www.ipiccoliquotidiano.it\\\/wp-content\\\/uploads\\\/2024\\\/05\\\/ipiccoli-logo.jpg\",\"width\":300,\"height\":129,\"caption\":\"IPiccoliQuotidiano.it\"},\"image\":{\"@id\":\"https:\\\/\\\/www.ipiccoliquotidiano.it\\\/#\\\/schema\\\/logo\\\/image\\\/\"},\"sameAs\":[\"https:\\\/\\\/www.facebook.com\\\/ipiccoliquotidiano\"]},{\"@type\":\"Person\",\"@id\":\"https:\\\/\\\/www.ipiccoliquotidiano.it\\\/#\\\/schema\\\/person\\\/173e9c5d7e4380741603f4a4b6d8bb1a\",\"name\":\"La Redazione\",\"description\":\"La redazione de \\\"I Piccoli Quotidiano\\\" \u00e8 una testata giornalistica pensata per i bambini e rivolta a tutti coloro che vogliono conoscere tutto ci\u00f2 che accade nel mondo tra curiosit\u00e0 e approfondimenti.\",\"url\":\"https:\\\/\\\/www.ipiccoliquotidiano.it\\\/index.php\\\/author\\\/la-redazione\\\/\"}]}<\/script>\n<!-- \/ Yoast SEO plugin. -->","yoast_head_json":{"title":"La Libert\u00e0 di Stampa - IPiccoliQuotidiano.it","robots":{"index":"index","follow":"follow","max-snippet":"max-snippet:-1","max-image-preview":"max-image-preview:large","max-video-preview":"max-video-preview:-1"},"canonical":"https:\/\/www.ipiccoliquotidiano.it\/index.php\/2026\/05\/05\/la-liberta-di-stampa\/","og_locale":"it_IT","og_type":"article","og_title":"La Libert\u00e0 di Stampa - IPiccoliQuotidiano.it","og_description":"La libert\u00e0 di stampa ci permette di sapere, scegliere e controllare!","og_url":"https:\/\/www.ipiccoliquotidiano.it\/index.php\/2026\/05\/05\/la-liberta-di-stampa\/","og_site_name":"IPiccoliQuotidiano.it","article_publisher":"https:\/\/www.facebook.com\/ipiccoliquotidiano","article_published_time":"2026-05-05T16:15:11+00:00","article_modified_time":"2026-05-05T16:15:13+00:00","og_image":[{"width":1024,"height":559,"url":"https:\/\/www.ipiccoliquotidiano.it\/wp-content\/uploads\/2026\/05\/liberta-stampa.jpg","type":"image\/jpeg"}],"author":"La Redazione","twitter_card":"summary_large_image","twitter_misc":{"Scritto da":"La Redazione","Tempo di lettura stimato":"3 minuti"},"schema":{"@context":"https:\/\/schema.org","@graph":[{"@type":"Article","@id":"https:\/\/www.ipiccoliquotidiano.it\/index.php\/2026\/05\/05\/la-liberta-di-stampa\/#article","isPartOf":{"@id":"https:\/\/www.ipiccoliquotidiano.it\/index.php\/2026\/05\/05\/la-liberta-di-stampa\/"},"author":{"name":"La Redazione","@id":"https:\/\/www.ipiccoliquotidiano.it\/#\/schema\/person\/173e9c5d7e4380741603f4a4b6d8bb1a"},"headline":"La Libert\u00e0 di Stampa","datePublished":"2026-05-05T16:15:11+00:00","dateModified":"2026-05-05T16:15:13+00:00","mainEntityOfPage":{"@id":"https:\/\/www.ipiccoliquotidiano.it\/index.php\/2026\/05\/05\/la-liberta-di-stampa\/"},"wordCount":344,"publisher":{"@id":"https:\/\/www.ipiccoliquotidiano.it\/#organization"},"image":{"@id":"https:\/\/www.ipiccoliquotidiano.it\/index.php\/2026\/05\/05\/la-liberta-di-stampa\/#primaryimage"},"thumbnailUrl":"https:\/\/www.ipiccoliquotidiano.it\/wp-content\/uploads\/2026\/05\/liberta-stampa.jpg","keywords":["leggere","libert\u00e0distampa","sapere","scegliere"],"articleSection":["Dal Mondo","In evidenza"],"inLanguage":"it-IT"},{"@type":"WebPage","@id":"https:\/\/www.ipiccoliquotidiano.it\/index.php\/2026\/05\/05\/la-liberta-di-stampa\/","url":"https:\/\/www.ipiccoliquotidiano.it\/index.php\/2026\/05\/05\/la-liberta-di-stampa\/","name":"La Libert\u00e0 di Stampa - IPiccoliQuotidiano.it","isPartOf":{"@id":"https:\/\/www.ipiccoliquotidiano.it\/#website"},"primaryImageOfPage":{"@id":"https:\/\/www.ipiccoliquotidiano.it\/index.php\/2026\/05\/05\/la-liberta-di-stampa\/#primaryimage"},"image":{"@id":"https:\/\/www.ipiccoliquotidiano.it\/index.php\/2026\/05\/05\/la-liberta-di-stampa\/#primaryimage"},"thumbnailUrl":"https:\/\/www.ipiccoliquotidiano.it\/wp-content\/uploads\/2026\/05\/liberta-stampa.jpg","datePublished":"2026-05-05T16:15:11+00:00","dateModified":"2026-05-05T16:15:13+00:00","breadcrumb":{"@id":"https:\/\/www.ipiccoliquotidiano.it\/index.php\/2026\/05\/05\/la-liberta-di-stampa\/#breadcrumb"},"inLanguage":"it-IT","potentialAction":[{"@type":"ReadAction","target":["https:\/\/www.ipiccoliquotidiano.it\/index.php\/2026\/05\/05\/la-liberta-di-stampa\/"]}]},{"@type":"ImageObject","inLanguage":"it-IT","@id":"https:\/\/www.ipiccoliquotidiano.it\/index.php\/2026\/05\/05\/la-liberta-di-stampa\/#primaryimage","url":"https:\/\/www.ipiccoliquotidiano.it\/wp-content\/uploads\/2026\/05\/liberta-stampa.jpg","contentUrl":"https:\/\/www.ipiccoliquotidiano.it\/wp-content\/uploads\/2026\/05\/liberta-stampa.jpg","width":1024,"height":559},{"@type":"BreadcrumbList","@id":"https:\/\/www.ipiccoliquotidiano.it\/index.php\/2026\/05\/05\/la-liberta-di-stampa\/#breadcrumb","itemListElement":[{"@type":"ListItem","position":1,"name":"Home","item":"https:\/\/www.ipiccoliquotidiano.it\/"},{"@type":"ListItem","position":2,"name":"La Libert\u00e0 di Stampa"}]},{"@type":"WebSite","@id":"https:\/\/www.ipiccoliquotidiano.it\/#website","url":"https:\/\/www.ipiccoliquotidiano.it\/","name":"IPiccoliQuotidiano.it","description":"Il Quotidiano dei Piccoli","publisher":{"@id":"https:\/\/www.ipiccoliquotidiano.it\/#organization"},"potentialAction":[{"@type":"SearchAction","target":{"@type":"EntryPoint","urlTemplate":"https:\/\/www.ipiccoliquotidiano.it\/?s={search_term_string}"},"query-input":{"@type":"PropertyValueSpecification","valueRequired":true,"valueName":"search_term_string"}}],"inLanguage":"it-IT"},{"@type":"Organization","@id":"https:\/\/www.ipiccoliquotidiano.it\/#organization","name":"IPiccoliQuotidiano.it","url":"https:\/\/www.ipiccoliquotidiano.it\/","logo":{"@type":"ImageObject","inLanguage":"it-IT","@id":"https:\/\/www.ipiccoliquotidiano.it\/#\/schema\/logo\/image\/","url":"https:\/\/www.ipiccoliquotidiano.it\/wp-content\/uploads\/2024\/05\/ipiccoli-logo.jpg","contentUrl":"https:\/\/www.ipiccoliquotidiano.it\/wp-content\/uploads\/2024\/05\/ipiccoli-logo.jpg","width":300,"height":129,"caption":"IPiccoliQuotidiano.it"},"image":{"@id":"https:\/\/www.ipiccoliquotidiano.it\/#\/schema\/logo\/image\/"},"sameAs":["https:\/\/www.facebook.com\/ipiccoliquotidiano"]},{"@type":"Person","@id":"https:\/\/www.ipiccoliquotidiano.it\/#\/schema\/person\/173e9c5d7e4380741603f4a4b6d8bb1a","name":"La Redazione","description":"La redazione de \"I Piccoli Quotidiano\" \u00e8 una testata giornalistica pensata per i bambini e rivolta a tutti coloro che vogliono conoscere tutto ci\u00f2 che accade nel mondo tra curiosit\u00e0 e approfondimenti.","url":"https:\/\/www.ipiccoliquotidiano.it\/index.php\/author\/la-redazione\/"}]}},"_links":{"self":[{"href":"https:\/\/www.ipiccoliquotidiano.it\/index.php\/wp-json\/wp\/v2\/posts\/31078","targetHints":{"allow":["GET"]}}],"collection":[{"href":"https:\/\/www.ipiccoliquotidiano.it\/index.php\/wp-json\/wp\/v2\/posts"}],"about":[{"href":"https:\/\/www.ipiccoliquotidiano.it\/index.php\/wp-json\/wp\/v2\/types\/post"}],"author":[{"embeddable":true,"href":"https:\/\/www.ipiccoliquotidiano.it\/index.php\/wp-json\/wp\/v2\/users\/28"}],"replies":[{"embeddable":true,"href":"https:\/\/www.ipiccoliquotidiano.it\/index.php\/wp-json\/wp\/v2\/comments?post=31078"}],"version-history":[{"count":1,"href":"https:\/\/www.ipiccoliquotidiano.it\/index.php\/wp-json\/wp\/v2\/posts\/31078\/revisions"}],"predecessor-version":[{"id":31080,"href":"https:\/\/www.ipiccoliquotidiano.it\/index.php\/wp-json\/wp\/v2\/posts\/31078\/revisions\/31080"}],"wp:featuredmedia":[{"embeddable":true,"href":"https:\/\/www.ipiccoliquotidiano.it\/index.php\/wp-json\/wp\/v2\/media\/31079"}],"wp:attachment":[{"href":"https:\/\/www.ipiccoliquotidiano.it\/index.php\/wp-json\/wp\/v2\/media?parent=31078"}],"wp:term":[{"taxonomy":"category","embeddable":true,"href":"https:\/\/www.ipiccoliquotidiano.it\/index.php\/wp-json\/wp\/v2\/categories?post=31078"},{"taxonomy":"post_tag","embeddable":true,"href":"https:\/\/www.ipiccoliquotidiano.it\/index.php\/wp-json\/wp\/v2\/tags?post=31078"}],"curies":[{"name":"wp","href":"https:\/\/api.w.org\/{rel}","templated":true}]}}