{"id":30526,"date":"2026-04-08T09:42:59","date_gmt":"2026-04-08T07:42:59","guid":{"rendered":"https:\/\/www.ipiccoliquotidiano.it\/?p=30526"},"modified":"2026-04-08T19:54:47","modified_gmt":"2026-04-08T17:54:47","slug":"sulle-tracce-dellantico-sentiero","status":"publish","type":"post","link":"https:\/\/www.ipiccoliquotidiano.it\/index.php\/2026\/04\/08\/sulle-tracce-dellantico-sentiero\/","title":{"rendered":"Sulle tracce dell\u2019antico sentiero"},"content":{"rendered":"<p style=\"text-align: justify\" data-start=\"95\" data-end=\"552\">In un piccolo paese circondato da montagne, colline, ulivi e boschi profumati, viveva un ragazzo di nome Elia.<\/p>\n<p style=\"text-align: justify\" data-start=\"95\" data-end=\"552\">Aveva scarpe sempre impolverate e una grande passione per le passeggiate nella natura.<\/p>\n<p style=\"text-align: justify\" data-start=\"95\" data-end=\"552\">Non gli piaceva soltanto camminare: gli piaceva immaginare.<\/p>\n<p style=\"text-align: justify\" data-start=\"95\" data-end=\"552\">Ogni sentiero, per lui, era una strada piena di domande.<\/p>\n<p style=\"text-align: justify\" data-start=\"95\" data-end=\"552\">Chi era passato di l\u00ec tanti anni prima? Dove portava davvero quel percorso? Quali storie custodivano le pietre, i muretti e gli alberi piegati dal vento?<\/p>\n<p style=\"text-align: justify\" data-start=\"554\" data-end=\"871\">Un pomeriggio di primavera, mentre aiutava il nonno a sistemare alcuni attrezzi nel vecchio deposito, trov\u00f2 una mappa ingiallita.<\/p>\n<p style=\"text-align: justify\" data-start=\"554\" data-end=\"871\">Era piegata con cura e aveva il bordo rovinato dal tempo.<\/p>\n<p style=\"text-align: justify\" data-start=\"554\" data-end=\"871\">Sopra, con una calligrafia sottile, c\u2019erano segnati monti, fiumi, piccoli paesi e una lunga linea che attraversava il territorio.<\/p>\n<p style=\"text-align: justify\" data-start=\"873\" data-end=\"900\">Elia la guard\u00f2 incuriosito.<\/p>\n<p style=\"text-align: justify\" data-start=\"902\" data-end=\"928\">\u00abNonno, che cos\u2019\u00e8 questa?\u00bb<\/p>\n<p style=\"text-align: justify\" data-start=\"930\" data-end=\"995\">Il nonno si tolse gli occhiali, la osserv\u00f2 in silenzio e sorrise.<\/p>\n<p style=\"text-align: justify\" data-start=\"997\" data-end=\"1356\">\u00abQuella, ragazzo mio, non \u00e8 una semplice mappa. \u00c8 il ricordo di un antico sentiero storico. Una via di passaggio molto antica. Una di quelle che, tanto tempo fa, collegavano luoghi lontani, dal mare tirrenico fino verso il mondo ionico. Erano strade di uomini, di animali, di merci e di racconti. Sentieri battuti da viandanti, mercanti, pastori e pellegrini.\u00bb<\/p>\n<p style=\"text-align: justify\" data-start=\"1358\" data-end=\"1412\">Elia segu\u00ec con il dito la linea disegnata sulla carta.<\/p>\n<p style=\"text-align: justify\" data-start=\"1414\" data-end=\"1469\">\u00abVuoi dire che questo sentiero passava davvero da qui?\u00bb<\/p>\n<p style=\"text-align: justify\" data-start=\"1471\" data-end=\"1774\">\u00abDa queste zone passavano antichi collegamenti importantissimi. Non sempre erano strade larghe come quelle di oggi. A volte erano tracce, mulattiere e percorsi di terra e pietra. Ma erano vive. Univano mondi diversi. E quando un sentiero unisce luoghi e persone, non \u00e8 mai solo terra battuta: \u00e8 memoria.\u00bb<\/p>\n<p style=\"text-align: justify\" data-start=\"1776\" data-end=\"1831\">Quelle parole rimasero dentro Elia per tutto il giorno.<\/p>\n<p style=\"text-align: justify\" data-start=\"1833\" data-end=\"2256\">La mattina dopo chiam\u00f2 i suoi amici, Miriam e Davide, e mostr\u00f2 loro la mappa.<\/p>\n<p style=\"text-align: justify\" data-start=\"1833\" data-end=\"2256\">Decisero di partire insieme per cercare il sentiero antico, ma questa volta non sarebbero stati soli.<\/p>\n<p style=\"text-align: justify\" data-start=\"1833\" data-end=\"2256\">Con loro sarebbe venuto anche il nonno, che conosceva bene il territorio, i vecchi passaggi e le storie custodite tra quelle colline.<\/p>\n<p style=\"text-align: justify\" data-start=\"1833\" data-end=\"2256\">Cos\u00ec si misero in cammino con gli zaini leggeri, una borraccia, qualche panino e un quaderno per gli appunti.<\/p>\n<p style=\"text-align: justify\" data-start=\"2258\" data-end=\"2603\">All\u2019inizio il percorso era facile. Il sole filtrava tra i rami e il vento portava il profumo del rosmarino e della terra umida.<\/p>\n<p style=\"text-align: justify\" data-start=\"2258\" data-end=\"2603\">Gli uccelli cantavano e a ogni curva sembrava che il bosco volesse raccontare qualcosa.<\/p>\n<p style=\"text-align: justify\" data-start=\"2258\" data-end=\"2603\">Il nonno camminava con passo tranquillo, osservando ogni dettaglio con l\u2019attenzione di chi conosce il valore delle cose antiche.<\/p>\n<p style=\"text-align: justify\" data-start=\"2605\" data-end=\"2698\">Miriam, che osservava sempre ogni dettaglio, si ferm\u00f2 davanti a un vecchio muretto di pietra.<\/p>\n<p style=\"text-align: justify\" data-start=\"2700\" data-end=\"2756\">\u00abGuardate qui. Queste pietre non sembrano messe a caso.\u00bb<\/p>\n<p style=\"text-align: justify\" data-start=\"2758\" data-end=\"2771\">Davide annu\u00ec.<\/p>\n<p style=\"text-align: justify\" data-start=\"2773\" data-end=\"2856\">\u00abE anche il terreno \u00e8 strano. \u00c8 come se qui, per tanto tempo, fosse passata gente.\u00bb<\/p>\n<p style=\"text-align: justify\" data-start=\"2858\" data-end=\"2882\">Il nonno sorrise appena.<\/p>\n<p style=\"text-align: justify\" data-start=\"2884\" data-end=\"3006\">\u00abAvete occhio. I sentieri antichi si riconoscono proprio cos\u00ec: dai segni che il tempo lascia senza cancellarli del tutto.\u00bb<\/p>\n<p style=\"text-align: justify\" data-start=\"3008\" data-end=\"3068\">Elia guard\u00f2 davanti a s\u00e9. \u00abForse siamo sulla strada giusta.\u00bb<\/p>\n<p style=\"text-align: justify\" data-start=\"3070\" data-end=\"3272\">Continuarono a camminare. Dopo un tratto pi\u00f9 stretto trovarono per\u00f2 qualcosa che li rattrist\u00f2: rami caduti, bottiglie di plastica, erbacce alte e perfino un vecchio cartello quasi nascosto dal fogliame.<\/p>\n<p style=\"text-align: justify\" data-start=\"3274\" data-end=\"3348\">In quel punto, il sentiero dava l\u2019impressione di essere stato dimenticato.<\/p>\n<p style=\"text-align: justify\" data-start=\"3350\" data-end=\"3430\">\u00abChe peccato&#8230;\u00bb disse Miriam a bassa voce. \u00abUn luogo cos\u00ec bello lasciato cos\u00ec.\u00bb<\/p>\n<p style=\"text-align: justify\" data-start=\"3432\" data-end=\"3522\">Il nonno annu\u00ec lentamente. \u00abUn sentiero non vive da solo. Ha bisogno di essere custodito.\u00bb<\/p>\n<p style=\"text-align: justify\" data-start=\"3524\" data-end=\"3646\">Davide si guard\u00f2 intorno.<\/p>\n<p style=\"text-align: justify\" data-start=\"3524\" data-end=\"3646\">\u00abSe un turista arrivasse qui, forse si fermerebbe. Penserebbe che il percorso non vale la pena.\u00bb<\/p>\n<p style=\"text-align: justify\" data-start=\"3648\" data-end=\"3876\">Elia rimase in silenzio per qualche secondo.<\/p>\n<p style=\"text-align: justify\" data-start=\"3648\" data-end=\"3876\">Poi disse: \u00abEd \u00e8 proprio questo il problema. Se i sentieri storici restano sporchi e abbandonati, la gente non li percorre, non li conosce e il territorio perde una ricchezza enorme.\u00bb<\/p>\n<p style=\"text-align: justify\" data-start=\"3878\" data-end=\"3924\">Miriam lo guard\u00f2 incuriosita. \u00abUna ricchezza?\u00bb<\/p>\n<p style=\"text-align: justify\" data-start=\"3926\" data-end=\"4240\">\u00abCerto. Se un sentiero viene recuperato, pulito e raccontato bene, pu\u00f2 far arrivare escursionisti, famiglie, scuole, appassionati di storia, fotografi e turisti. Le persone vengono, scoprono il luogo, si fermano, mangiano, dormono, comprano prodotti del posto e visitano il paese. Un antico sentiero pu\u00f2 portare vita.\u00bb<\/p>\n<p style=\"text-align: justify\" data-start=\"4242\" data-end=\"4401\">Il nonno approv\u00f2 con un cenno del capo.<\/p>\n<p style=\"text-align: justify\" data-start=\"4242\" data-end=\"4401\">\u00ab\u00c8 vero. I sentieri non portano solo persone. Portano attenzione, rispetto e anche nuove possibilit\u00e0 per chi vive qui.\u00bb<\/p>\n<p style=\"text-align: justify\" data-start=\"4403\" data-end=\"4482\">Davide si sedette su una roccia. \u00abQuindi non \u00e8 solo una passeggiata nel verde.\u00bb<\/p>\n<p style=\"text-align: justify\" data-start=\"4484\" data-end=\"4735\">\u00abNo\u00bb, rispose Elia. \u00ab\u00c8 molto pi\u00f9 di una semplice passeggiata. Dentro un sentiero vivono la natura, la storia, la memoria e anche la possibilit\u00e0 di far crescere un territorio. \u00c8 una strada che tiene per mano il passato e lo accompagna verso il futuro.\u00bb<\/p>\n<p style=\"text-align: justify\" data-start=\"4737\" data-end=\"4783\">Quelle parole accesero qualcosa nei tre amici.<\/p>\n<p style=\"text-align: justify\" data-start=\"4785\" data-end=\"4933\">Non avevano grandi mezzi.<\/p>\n<p style=\"text-align: justify\" data-start=\"4785\" data-end=\"4933\">Non erano adulti.<\/p>\n<p style=\"text-align: justify\" data-start=\"4785\" data-end=\"4933\">Ma potevano cominciare da un gesto semplice.<\/p>\n<p style=\"text-align: justify\" data-start=\"4785\" data-end=\"4933\">E il nonno, vedendo il loro entusiasmo, decise di aiutarli.<\/p>\n<p style=\"text-align: justify\" data-start=\"4935\" data-end=\"5447\">Cos\u00ec, con attenzione, iniziarono a raccogliere i rifiuti che trovavano sul loro cammino.<\/p>\n<p style=\"text-align: justify\" data-start=\"4935\" data-end=\"5447\">Spostarono piccoli rami secchi, liberarono il vecchio cartello dalla vegetazione e segnarono sul quaderno i punti dove il sentiero era pi\u00f9 difficile da vedere.<\/p>\n<p style=\"text-align: justify\" data-start=\"4935\" data-end=\"5447\">Il nonno spiegava loro quali tratti meritavano pi\u00f9 attenzione, dove una volta passavano uomini e animali, e come un percorso antico potesse ancora tornare utile al presente.<\/p>\n<p style=\"text-align: justify\" data-start=\"4935\" data-end=\"5447\">Non risolsero tutto, naturalmente, ma quel tratto di cammino torn\u00f2 gi\u00e0 a respirare meglio.<\/p>\n<p style=\"text-align: justify\" data-start=\"5449\" data-end=\"5666\">Dopo un\u2019altra salita arrivarono a un punto panoramico.<\/p>\n<p style=\"text-align: justify\" data-start=\"5449\" data-end=\"5666\">Da l\u00ec il paesaggio appariva magnifico: colline, vallate, boschi, campi e, in lontananza, la linea del mondo che sembrava allargarsi verso direzioni antichissime.<\/p>\n<p style=\"text-align: justify\" data-start=\"5668\" data-end=\"5693\">Elia tir\u00f2 fuori la mappa.<\/p>\n<p style=\"text-align: justify\" data-start=\"5695\" data-end=\"6032\">\u00abPensateci. Forse, secoli fa, qualcuno si fermava proprio qui a guardare l\u2019orizzonte. Forse da questo passaggio transitavano persone dirette verso grandi citt\u00e0 del passato, tra il Tirreno e lo Ionio, in un tempo in cui luoghi come Poseidonia e Metaponto non erano solo nomi di storia, ma realt\u00e0 vive, piene di scambi, incontri e viaggi.\u00bb<\/p>\n<p data-start=\"5695\" data-end=\"6032\"><img fetchpriority=\"high\" decoding=\"async\" class=\" wp-image-30543 aligncenter\" src=\"https:\/\/www.ipiccoliquotidiano.it\/wp-content\/uploads\/2026\/04\/Recuperare-un-sentiero-storico-198x300.png\" alt=\"\" width=\"702\" height=\"1063\" srcset=\"https:\/\/www.ipiccoliquotidiano.it\/wp-content\/uploads\/2026\/04\/Recuperare-un-sentiero-storico-198x300.png 198w, https:\/\/www.ipiccoliquotidiano.it\/wp-content\/uploads\/2026\/04\/Recuperare-un-sentiero-storico-676x1024.png 676w, https:\/\/www.ipiccoliquotidiano.it\/wp-content\/uploads\/2026\/04\/Recuperare-un-sentiero-storico-768x1164.png 768w, https:\/\/www.ipiccoliquotidiano.it\/wp-content\/uploads\/2026\/04\/Recuperare-un-sentiero-storico-1014x1536.png 1014w, https:\/\/www.ipiccoliquotidiano.it\/wp-content\/uploads\/2026\/04\/Recuperare-un-sentiero-storico-150x227.png 150w, https:\/\/www.ipiccoliquotidiano.it\/wp-content\/uploads\/2026\/04\/Recuperare-un-sentiero-storico-450x682.png 450w, https:\/\/www.ipiccoliquotidiano.it\/wp-content\/uploads\/2026\/04\/Recuperare-un-sentiero-storico.png 1034w\" sizes=\"(max-width: 702px) 100vw, 702px\" \/><\/p>\n<p style=\"text-align: justify\" data-start=\"6034\" data-end=\"6073\">Miriam chiuse gli occhi per un istante.<\/p>\n<p style=\"text-align: justify\" data-start=\"6075\" data-end=\"6230\">\u00ab\u00c8 bello pensare che i sentieri non servissero solo per andare da un posto all\u2019altro. Servivano anche per portare idee, racconti, lingue, merci e speranze.\u00bb<\/p>\n<p style=\"text-align: justify\" data-start=\"6232\" data-end=\"6297\">\u00abEsatto\u00bb, disse Elia. \u00abUn sentiero collega molto pi\u00f9 dei luoghi.\u00bb<\/p>\n<p style=\"text-align: justify\" data-start=\"6299\" data-end=\"6433\">Il nonno guard\u00f2 l\u2019orizzonte e aggiunse: \u00abCollega anche generazioni diverse. Chi ha camminato ieri lascia qualcosa a chi cammina oggi.\u00bb<\/p>\n<p style=\"text-align: justify\" data-start=\"6435\" data-end=\"6514\">Rimasero l\u00ec ancora un p\u00f2, in silenzio, come se quel panorama parlasse da solo.<\/p>\n<p style=\"text-align: justify\" data-start=\"6516\" data-end=\"6739\">Durante il ritorno, i ragazzi raccontarono al nonno tutto ci\u00f2 che avevano capito lungo la strada.<\/p>\n<p style=\"text-align: justify\" data-start=\"6516\" data-end=\"6739\">Gli mostrarono il quaderno pieno di appunti e il sacco con i rifiuti raccolti.<\/p>\n<p style=\"text-align: justify\" data-start=\"6516\" data-end=\"6739\">Il nonno li ascolt\u00f2 con attenzione, poi disse: \u00abAvete fatto una cosa importante. Avete capito che un sentiero storico non \u00e8 un avanzo del passato. \u00c8 una possibilit\u00e0. Se viene recuperato e custodito, pu\u00f2 diventare una strada di futuro.\u00bb<\/p>\n<p style=\"text-align: justify\" data-start=\"6931\" data-end=\"6987\">Quelle parole spinsero i ragazzi a fare un passo in pi\u00f9.<\/p>\n<p style=\"text-align: justify\" data-start=\"6989\" data-end=\"7475\">Nei giorni successivi parlarono con la scuola, con alcuni genitori, con gli insegnanti e con persone del paese che amavano il territorio.<\/p>\n<p style=\"text-align: justify\" data-start=\"6989\" data-end=\"7475\">Il nonno li aiut\u00f2 a spiegare il valore del vecchio percorso e raccont\u00f2 a tutti ci\u00f2 che ricordava di quelle vie.<\/p>\n<p style=\"text-align: justify\" data-start=\"6989\" data-end=\"7475\">Organizzarono una giornata per ripulire il tratto del sentiero, sistemare i punti pi\u00f9 nascosti e raccontare ai pi\u00f9 piccoli perch\u00e9 quel percorso fosse cos\u00ec prezioso.<\/p>\n<p style=\"text-align: justify\" data-start=\"6989\" data-end=\"7475\">Prepararono anche un grande cartellone con una frase scritta al centro: <strong data-start=\"7477\" data-end=\"7567\">\u201cUn sentiero pulito invita a camminare. Un sentiero storico invita anche a ricordare.\u201d<\/strong><\/p>\n<p style=\"text-align: justify\" data-start=\"7569\" data-end=\"7950\">Alla giornata parteciparono in molti.<\/p>\n<p style=\"text-align: justify\" data-start=\"7569\" data-end=\"7950\">C\u2019erano ragazzi, adulti, anziani, escursionisti e curiosi.<\/p>\n<p style=\"text-align: justify\" data-start=\"7569\" data-end=\"7950\">Qualcuno port\u00f2 guanti, qualcuno sacchi e qualcuno racconti.<\/p>\n<p style=\"text-align: justify\" data-start=\"7569\" data-end=\"7950\">Una signora spieg\u00f2 che suo nonno percorreva quei tratti con gli animali.<\/p>\n<p style=\"text-align: justify\" data-start=\"7569\" data-end=\"7950\">Un uomo mostr\u00f2 alcune vecchie fotografie.<\/p>\n<p style=\"text-align: justify\" data-start=\"7569\" data-end=\"7950\">Un\u2019insegnante raccont\u00f2 che i territori crescono davvero quando imparano a custodire bene le proprie ricchezze.<\/p>\n<p style=\"text-align: justify\" data-start=\"7952\" data-end=\"7989\">Piano piano il sentiero cambi\u00f2 volto.<\/p>\n<p style=\"text-align: justify\" data-start=\"7991\" data-end=\"8084\">Torn\u00f2 visibile, pi\u00f9 ordinato e pi\u00f9 leggibile. E con lui cambi\u00f2 anche lo sguardo delle persone.<\/p>\n<p style=\"text-align: justify\" data-start=\"8086\" data-end=\"8383\">Molti cominciarono a percorrerlo.<\/p>\n<p style=\"text-align: justify\" data-start=\"8086\" data-end=\"8383\">Alcuni arrivarono da paesi vicini.<\/p>\n<p style=\"text-align: justify\" data-start=\"8086\" data-end=\"8383\">Poi arrivarono piccoli gruppi di camminatori.<\/p>\n<p style=\"text-align: justify\" data-start=\"8086\" data-end=\"8383\">Alcuni chiedevano informazioni sulle antiche vie del territorio, altri volevano conoscere la storia del percorso e altri ancora cercavano un\u2019esperienza autentica tra natura e memoria.<\/p>\n<p style=\"text-align: justify\" data-start=\"8385\" data-end=\"8587\">Elia, Miriam e Davide capirono allora una cosa semplice ma grande: i luoghi non diventano importanti soltanto perch\u00e9 esistono. Diventano importanti quando qualcuno li ama abbastanza da prendersene cura.<\/p>\n<p style=\"text-align: justify\" data-start=\"8589\" data-end=\"8842\">E fu cos\u00ec che l\u2019antico sentiero, che per tanto tempo era rimasto quasi nascosto, torn\u00f2 a vivere.<\/p>\n<p style=\"text-align: justify\" data-start=\"8589\" data-end=\"8842\">Non solo come traccia nel bosco, ma come racconto condiviso, come occasione per far arrivare visitatori, come ponte tra ragazzi e adulti, tra ieri e domani.<\/p>\n<p style=\"text-align: justify\" data-start=\"8844\" data-end=\"8957\">Da quel giorno, ogni volta che Elia camminava lungo quel percorso, non vedeva pi\u00f9 soltanto terra, sassi e alberi.<\/p>\n<p style=\"text-align: justify\" data-start=\"8959\" data-end=\"9009\">Vedeva una strada antica che continuava a parlare.<\/p>\n<p style=\"text-align: justify\" data-start=\"9011\" data-end=\"9057\">E ogni suo passo sembrava dire la stessa cosa: custodire un sentiero significa custodire il cuore di un territorio.<\/p>\n","protected":false},"excerpt":{"rendered":"<p>In un piccolo paese circondato da montagne, colline, ulivi e boschi profumati, viveva un ragazzo di nome Elia. Aveva scarpe sempre impolverate e una grande passione per le passeggiate nella natura. Non gli piaceva soltanto camminare: gli piaceva immaginare. Ogni sentiero, per lui, era una strada piena di domande. Chi era passato di l\u00ec tanti<\/p>\n","protected":false},"author":50,"featured_media":30534,"comment_status":"closed","ping_status":"open","sticky":false,"template":"","format":"standard","meta":{"footnotes":""},"categories":[51,35,31,41],"tags":[18919,17447,939,18924,18933,18926,18921,18930,18932,18925,3606,17228,18915,14597,18920,18928,11421,18923,18917,12138,18922,17477,18927,18916,18918,18929,11463,18556,18931,17256],"class_list":["post-30526","post","type-post","status-publish","format-standard","has-post-thumbnail","category-diritti-al-punto","category-in-evidenza","category-italia","category-uno-sguardo-al-passato","tag-antichi-sentieri","tag-cammini-storici","tag-educazione-ambientale","tag-escursioni-nella-natura","tag-giovani-e-territorio","tag-memoria-dei-luoghi","tag-natura-e-memoria","tag-passeggiate-nella-storia","tag-percorsi-storici","tag-poseidonia-e-metaponto","tag-racconti-educativi","tag-racconto-per-ragazzi","tag-racconto-sul-sentiero","tag-racconto-sulla-natura","tag-recupero-dei-sentieri","tag-sentieri-da-recuperare","tag-sentieri-del-cilento","tag-sentieri-e-turismo","tag-sentieri-puliti","tag-sentieri-storici","tag-sentiero-antico","tag-storia-del-territorio","tag-trekking-e-scoperta","tag-trekking-per-ragazzi","tag-turismo-dei-sentieri","tag-turismo-nelle-aree-interne","tag-turismo-sostenibile","tag-tutela-del-paesaggio","tag-valore-dei-cammini","tag-valorizzazione-del-territorio"],"yoast_head":"<!-- This site is optimized with the Yoast SEO plugin v28.4 - https:\/\/yoast.com\/product\/yoast-seo-wordpress\/ -->\n<title>Sulle tracce dell\u2019antico sentiero - IPiccoliQuotidiano.it<\/title>\n<meta name=\"robots\" content=\"index, follow, max-snippet:-1, max-image-preview:large, max-video-preview:-1\" \/>\n<link rel=\"canonical\" href=\"https:\/\/www.ipiccoliquotidiano.it\/index.php\/2026\/04\/08\/sulle-tracce-dellantico-sentiero\/\" \/>\n<meta property=\"og:locale\" content=\"it_IT\" \/>\n<meta property=\"og:type\" content=\"article\" \/>\n<meta property=\"og:title\" content=\"Sulle tracce dell\u2019antico sentiero - IPiccoliQuotidiano.it\" \/>\n<meta property=\"og:description\" content=\"In un piccolo paese circondato da montagne, colline, ulivi e boschi profumati, viveva un ragazzo di nome Elia. Aveva scarpe sempre impolverate e una grande passione per le passeggiate nella natura. Non gli piaceva soltanto camminare: gli piaceva immaginare. Ogni sentiero, per lui, era una strada piena di domande. Chi era passato di l\u00ec tanti\" \/>\n<meta property=\"og:url\" content=\"https:\/\/www.ipiccoliquotidiano.it\/index.php\/2026\/04\/08\/sulle-tracce-dellantico-sentiero\/\" \/>\n<meta property=\"og:site_name\" content=\"IPiccoliQuotidiano.it\" \/>\n<meta property=\"article:publisher\" content=\"https:\/\/www.facebook.com\/ipiccoliquotidiano\" \/>\n<meta property=\"article:published_time\" content=\"2026-04-08T07:42:59+00:00\" \/>\n<meta property=\"article:modified_time\" content=\"2026-04-08T17:54:47+00:00\" \/>\n<meta property=\"og:image\" content=\"https:\/\/www.ipiccoliquotidiano.it\/wp-content\/uploads\/2026\/04\/Sulle-tracce-dellantico-sentiero-1024x679.png\" \/>\n\t<meta property=\"og:image:width\" content=\"1024\" \/>\n\t<meta property=\"og:image:height\" content=\"679\" \/>\n\t<meta property=\"og:image:type\" content=\"image\/png\" \/>\n<meta name=\"author\" content=\"Vito Gerardo Roberto\" \/>\n<meta name=\"twitter:card\" content=\"summary_large_image\" \/>\n<meta name=\"twitter:label1\" content=\"Scritto da\" \/>\n\t<meta name=\"twitter:data1\" content=\"Vito Gerardo Roberto\" \/>\n\t<meta name=\"twitter:label2\" content=\"Tempo di lettura stimato\" \/>\n\t<meta name=\"twitter:data2\" content=\"8 minuti\" \/>\n<script type=\"application\/ld+json\" class=\"yoast-schema-graph\">{\"@context\":\"https:\\\/\\\/schema.org\",\"@graph\":[{\"@type\":\"Article\",\"@id\":\"https:\\\/\\\/www.ipiccoliquotidiano.it\\\/index.php\\\/2026\\\/04\\\/08\\\/sulle-tracce-dellantico-sentiero\\\/#article\",\"isPartOf\":{\"@id\":\"https:\\\/\\\/www.ipiccoliquotidiano.it\\\/index.php\\\/2026\\\/04\\\/08\\\/sulle-tracce-dellantico-sentiero\\\/\"},\"author\":{\"name\":\"Vito Gerardo Roberto\",\"@id\":\"https:\\\/\\\/www.ipiccoliquotidiano.it\\\/#\\\/schema\\\/person\\\/7650d5e6266e72ca04929df2a5989daa\"},\"headline\":\"Sulle tracce dell\u2019antico sentiero\",\"datePublished\":\"2026-04-08T07:42:59+00:00\",\"dateModified\":\"2026-04-08T17:54:47+00:00\",\"mainEntityOfPage\":{\"@id\":\"https:\\\/\\\/www.ipiccoliquotidiano.it\\\/index.php\\\/2026\\\/04\\\/08\\\/sulle-tracce-dellantico-sentiero\\\/\"},\"wordCount\":1431,\"publisher\":{\"@id\":\"https:\\\/\\\/www.ipiccoliquotidiano.it\\\/#organization\"},\"image\":{\"@id\":\"https:\\\/\\\/www.ipiccoliquotidiano.it\\\/index.php\\\/2026\\\/04\\\/08\\\/sulle-tracce-dellantico-sentiero\\\/#primaryimage\"},\"thumbnailUrl\":\"https:\\\/\\\/www.ipiccoliquotidiano.it\\\/wp-content\\\/uploads\\\/2026\\\/04\\\/Sulle-tracce-dellantico-sentiero.png\",\"keywords\":[\"Antichi sentieri\",\"Cammini storici\",\"educazione ambientale\",\"Escursioni nella natura\",\"Giovani e territorio\",\"Memoria dei luoghi\",\"Natura e memoria\",\"Passeggiate nella storia\",\"Percorsi storici\",\"Poseidonia e Metaponto\",\"racconti educativi\",\"Racconto per ragazzi\",\"Racconto sul sentiero\",\"Racconto sulla natura\",\"Recupero dei sentieri\",\"Sentieri da recuperare\",\"Sentieri Del Cilento\",\"Sentieri e turismo\",\"Sentieri puliti\",\"Sentieri storici\",\"Sentiero antico\",\"Storia del territorio\",\"Trekking e scoperta\",\"Trekking per ragazzi\",\"Turismo dei sentieri\",\"Turismo nelle aree interne\",\"Turismo Sostenibile\",\"Tutela del paesaggio\",\"Valore dei cammini\",\"Valorizzazione del territorio\"],\"articleSection\":[\"Diritti al punto!\",\"In evidenza\",\"Italia\",\"Uno sguardo al passato\"],\"inLanguage\":\"it-IT\"},{\"@type\":\"WebPage\",\"@id\":\"https:\\\/\\\/www.ipiccoliquotidiano.it\\\/index.php\\\/2026\\\/04\\\/08\\\/sulle-tracce-dellantico-sentiero\\\/\",\"url\":\"https:\\\/\\\/www.ipiccoliquotidiano.it\\\/index.php\\\/2026\\\/04\\\/08\\\/sulle-tracce-dellantico-sentiero\\\/\",\"name\":\"Sulle tracce dell\u2019antico sentiero - IPiccoliQuotidiano.it\",\"isPartOf\":{\"@id\":\"https:\\\/\\\/www.ipiccoliquotidiano.it\\\/#website\"},\"primaryImageOfPage\":{\"@id\":\"https:\\\/\\\/www.ipiccoliquotidiano.it\\\/index.php\\\/2026\\\/04\\\/08\\\/sulle-tracce-dellantico-sentiero\\\/#primaryimage\"},\"image\":{\"@id\":\"https:\\\/\\\/www.ipiccoliquotidiano.it\\\/index.php\\\/2026\\\/04\\\/08\\\/sulle-tracce-dellantico-sentiero\\\/#primaryimage\"},\"thumbnailUrl\":\"https:\\\/\\\/www.ipiccoliquotidiano.it\\\/wp-content\\\/uploads\\\/2026\\\/04\\\/Sulle-tracce-dellantico-sentiero.png\",\"datePublished\":\"2026-04-08T07:42:59+00:00\",\"dateModified\":\"2026-04-08T17:54:47+00:00\",\"breadcrumb\":{\"@id\":\"https:\\\/\\\/www.ipiccoliquotidiano.it\\\/index.php\\\/2026\\\/04\\\/08\\\/sulle-tracce-dellantico-sentiero\\\/#breadcrumb\"},\"inLanguage\":\"it-IT\",\"potentialAction\":[{\"@type\":\"ReadAction\",\"target\":[\"https:\\\/\\\/www.ipiccoliquotidiano.it\\\/index.php\\\/2026\\\/04\\\/08\\\/sulle-tracce-dellantico-sentiero\\\/\"]}]},{\"@type\":\"ImageObject\",\"inLanguage\":\"it-IT\",\"@id\":\"https:\\\/\\\/www.ipiccoliquotidiano.it\\\/index.php\\\/2026\\\/04\\\/08\\\/sulle-tracce-dellantico-sentiero\\\/#primaryimage\",\"url\":\"https:\\\/\\\/www.ipiccoliquotidiano.it\\\/wp-content\\\/uploads\\\/2026\\\/04\\\/Sulle-tracce-dellantico-sentiero.png\",\"contentUrl\":\"https:\\\/\\\/www.ipiccoliquotidiano.it\\\/wp-content\\\/uploads\\\/2026\\\/04\\\/Sulle-tracce-dellantico-sentiero.png\",\"width\":2138,\"height\":1418},{\"@type\":\"BreadcrumbList\",\"@id\":\"https:\\\/\\\/www.ipiccoliquotidiano.it\\\/index.php\\\/2026\\\/04\\\/08\\\/sulle-tracce-dellantico-sentiero\\\/#breadcrumb\",\"itemListElement\":[{\"@type\":\"ListItem\",\"position\":1,\"name\":\"Home\",\"item\":\"https:\\\/\\\/www.ipiccoliquotidiano.it\\\/\"},{\"@type\":\"ListItem\",\"position\":2,\"name\":\"Sulle tracce dell\u2019antico sentiero\"}]},{\"@type\":\"WebSite\",\"@id\":\"https:\\\/\\\/www.ipiccoliquotidiano.it\\\/#website\",\"url\":\"https:\\\/\\\/www.ipiccoliquotidiano.it\\\/\",\"name\":\"IPiccoliQuotidiano.it\",\"description\":\"Il Quotidiano dei Piccoli\",\"publisher\":{\"@id\":\"https:\\\/\\\/www.ipiccoliquotidiano.it\\\/#organization\"},\"potentialAction\":[{\"@type\":\"SearchAction\",\"target\":{\"@type\":\"EntryPoint\",\"urlTemplate\":\"https:\\\/\\\/www.ipiccoliquotidiano.it\\\/?s={search_term_string}\"},\"query-input\":{\"@type\":\"PropertyValueSpecification\",\"valueRequired\":true,\"valueName\":\"search_term_string\"}}],\"inLanguage\":\"it-IT\"},{\"@type\":\"Organization\",\"@id\":\"https:\\\/\\\/www.ipiccoliquotidiano.it\\\/#organization\",\"name\":\"IPiccoliQuotidiano.it\",\"url\":\"https:\\\/\\\/www.ipiccoliquotidiano.it\\\/\",\"logo\":{\"@type\":\"ImageObject\",\"inLanguage\":\"it-IT\",\"@id\":\"https:\\\/\\\/www.ipiccoliquotidiano.it\\\/#\\\/schema\\\/logo\\\/image\\\/\",\"url\":\"https:\\\/\\\/www.ipiccoliquotidiano.it\\\/wp-content\\\/uploads\\\/2024\\\/05\\\/ipiccoli-logo.jpg\",\"contentUrl\":\"https:\\\/\\\/www.ipiccoliquotidiano.it\\\/wp-content\\\/uploads\\\/2024\\\/05\\\/ipiccoli-logo.jpg\",\"width\":300,\"height\":129,\"caption\":\"IPiccoliQuotidiano.it\"},\"image\":{\"@id\":\"https:\\\/\\\/www.ipiccoliquotidiano.it\\\/#\\\/schema\\\/logo\\\/image\\\/\"},\"sameAs\":[\"https:\\\/\\\/www.facebook.com\\\/ipiccoliquotidiano\"]},{\"@type\":\"Person\",\"@id\":\"https:\\\/\\\/www.ipiccoliquotidiano.it\\\/#\\\/schema\\\/person\\\/7650d5e6266e72ca04929df2a5989daa\",\"name\":\"Vito Gerardo Roberto\",\"sameAs\":[\"https:\\\/\\\/www.robertovitogerardo.it\"],\"url\":\"https:\\\/\\\/www.ipiccoliquotidiano.it\\\/index.php\\\/author\\\/vito-roberto\\\/\"}]}<\/script>\n<!-- \/ Yoast SEO plugin. -->","yoast_head_json":{"title":"Sulle tracce dell\u2019antico sentiero - IPiccoliQuotidiano.it","robots":{"index":"index","follow":"follow","max-snippet":"max-snippet:-1","max-image-preview":"max-image-preview:large","max-video-preview":"max-video-preview:-1"},"canonical":"https:\/\/www.ipiccoliquotidiano.it\/index.php\/2026\/04\/08\/sulle-tracce-dellantico-sentiero\/","og_locale":"it_IT","og_type":"article","og_title":"Sulle tracce dell\u2019antico sentiero - IPiccoliQuotidiano.it","og_description":"In un piccolo paese circondato da montagne, colline, ulivi e boschi profumati, viveva un ragazzo di nome Elia. Aveva scarpe sempre impolverate e una grande passione per le passeggiate nella natura. Non gli piaceva soltanto camminare: gli piaceva immaginare. Ogni sentiero, per lui, era una strada piena di domande. Chi era passato di l\u00ec tanti","og_url":"https:\/\/www.ipiccoliquotidiano.it\/index.php\/2026\/04\/08\/sulle-tracce-dellantico-sentiero\/","og_site_name":"IPiccoliQuotidiano.it","article_publisher":"https:\/\/www.facebook.com\/ipiccoliquotidiano","article_published_time":"2026-04-08T07:42:59+00:00","article_modified_time":"2026-04-08T17:54:47+00:00","og_image":[{"width":1024,"height":679,"url":"https:\/\/www.ipiccoliquotidiano.it\/wp-content\/uploads\/2026\/04\/Sulle-tracce-dellantico-sentiero-1024x679.png","type":"image\/png"}],"author":"Vito Gerardo Roberto","twitter_card":"summary_large_image","twitter_misc":{"Scritto da":"Vito Gerardo Roberto","Tempo di lettura stimato":"8 minuti"},"schema":{"@context":"https:\/\/schema.org","@graph":[{"@type":"Article","@id":"https:\/\/www.ipiccoliquotidiano.it\/index.php\/2026\/04\/08\/sulle-tracce-dellantico-sentiero\/#article","isPartOf":{"@id":"https:\/\/www.ipiccoliquotidiano.it\/index.php\/2026\/04\/08\/sulle-tracce-dellantico-sentiero\/"},"author":{"name":"Vito Gerardo Roberto","@id":"https:\/\/www.ipiccoliquotidiano.it\/#\/schema\/person\/7650d5e6266e72ca04929df2a5989daa"},"headline":"Sulle tracce dell\u2019antico sentiero","datePublished":"2026-04-08T07:42:59+00:00","dateModified":"2026-04-08T17:54:47+00:00","mainEntityOfPage":{"@id":"https:\/\/www.ipiccoliquotidiano.it\/index.php\/2026\/04\/08\/sulle-tracce-dellantico-sentiero\/"},"wordCount":1431,"publisher":{"@id":"https:\/\/www.ipiccoliquotidiano.it\/#organization"},"image":{"@id":"https:\/\/www.ipiccoliquotidiano.it\/index.php\/2026\/04\/08\/sulle-tracce-dellantico-sentiero\/#primaryimage"},"thumbnailUrl":"https:\/\/www.ipiccoliquotidiano.it\/wp-content\/uploads\/2026\/04\/Sulle-tracce-dellantico-sentiero.png","keywords":["Antichi sentieri","Cammini storici","educazione ambientale","Escursioni nella natura","Giovani e territorio","Memoria dei luoghi","Natura e memoria","Passeggiate nella storia","Percorsi storici","Poseidonia e Metaponto","racconti educativi","Racconto per ragazzi","Racconto sul sentiero","Racconto sulla natura","Recupero dei sentieri","Sentieri da recuperare","Sentieri Del Cilento","Sentieri e turismo","Sentieri puliti","Sentieri storici","Sentiero antico","Storia del territorio","Trekking e scoperta","Trekking per ragazzi","Turismo dei sentieri","Turismo nelle aree interne","Turismo Sostenibile","Tutela del paesaggio","Valore dei cammini","Valorizzazione del territorio"],"articleSection":["Diritti al punto!","In evidenza","Italia","Uno sguardo al passato"],"inLanguage":"it-IT"},{"@type":"WebPage","@id":"https:\/\/www.ipiccoliquotidiano.it\/index.php\/2026\/04\/08\/sulle-tracce-dellantico-sentiero\/","url":"https:\/\/www.ipiccoliquotidiano.it\/index.php\/2026\/04\/08\/sulle-tracce-dellantico-sentiero\/","name":"Sulle tracce dell\u2019antico sentiero - IPiccoliQuotidiano.it","isPartOf":{"@id":"https:\/\/www.ipiccoliquotidiano.it\/#website"},"primaryImageOfPage":{"@id":"https:\/\/www.ipiccoliquotidiano.it\/index.php\/2026\/04\/08\/sulle-tracce-dellantico-sentiero\/#primaryimage"},"image":{"@id":"https:\/\/www.ipiccoliquotidiano.it\/index.php\/2026\/04\/08\/sulle-tracce-dellantico-sentiero\/#primaryimage"},"thumbnailUrl":"https:\/\/www.ipiccoliquotidiano.it\/wp-content\/uploads\/2026\/04\/Sulle-tracce-dellantico-sentiero.png","datePublished":"2026-04-08T07:42:59+00:00","dateModified":"2026-04-08T17:54:47+00:00","breadcrumb":{"@id":"https:\/\/www.ipiccoliquotidiano.it\/index.php\/2026\/04\/08\/sulle-tracce-dellantico-sentiero\/#breadcrumb"},"inLanguage":"it-IT","potentialAction":[{"@type":"ReadAction","target":["https:\/\/www.ipiccoliquotidiano.it\/index.php\/2026\/04\/08\/sulle-tracce-dellantico-sentiero\/"]}]},{"@type":"ImageObject","inLanguage":"it-IT","@id":"https:\/\/www.ipiccoliquotidiano.it\/index.php\/2026\/04\/08\/sulle-tracce-dellantico-sentiero\/#primaryimage","url":"https:\/\/www.ipiccoliquotidiano.it\/wp-content\/uploads\/2026\/04\/Sulle-tracce-dellantico-sentiero.png","contentUrl":"https:\/\/www.ipiccoliquotidiano.it\/wp-content\/uploads\/2026\/04\/Sulle-tracce-dellantico-sentiero.png","width":2138,"height":1418},{"@type":"BreadcrumbList","@id":"https:\/\/www.ipiccoliquotidiano.it\/index.php\/2026\/04\/08\/sulle-tracce-dellantico-sentiero\/#breadcrumb","itemListElement":[{"@type":"ListItem","position":1,"name":"Home","item":"https:\/\/www.ipiccoliquotidiano.it\/"},{"@type":"ListItem","position":2,"name":"Sulle tracce dell\u2019antico sentiero"}]},{"@type":"WebSite","@id":"https:\/\/www.ipiccoliquotidiano.it\/#website","url":"https:\/\/www.ipiccoliquotidiano.it\/","name":"IPiccoliQuotidiano.it","description":"Il Quotidiano dei Piccoli","publisher":{"@id":"https:\/\/www.ipiccoliquotidiano.it\/#organization"},"potentialAction":[{"@type":"SearchAction","target":{"@type":"EntryPoint","urlTemplate":"https:\/\/www.ipiccoliquotidiano.it\/?s={search_term_string}"},"query-input":{"@type":"PropertyValueSpecification","valueRequired":true,"valueName":"search_term_string"}}],"inLanguage":"it-IT"},{"@type":"Organization","@id":"https:\/\/www.ipiccoliquotidiano.it\/#organization","name":"IPiccoliQuotidiano.it","url":"https:\/\/www.ipiccoliquotidiano.it\/","logo":{"@type":"ImageObject","inLanguage":"it-IT","@id":"https:\/\/www.ipiccoliquotidiano.it\/#\/schema\/logo\/image\/","url":"https:\/\/www.ipiccoliquotidiano.it\/wp-content\/uploads\/2024\/05\/ipiccoli-logo.jpg","contentUrl":"https:\/\/www.ipiccoliquotidiano.it\/wp-content\/uploads\/2024\/05\/ipiccoli-logo.jpg","width":300,"height":129,"caption":"IPiccoliQuotidiano.it"},"image":{"@id":"https:\/\/www.ipiccoliquotidiano.it\/#\/schema\/logo\/image\/"},"sameAs":["https:\/\/www.facebook.com\/ipiccoliquotidiano"]},{"@type":"Person","@id":"https:\/\/www.ipiccoliquotidiano.it\/#\/schema\/person\/7650d5e6266e72ca04929df2a5989daa","name":"Vito Gerardo Roberto","sameAs":["https:\/\/www.robertovitogerardo.it"],"url":"https:\/\/www.ipiccoliquotidiano.it\/index.php\/author\/vito-roberto\/"}]}},"_links":{"self":[{"href":"https:\/\/www.ipiccoliquotidiano.it\/index.php\/wp-json\/wp\/v2\/posts\/30526","targetHints":{"allow":["GET"]}}],"collection":[{"href":"https:\/\/www.ipiccoliquotidiano.it\/index.php\/wp-json\/wp\/v2\/posts"}],"about":[{"href":"https:\/\/www.ipiccoliquotidiano.it\/index.php\/wp-json\/wp\/v2\/types\/post"}],"author":[{"embeddable":true,"href":"https:\/\/www.ipiccoliquotidiano.it\/index.php\/wp-json\/wp\/v2\/users\/50"}],"replies":[{"embeddable":true,"href":"https:\/\/www.ipiccoliquotidiano.it\/index.php\/wp-json\/wp\/v2\/comments?post=30526"}],"version-history":[{"count":16,"href":"https:\/\/www.ipiccoliquotidiano.it\/index.php\/wp-json\/wp\/v2\/posts\/30526\/revisions"}],"predecessor-version":[{"id":30545,"href":"https:\/\/www.ipiccoliquotidiano.it\/index.php\/wp-json\/wp\/v2\/posts\/30526\/revisions\/30545"}],"wp:featuredmedia":[{"embeddable":true,"href":"https:\/\/www.ipiccoliquotidiano.it\/index.php\/wp-json\/wp\/v2\/media\/30534"}],"wp:attachment":[{"href":"https:\/\/www.ipiccoliquotidiano.it\/index.php\/wp-json\/wp\/v2\/media?parent=30526"}],"wp:term":[{"taxonomy":"category","embeddable":true,"href":"https:\/\/www.ipiccoliquotidiano.it\/index.php\/wp-json\/wp\/v2\/categories?post=30526"},{"taxonomy":"post_tag","embeddable":true,"href":"https:\/\/www.ipiccoliquotidiano.it\/index.php\/wp-json\/wp\/v2\/tags?post=30526"}],"curies":[{"name":"wp","href":"https:\/\/api.w.org\/{rel}","templated":true}]}}