{"id":30352,"date":"2026-03-25T07:51:00","date_gmt":"2026-03-25T05:51:00","guid":{"rendered":"https:\/\/www.ipiccoliquotidiano.it\/?p=30352"},"modified":"2026-03-24T20:57:32","modified_gmt":"2026-03-24T18:57:32","slug":"la-liberta","status":"publish","type":"post","link":"https:\/\/www.ipiccoliquotidiano.it\/index.php\/2026\/03\/25\/la-liberta\/","title":{"rendered":"La Libert\u00e0"},"content":{"rendered":"\n<p class=\"wp-block-paragraph\"><strong>di Giorgio Gaber<\/strong><\/p>\n\n\n\n<p class=\"wp-block-paragraph\">Voglio essere libero, libero come un uomo<\/p>\n\n\n\n<p class=\"wp-block-paragraph\">Vorrei essere libero come un uomo<\/p>\n\n\n\n<p class=\"wp-block-paragraph\">Come un uomo appena nato<\/p>\n\n\n\n<p class=\"wp-block-paragraph\">Che ha di fronte solamente la natura<\/p>\n\n\n\n<p class=\"wp-block-paragraph\">Che cammina dentro un bosco<\/p>\n\n\n\n<p class=\"wp-block-paragraph\">Con la gioia di inseguire un&#8217;avventura<\/p>\n\n\n\n<p class=\"wp-block-paragraph\">Sempre libero e vitale<\/p>\n\n\n\n<p class=\"wp-block-paragraph\">Fa l&#8217;amore come fosse un animale<\/p>\n\n\n\n<p class=\"wp-block-paragraph\">Incosciente come un uomo<\/p>\n\n\n\n<p class=\"wp-block-paragraph\">Compiaciuto della propria libert\u00e0<\/p>\n\n\n\n<p class=\"wp-block-paragraph\">La libert\u00e0 non \u00e8 star sopra un albero<\/p>\n\n\n\n<p class=\"wp-block-paragraph\">Non \u00e8 neanche il volo di un moscone<\/p>\n\n\n\n<p class=\"wp-block-paragraph\">La libert\u00e0 non \u00e8 uno spazio libero<\/p>\n\n\n\n<p class=\"wp-block-paragraph\">Libert\u00e0 \u00e8 partecipazione<\/p>\n\n\n\n<p class=\"wp-block-paragraph\">Vorrei essere libero come un uomo<\/p>\n\n\n\n<p class=\"wp-block-paragraph\">Come un uomo che ha bisogno<\/p>\n\n\n\n<p class=\"wp-block-paragraph\">di spaziare con la propria fantasia<\/p>\n\n\n\n<p class=\"wp-block-paragraph\">E che trova questo spazio<\/p>\n\n\n\n<p class=\"wp-block-paragraph\">Solamente nella sua democrazia<\/p>\n\n\n\n<p class=\"wp-block-paragraph\">Che ha il diritto di votare<\/p>\n\n\n\n<p class=\"wp-block-paragraph\">E che passa la sua vita a delegare<\/p>\n\n\n\n<p class=\"wp-block-paragraph\">E nel farsi comandare<\/p>\n\n\n\n<p class=\"wp-block-paragraph\">Ha trovato la sua nuova libert\u00e0<\/p>\n\n\n\n<p class=\"wp-block-paragraph\">La libert\u00e0 non \u00e8 star sopra un albero<\/p>\n\n\n\n<p class=\"wp-block-paragraph\">Non \u00e8 neanche avere un&#8217;opinione<\/p>\n\n\n\n<p class=\"wp-block-paragraph\">La libert\u00e0 non \u00e8 uno spazio libero<\/p>\n\n\n\n<p class=\"wp-block-paragraph\">Libert\u00e0 \u00e8 partecipazione<\/p>\n\n\n\n<p class=\"wp-block-paragraph\">Vorrei essere libero come un uomo<\/p>\n\n\n\n<p class=\"wp-block-paragraph\">Come l&#8217;uomo pi\u00f9 evoluto<\/p>\n\n\n\n<p class=\"wp-block-paragraph\">Che si innalza con la propria intelligenza<\/p>\n\n\n\n<p class=\"wp-block-paragraph\">E che sfida la natura<\/p>\n\n\n\n<p class=\"wp-block-paragraph\">Con la forza incontrastata della scienza<\/p>\n\n\n\n<p class=\"wp-block-paragraph\">Con addosso l&#8217;entusiasmo<\/p>\n\n\n\n<p class=\"wp-block-paragraph\">Di spaziare senza limiti nel cosmo<\/p>\n\n\n\n<p class=\"wp-block-paragraph\">E convinto che la forza del pensiero<\/p>\n\n\n\n<p class=\"wp-block-paragraph\">Sia la sola libert\u00e0<\/p>\n\n\n\n<p class=\"wp-block-paragraph\">La libert\u00e0 non \u00e8 star sopra un albero<\/p>\n\n\n\n<p class=\"wp-block-paragraph\">Non \u00e8 neanche un gesto o un&#8217;invenzione<\/p>\n\n\n\n<p class=\"wp-block-paragraph\">La libert\u00e0 non \u00e8 uno spazio libero<\/p>\n\n\n\n<p class=\"wp-block-paragraph\">Libert\u00e0 \u00e8 partecipazione<\/p>\n\n\n\n<p class=\"wp-block-paragraph\">La libert\u00e0 non \u00e8 star sopra un albero<\/p>\n\n\n\n<p class=\"wp-block-paragraph\">Non \u00e8 neanche il volo di un moscone<\/p>\n\n\n\n<p class=\"wp-block-paragraph\">La libert\u00e0 non \u00e8 uno spazio libero<\/p>\n\n\n\n<p class=\"wp-block-paragraph\">Libert\u00e0 \u00e8 partecipazione<\/p>\n\n\n\n<p class=\"wp-block-paragraph\">La libert\u00e0 non \u00e8 star sopra un albero<\/p>\n\n\n\n<p class=\"wp-block-paragraph\">Non \u00e8 neanche il volo di un moscone<\/p>\n\n\n\n<p class=\"wp-block-paragraph\">La libert\u00e0 non \u00e8 uno spazio libero<\/p>\n\n\n\n<p class=\"wp-block-paragraph\">Libert\u00e0 \u00e8 partecipazione.<\/p>\n\n\n\n<p class=\"wp-block-paragraph\"><em>Che bella scelta! Queste parole appartengono a una famosa canzone di Giorgio Gaber. Anche se sembra un discorso da &#8220;grandi&#8221;, il messaggio \u00e8 molto semplice e importante anche per i pi\u00f9 piccoli.<\/em><\/p>\n\n\n\n<p class=\"wp-block-paragraph\"><em>Immagina che la libert\u00e0 sia come un gioco. Ecco come possiamo spiegarla:<\/em><\/p>\n\n\n\n<p class=\"wp-block-paragraph\"><em>Non \u00e8 solo fare quello che si vuole<\/em><\/p>\n\n\n\n<p class=\"wp-block-paragraph\"><em>Molti pensano che essere liberi significhi fare tutto ci\u00f2 che ci passa per la testa: stare tutto il giorno arrampicati su un albero, volare via come un insetto o starsene da soli in un bosco senza regole.<\/em><\/p>\n\n\n\n<p class=\"wp-block-paragraph\"><em>Gaber dice di no: Se sei solo nel bosco, sei libero, ma sei anche solo. Quella non \u00e8 la vera felicit\u00e0.<\/em><\/p>\n\n\n\n<p class=\"wp-block-paragraph\"><em>Non \u00e8 &#8220;declinare&#8221; il compito agli altri<\/em><\/p>\n\n\n\n<p class=\"wp-block-paragraph\"><em>Nella canzone si parla di persone che pensano di essere libere perch\u00e9 possono votare, ma poi lasciano che siano sempre gli altri a decidere tutto. \u00c8 come se in un gioco di squadra tu dicessi: &#8220;Scegliete voi a cosa giocare, io sto a guardare&#8221;. Se non scegli mai, non sei davvero libero.<\/em><\/p>\n\n\n\n<p class=\"wp-block-paragraph\"><em>La parte pi\u00f9 importante: Partecipazione!<\/em><\/p>\n\n\n\n<p class=\"wp-block-paragraph\"><em>La frase pi\u00f9 famosa \u00e8: &#8220;Libert\u00e0 \u00e8 partecipazione&#8221;. Cosa significa?<\/em><\/p>\n\n\n\n<p class=\"wp-block-paragraph\"><em>Significa stare insieme agli altri.<\/em><\/p>\n\n\n\n<p class=\"wp-block-paragraph\"><em>Significa alzare la mano e dire la propria opinione.<\/em><\/p>\n\n\n\n<p class=\"wp-block-paragraph\"><em>Significa aiutare a costruire qualcosa insieme agli amici.<\/em><\/p>\n\n\n\n<p class=\"wp-block-paragraph\"><em>In parole semplici: La libert\u00e0 non \u00e8 un posto dove vai da solo per fare quello che vuoi. La libert\u00e0 \u00e8 come una grande festa o una partita a pallone: sei libero quando partecipi, quando dai il tuo contributo e quando ti senti parte di un gruppo.<\/em><\/p>\n\n\n\n<p class=\"wp-block-paragraph\"><em>Un esempio per capire meglio:<\/em><\/p>\n\n\n\n<p class=\"wp-block-paragraph\"><em>Immagina di essere in classe.<\/em><\/p>\n\n\n\n<p class=\"wp-block-paragraph\"><em>Non sei libero se devi stare zitto e fare solo quello che ti dicono senza capire perch\u00e9.<\/em><\/p>\n\n\n\n<p class=\"wp-block-paragraph\"><em>Ma non sei libero nemmeno se scappi via dalla scuola e vai a giocare da solo in un angolo.<\/em><\/p>\n\n\n\n<p class=\"wp-block-paragraph\"><em>Sei davvero libero quando puoi parlare con i tuoi compagni, proporre un nuovo gioco e decidere insieme a loro come rendere la classe pi\u00f9 bella per tutti.<\/em><\/p>\n","protected":false},"excerpt":{"rendered":"<p>La libert\u00e0 \u00e8 partecipazione!<\/p>\n","protected":false},"author":28,"featured_media":30353,"comment_status":"closed","ping_status":"open","sticky":false,"template":"","format":"standard","meta":{"footnotes":""},"categories":[33,35],"tags":[18729,18730,9847,16936,18726,18727],"class_list":["post-30352","post","type-post","status-publish","format-standard","has-post-thumbnail","category-mondo","category-in-evidenza","tag-costruire","tag-grandefesta","tag-liberta","tag-partecipazione","tag-scegliere","tag-stareinsieme"],"yoast_head":"<!-- This site is optimized with the Yoast SEO plugin v28.3 - https:\/\/yoast.com\/product\/yoast-seo-wordpress\/ -->\n<title>La Libert\u00e0 - IPiccoliQuotidiano.it<\/title>\n<meta name=\"robots\" content=\"index, follow, max-snippet:-1, max-image-preview:large, max-video-preview:-1\" \/>\n<link rel=\"canonical\" href=\"https:\/\/www.ipiccoliquotidiano.it\/index.php\/2026\/03\/25\/la-liberta\/\" \/>\n<meta property=\"og:locale\" content=\"it_IT\" \/>\n<meta property=\"og:type\" content=\"article\" \/>\n<meta property=\"og:title\" content=\"La Libert\u00e0 - IPiccoliQuotidiano.it\" \/>\n<meta property=\"og:description\" content=\"La libert\u00e0 \u00e8 partecipazione!\" \/>\n<meta property=\"og:url\" content=\"https:\/\/www.ipiccoliquotidiano.it\/index.php\/2026\/03\/25\/la-liberta\/\" \/>\n<meta property=\"og:site_name\" content=\"IPiccoliQuotidiano.it\" \/>\n<meta property=\"article:publisher\" content=\"https:\/\/www.facebook.com\/ipiccoliquotidiano\" \/>\n<meta property=\"article:published_time\" content=\"2026-03-25T05:51:00+00:00\" \/>\n<meta property=\"og:image\" content=\"https:\/\/www.ipiccoliquotidiano.it\/wp-content\/uploads\/2026\/03\/liberta.jpg\" \/>\n\t<meta property=\"og:image:width\" content=\"1408\" \/>\n\t<meta property=\"og:image:height\" content=\"768\" \/>\n\t<meta property=\"og:image:type\" content=\"image\/jpeg\" \/>\n<meta name=\"author\" content=\"La Redazione\" \/>\n<meta name=\"twitter:card\" content=\"summary_large_image\" \/>\n<meta name=\"twitter:label1\" content=\"Scritto da\" \/>\n\t<meta name=\"twitter:data1\" content=\"La Redazione\" \/>\n\t<meta name=\"twitter:label2\" content=\"Tempo di lettura stimato\" \/>\n\t<meta name=\"twitter:data2\" content=\"4 minuti\" \/>\n<script type=\"application\/ld+json\" class=\"yoast-schema-graph\">{\"@context\":\"https:\\\/\\\/schema.org\",\"@graph\":[{\"@type\":\"Article\",\"@id\":\"https:\\\/\\\/www.ipiccoliquotidiano.it\\\/index.php\\\/2026\\\/03\\\/25\\\/la-liberta\\\/#article\",\"isPartOf\":{\"@id\":\"https:\\\/\\\/www.ipiccoliquotidiano.it\\\/index.php\\\/2026\\\/03\\\/25\\\/la-liberta\\\/\"},\"author\":{\"name\":\"La Redazione\",\"@id\":\"https:\\\/\\\/www.ipiccoliquotidiano.it\\\/#\\\/schema\\\/person\\\/173e9c5d7e4380741603f4a4b6d8bb1a\"},\"headline\":\"La Libert\u00e0\",\"datePublished\":\"2026-03-25T05:51:00+00:00\",\"mainEntityOfPage\":{\"@id\":\"https:\\\/\\\/www.ipiccoliquotidiano.it\\\/index.php\\\/2026\\\/03\\\/25\\\/la-liberta\\\/\"},\"wordCount\":587,\"publisher\":{\"@id\":\"https:\\\/\\\/www.ipiccoliquotidiano.it\\\/#organization\"},\"image\":{\"@id\":\"https:\\\/\\\/www.ipiccoliquotidiano.it\\\/index.php\\\/2026\\\/03\\\/25\\\/la-liberta\\\/#primaryimage\"},\"thumbnailUrl\":\"https:\\\/\\\/www.ipiccoliquotidiano.it\\\/wp-content\\\/uploads\\\/2026\\\/03\\\/liberta.jpg\",\"keywords\":[\"costruire\",\"grandefesta\",\"libert\u00e0\",\"Partecipazione\",\"scegliere\",\"stareinsieme\"],\"articleSection\":[\"Dal Mondo\",\"In evidenza\"],\"inLanguage\":\"it-IT\"},{\"@type\":\"WebPage\",\"@id\":\"https:\\\/\\\/www.ipiccoliquotidiano.it\\\/index.php\\\/2026\\\/03\\\/25\\\/la-liberta\\\/\",\"url\":\"https:\\\/\\\/www.ipiccoliquotidiano.it\\\/index.php\\\/2026\\\/03\\\/25\\\/la-liberta\\\/\",\"name\":\"La Libert\u00e0 - IPiccoliQuotidiano.it\",\"isPartOf\":{\"@id\":\"https:\\\/\\\/www.ipiccoliquotidiano.it\\\/#website\"},\"primaryImageOfPage\":{\"@id\":\"https:\\\/\\\/www.ipiccoliquotidiano.it\\\/index.php\\\/2026\\\/03\\\/25\\\/la-liberta\\\/#primaryimage\"},\"image\":{\"@id\":\"https:\\\/\\\/www.ipiccoliquotidiano.it\\\/index.php\\\/2026\\\/03\\\/25\\\/la-liberta\\\/#primaryimage\"},\"thumbnailUrl\":\"https:\\\/\\\/www.ipiccoliquotidiano.it\\\/wp-content\\\/uploads\\\/2026\\\/03\\\/liberta.jpg\",\"datePublished\":\"2026-03-25T05:51:00+00:00\",\"breadcrumb\":{\"@id\":\"https:\\\/\\\/www.ipiccoliquotidiano.it\\\/index.php\\\/2026\\\/03\\\/25\\\/la-liberta\\\/#breadcrumb\"},\"inLanguage\":\"it-IT\",\"potentialAction\":[{\"@type\":\"ReadAction\",\"target\":[\"https:\\\/\\\/www.ipiccoliquotidiano.it\\\/index.php\\\/2026\\\/03\\\/25\\\/la-liberta\\\/\"]}]},{\"@type\":\"ImageObject\",\"inLanguage\":\"it-IT\",\"@id\":\"https:\\\/\\\/www.ipiccoliquotidiano.it\\\/index.php\\\/2026\\\/03\\\/25\\\/la-liberta\\\/#primaryimage\",\"url\":\"https:\\\/\\\/www.ipiccoliquotidiano.it\\\/wp-content\\\/uploads\\\/2026\\\/03\\\/liberta.jpg\",\"contentUrl\":\"https:\\\/\\\/www.ipiccoliquotidiano.it\\\/wp-content\\\/uploads\\\/2026\\\/03\\\/liberta.jpg\",\"width\":1408,\"height\":768},{\"@type\":\"BreadcrumbList\",\"@id\":\"https:\\\/\\\/www.ipiccoliquotidiano.it\\\/index.php\\\/2026\\\/03\\\/25\\\/la-liberta\\\/#breadcrumb\",\"itemListElement\":[{\"@type\":\"ListItem\",\"position\":1,\"name\":\"Home\",\"item\":\"https:\\\/\\\/www.ipiccoliquotidiano.it\\\/\"},{\"@type\":\"ListItem\",\"position\":2,\"name\":\"La Libert\u00e0\"}]},{\"@type\":\"WebSite\",\"@id\":\"https:\\\/\\\/www.ipiccoliquotidiano.it\\\/#website\",\"url\":\"https:\\\/\\\/www.ipiccoliquotidiano.it\\\/\",\"name\":\"IPiccoliQuotidiano.it\",\"description\":\"Il Quotidiano dei Piccoli\",\"publisher\":{\"@id\":\"https:\\\/\\\/www.ipiccoliquotidiano.it\\\/#organization\"},\"potentialAction\":[{\"@type\":\"SearchAction\",\"target\":{\"@type\":\"EntryPoint\",\"urlTemplate\":\"https:\\\/\\\/www.ipiccoliquotidiano.it\\\/?s={search_term_string}\"},\"query-input\":{\"@type\":\"PropertyValueSpecification\",\"valueRequired\":true,\"valueName\":\"search_term_string\"}}],\"inLanguage\":\"it-IT\"},{\"@type\":\"Organization\",\"@id\":\"https:\\\/\\\/www.ipiccoliquotidiano.it\\\/#organization\",\"name\":\"IPiccoliQuotidiano.it\",\"url\":\"https:\\\/\\\/www.ipiccoliquotidiano.it\\\/\",\"logo\":{\"@type\":\"ImageObject\",\"inLanguage\":\"it-IT\",\"@id\":\"https:\\\/\\\/www.ipiccoliquotidiano.it\\\/#\\\/schema\\\/logo\\\/image\\\/\",\"url\":\"https:\\\/\\\/www.ipiccoliquotidiano.it\\\/wp-content\\\/uploads\\\/2024\\\/05\\\/ipiccoli-logo.jpg\",\"contentUrl\":\"https:\\\/\\\/www.ipiccoliquotidiano.it\\\/wp-content\\\/uploads\\\/2024\\\/05\\\/ipiccoli-logo.jpg\",\"width\":300,\"height\":129,\"caption\":\"IPiccoliQuotidiano.it\"},\"image\":{\"@id\":\"https:\\\/\\\/www.ipiccoliquotidiano.it\\\/#\\\/schema\\\/logo\\\/image\\\/\"},\"sameAs\":[\"https:\\\/\\\/www.facebook.com\\\/ipiccoliquotidiano\"]},{\"@type\":\"Person\",\"@id\":\"https:\\\/\\\/www.ipiccoliquotidiano.it\\\/#\\\/schema\\\/person\\\/173e9c5d7e4380741603f4a4b6d8bb1a\",\"name\":\"La Redazione\",\"description\":\"La redazione de \\\"I Piccoli Quotidiano\\\" \u00e8 una testata giornalistica pensata per i bambini e rivolta a tutti coloro che vogliono conoscere tutto ci\u00f2 che accade nel mondo tra curiosit\u00e0 e approfondimenti.\",\"url\":\"https:\\\/\\\/www.ipiccoliquotidiano.it\\\/index.php\\\/author\\\/la-redazione\\\/\"}]}<\/script>\n<!-- \/ Yoast SEO plugin. -->","yoast_head_json":{"title":"La Libert\u00e0 - IPiccoliQuotidiano.it","robots":{"index":"index","follow":"follow","max-snippet":"max-snippet:-1","max-image-preview":"max-image-preview:large","max-video-preview":"max-video-preview:-1"},"canonical":"https:\/\/www.ipiccoliquotidiano.it\/index.php\/2026\/03\/25\/la-liberta\/","og_locale":"it_IT","og_type":"article","og_title":"La Libert\u00e0 - IPiccoliQuotidiano.it","og_description":"La libert\u00e0 \u00e8 partecipazione!","og_url":"https:\/\/www.ipiccoliquotidiano.it\/index.php\/2026\/03\/25\/la-liberta\/","og_site_name":"IPiccoliQuotidiano.it","article_publisher":"https:\/\/www.facebook.com\/ipiccoliquotidiano","article_published_time":"2026-03-25T05:51:00+00:00","og_image":[{"width":1408,"height":768,"url":"https:\/\/www.ipiccoliquotidiano.it\/wp-content\/uploads\/2026\/03\/liberta.jpg","type":"image\/jpeg"}],"author":"La Redazione","twitter_card":"summary_large_image","twitter_misc":{"Scritto da":"La Redazione","Tempo di lettura stimato":"4 minuti"},"schema":{"@context":"https:\/\/schema.org","@graph":[{"@type":"Article","@id":"https:\/\/www.ipiccoliquotidiano.it\/index.php\/2026\/03\/25\/la-liberta\/#article","isPartOf":{"@id":"https:\/\/www.ipiccoliquotidiano.it\/index.php\/2026\/03\/25\/la-liberta\/"},"author":{"name":"La Redazione","@id":"https:\/\/www.ipiccoliquotidiano.it\/#\/schema\/person\/173e9c5d7e4380741603f4a4b6d8bb1a"},"headline":"La Libert\u00e0","datePublished":"2026-03-25T05:51:00+00:00","mainEntityOfPage":{"@id":"https:\/\/www.ipiccoliquotidiano.it\/index.php\/2026\/03\/25\/la-liberta\/"},"wordCount":587,"publisher":{"@id":"https:\/\/www.ipiccoliquotidiano.it\/#organization"},"image":{"@id":"https:\/\/www.ipiccoliquotidiano.it\/index.php\/2026\/03\/25\/la-liberta\/#primaryimage"},"thumbnailUrl":"https:\/\/www.ipiccoliquotidiano.it\/wp-content\/uploads\/2026\/03\/liberta.jpg","keywords":["costruire","grandefesta","libert\u00e0","Partecipazione","scegliere","stareinsieme"],"articleSection":["Dal Mondo","In evidenza"],"inLanguage":"it-IT"},{"@type":"WebPage","@id":"https:\/\/www.ipiccoliquotidiano.it\/index.php\/2026\/03\/25\/la-liberta\/","url":"https:\/\/www.ipiccoliquotidiano.it\/index.php\/2026\/03\/25\/la-liberta\/","name":"La Libert\u00e0 - IPiccoliQuotidiano.it","isPartOf":{"@id":"https:\/\/www.ipiccoliquotidiano.it\/#website"},"primaryImageOfPage":{"@id":"https:\/\/www.ipiccoliquotidiano.it\/index.php\/2026\/03\/25\/la-liberta\/#primaryimage"},"image":{"@id":"https:\/\/www.ipiccoliquotidiano.it\/index.php\/2026\/03\/25\/la-liberta\/#primaryimage"},"thumbnailUrl":"https:\/\/www.ipiccoliquotidiano.it\/wp-content\/uploads\/2026\/03\/liberta.jpg","datePublished":"2026-03-25T05:51:00+00:00","breadcrumb":{"@id":"https:\/\/www.ipiccoliquotidiano.it\/index.php\/2026\/03\/25\/la-liberta\/#breadcrumb"},"inLanguage":"it-IT","potentialAction":[{"@type":"ReadAction","target":["https:\/\/www.ipiccoliquotidiano.it\/index.php\/2026\/03\/25\/la-liberta\/"]}]},{"@type":"ImageObject","inLanguage":"it-IT","@id":"https:\/\/www.ipiccoliquotidiano.it\/index.php\/2026\/03\/25\/la-liberta\/#primaryimage","url":"https:\/\/www.ipiccoliquotidiano.it\/wp-content\/uploads\/2026\/03\/liberta.jpg","contentUrl":"https:\/\/www.ipiccoliquotidiano.it\/wp-content\/uploads\/2026\/03\/liberta.jpg","width":1408,"height":768},{"@type":"BreadcrumbList","@id":"https:\/\/www.ipiccoliquotidiano.it\/index.php\/2026\/03\/25\/la-liberta\/#breadcrumb","itemListElement":[{"@type":"ListItem","position":1,"name":"Home","item":"https:\/\/www.ipiccoliquotidiano.it\/"},{"@type":"ListItem","position":2,"name":"La Libert\u00e0"}]},{"@type":"WebSite","@id":"https:\/\/www.ipiccoliquotidiano.it\/#website","url":"https:\/\/www.ipiccoliquotidiano.it\/","name":"IPiccoliQuotidiano.it","description":"Il Quotidiano dei Piccoli","publisher":{"@id":"https:\/\/www.ipiccoliquotidiano.it\/#organization"},"potentialAction":[{"@type":"SearchAction","target":{"@type":"EntryPoint","urlTemplate":"https:\/\/www.ipiccoliquotidiano.it\/?s={search_term_string}"},"query-input":{"@type":"PropertyValueSpecification","valueRequired":true,"valueName":"search_term_string"}}],"inLanguage":"it-IT"},{"@type":"Organization","@id":"https:\/\/www.ipiccoliquotidiano.it\/#organization","name":"IPiccoliQuotidiano.it","url":"https:\/\/www.ipiccoliquotidiano.it\/","logo":{"@type":"ImageObject","inLanguage":"it-IT","@id":"https:\/\/www.ipiccoliquotidiano.it\/#\/schema\/logo\/image\/","url":"https:\/\/www.ipiccoliquotidiano.it\/wp-content\/uploads\/2024\/05\/ipiccoli-logo.jpg","contentUrl":"https:\/\/www.ipiccoliquotidiano.it\/wp-content\/uploads\/2024\/05\/ipiccoli-logo.jpg","width":300,"height":129,"caption":"IPiccoliQuotidiano.it"},"image":{"@id":"https:\/\/www.ipiccoliquotidiano.it\/#\/schema\/logo\/image\/"},"sameAs":["https:\/\/www.facebook.com\/ipiccoliquotidiano"]},{"@type":"Person","@id":"https:\/\/www.ipiccoliquotidiano.it\/#\/schema\/person\/173e9c5d7e4380741603f4a4b6d8bb1a","name":"La Redazione","description":"La redazione de \"I Piccoli Quotidiano\" \u00e8 una testata giornalistica pensata per i bambini e rivolta a tutti coloro che vogliono conoscere tutto ci\u00f2 che accade nel mondo tra curiosit\u00e0 e approfondimenti.","url":"https:\/\/www.ipiccoliquotidiano.it\/index.php\/author\/la-redazione\/"}]}},"_links":{"self":[{"href":"https:\/\/www.ipiccoliquotidiano.it\/index.php\/wp-json\/wp\/v2\/posts\/30352","targetHints":{"allow":["GET"]}}],"collection":[{"href":"https:\/\/www.ipiccoliquotidiano.it\/index.php\/wp-json\/wp\/v2\/posts"}],"about":[{"href":"https:\/\/www.ipiccoliquotidiano.it\/index.php\/wp-json\/wp\/v2\/types\/post"}],"author":[{"embeddable":true,"href":"https:\/\/www.ipiccoliquotidiano.it\/index.php\/wp-json\/wp\/v2\/users\/28"}],"replies":[{"embeddable":true,"href":"https:\/\/www.ipiccoliquotidiano.it\/index.php\/wp-json\/wp\/v2\/comments?post=30352"}],"version-history":[{"count":1,"href":"https:\/\/www.ipiccoliquotidiano.it\/index.php\/wp-json\/wp\/v2\/posts\/30352\/revisions"}],"predecessor-version":[{"id":30354,"href":"https:\/\/www.ipiccoliquotidiano.it\/index.php\/wp-json\/wp\/v2\/posts\/30352\/revisions\/30354"}],"wp:featuredmedia":[{"embeddable":true,"href":"https:\/\/www.ipiccoliquotidiano.it\/index.php\/wp-json\/wp\/v2\/media\/30353"}],"wp:attachment":[{"href":"https:\/\/www.ipiccoliquotidiano.it\/index.php\/wp-json\/wp\/v2\/media?parent=30352"}],"wp:term":[{"taxonomy":"category","embeddable":true,"href":"https:\/\/www.ipiccoliquotidiano.it\/index.php\/wp-json\/wp\/v2\/categories?post=30352"},{"taxonomy":"post_tag","embeddable":true,"href":"https:\/\/www.ipiccoliquotidiano.it\/index.php\/wp-json\/wp\/v2\/tags?post=30352"}],"curies":[{"name":"wp","href":"https:\/\/api.w.org\/{rel}","templated":true}]}}