{"id":30108,"date":"2026-03-05T11:54:07","date_gmt":"2026-03-05T09:54:07","guid":{"rendered":"https:\/\/www.ipiccoliquotidiano.it\/?p=30108"},"modified":"2026-03-05T11:54:08","modified_gmt":"2026-03-05T09:54:08","slug":"pippi-calzelunghe-e-i-pirati-dellisola-misteriosa","status":"publish","type":"post","link":"https:\/\/www.ipiccoliquotidiano.it\/index.php\/2026\/03\/05\/pippi-calzelunghe-e-i-pirati-dellisola-misteriosa\/","title":{"rendered":"Pippi Calzelunghe e i Pirati dell\u2019Isola Misteriosa"},"content":{"rendered":"\n<p>Una mattina piena di vento salato e sole brillante, Pippi Calzelunghe si svegli\u00f2 con un\u2019idea tutta nuova che le faceva il solletico nel cervello.<\/p>\n\n\n\n<p>\u00abOggi si parte per un\u2019isola misteriosa!\u00bb disse allegra, infilando due calze di colori diversi, un cappello da capitano e mettendo in tasca una banana per ogni evenienza.<\/p>\n\n\n\n<p>Il signor Nilsson, la sua scimmietta, salt\u00f2 sulla sua spalla, mentre il suo cavallo bianco le diede un affettuoso colpo con il muso. Pippi usc\u00ec dalla Villa Villacolle con una mappa disegnata da lei stessa (piena di X, frecce e un enorme disegno di una torta), pronta per una nuova avventura.<\/p>\n\n\n\n<p>In poco tempo, Pippi, Tommy e Annika erano gi\u00e0 a bordo della sua barca a vela \u2014 un\u2019imbarcazione tutta colorata che lei chiamava affettuosamente &#8220;La Spingarda Galattica&#8221;. Avevano con s\u00e9 una bussola che non funzionava mai (ma girava in modo molto divertente), biscotti al cioccolato, e un telescopio fatto con il tubo del giardino.<\/p>\n\n\n\n<p>Dopo qualche ora di viaggio e molte risate, comparve all\u2019orizzonte un\u2019isola tutta coperta di nebbia viola e alberi che sembravano spaghetti verdi. \u00abQuella dev\u2019essere l\u2019Isola Misteriosa!\u00bb esclam\u00f2 Pippi. E infatti, lo era.<\/p>\n\n\n\n<p>Appena toccarono terra, un gruppo di pirati sbuc\u00f2 da dietro una duna di sabbia. Erano strani, buffi e coloratissimi: avevano barbe verdi, rosse, gialle a pois, e tutti indossavano calzini spaiati. Erano i famosi Pirati dai Calzini Spaiati, temuti e coccolati in tutto il Mare Balordo.<\/p>\n\n\n\n<p>Il loro capo, Capitan Ciuffo, era un omone alto due metri con una benda sull\u2019occhio&#8230; e sull\u2019ombelico! Guard\u00f2 Pippi e disse:<br>\u00abNon dirmi che tu sei Pippi Calzelunghe&#8230; la figlia del Re dei Mari?\u00bb<\/p>\n\n\n\n<p>Pippi sorrise e fece una capriola. \u00abIn carne, ossa e trecce rosse!\u00bb disse.<br>I pirati rimasero a bocca aperta. Poi le raccontarono di un misterioso tesoro che rideva, nascosto sull\u2019isola. Ogni volta che provavano a prenderlo, la scatola scoppiava a ridere e scappava!<\/p>\n\n\n\n<p>Pippi, curiosissima, decise che avrebbe aiutato. Segu\u00ec le risate saltellanti della scatola fino in cima a una collina fatta di sabbia rosa. Appena la vide, si lanci\u00f2 in una corsa acrobatica, fece una ruota, un salto mortale e&#8230; acchiapp\u00f2 la scatola ridens al volo!<\/p>\n\n\n\n<p>La scatola per\u00f2 non si apriva. Rideva, si contorceva e faceva il solletico a chiunque la toccasse.<br>\u00abPer aprirla, ci vuole una barzelletta!\u00bb disse Pippi, convinta.<\/p>\n\n\n\n<p>Allora guard\u00f2 la scatola e disse:<br>\u00abSai qual \u00e8 il colmo per un pirata? Perdere la bussola\u2026 nel brodo!\u00bb<\/p>\n\n\n\n<p>La scatola scoppi\u00f2 in una risata talmente forte che\u2026 si apr\u00ec!<\/p>\n\n\n\n<p>Dentro non c\u2019erano monete d\u2019oro, ma cose ancora pi\u00f9 preziose: piume che facevano ridere, coriandoli che cantavano e un cuscino magico che raccontava barzellette ogni volta che qualcuno ci si sedeva sopra.<\/p>\n\n\n\n<p>I pirati erano felicissimi. Non avevano mai riso cos\u00ec tanto in tutta la loro vita da pirati spaventosi e simpatici. Capitan Ciuffo si tolse la benda dall\u2019ombelico e proclam\u00f2 Pippi Capitana Onoraria dell\u2019Isola Misteriosa, con tanto di medaglia fatta di biscotto.<\/p>\n\n\n\n<p>Dopo aver passato una giornata piena di giochi, risate e scivolate sulla sabbia, Pippi, Tommy e Annika risalirono sulla Spingarda Galattica.<\/p>\n\n\n\n<p>Prima di partire, la scatola del tesoro sussurr\u00f2 a Pippi:<br>\u00abTorna presto. Chi sa ridere, sa anche trovare la strada giusta.\u00bb<\/p>\n\n\n\n<p>Pippi fece un grande saluto, con le braccia e anche con i piedi, e rispose:<br>\u00abCi vediamo presto, Isola delle Risate! E ricordate: niente calzini uguali, mi raccomando!\u00bb<\/p>\n\n\n\n<p>E cos\u00ec, con il vento nei capelli e il cuore pieno di risate, Pippi torn\u00f2 a casa\u2026 pronta per la prossima stramba, incredibile, rumorosa avventura.<\/p>\n\n\n\n<p> Riccardo<\/p>\n\n\n\n<p><\/p>\n\n\n\n<p><\/p>\n","protected":false},"excerpt":{"rendered":"<p>Una mattina piena di vento salato e sole brillante, Pippi Calzelunghe si svegli\u00f2 con un\u2019idea tutta nuova che le faceva il solletico nel cervello. \u00abOggi si parte per un\u2019isola misteriosa!\u00bb disse allegra, infilando due calze di colori diversi, un cappello da capitano e mettendo in tasca una banana per ogni evenienza. Il signor Nilsson, la<\/p>\n","protected":false},"author":7,"featured_media":30109,"comment_status":"closed","ping_status":"open","sticky":false,"template":"","format":"standard","meta":{"footnotes":""},"categories":[72],"tags":[],"class_list":{"0":"post-30108","1":"post","2":"type-post","3":"status-publish","4":"format-standard","5":"has-post-thumbnail","7":"category-giro-del-mondo-a-caccia-di-storie-con-riki"},"yoast_head":"<!-- This site is optimized with the Yoast SEO plugin v27.5 - https:\/\/yoast.com\/product\/yoast-seo-wordpress\/ -->\n<title>Pippi Calzelunghe e i Pirati dell\u2019Isola Misteriosa - IPiccoliQuotidiano.it<\/title>\n<meta name=\"robots\" content=\"index, follow, max-snippet:-1, max-image-preview:large, max-video-preview:-1\" \/>\n<link rel=\"canonical\" href=\"https:\/\/www.ipiccoliquotidiano.it\/index.php\/2026\/03\/05\/pippi-calzelunghe-e-i-pirati-dellisola-misteriosa\/\" \/>\n<meta property=\"og:locale\" content=\"it_IT\" \/>\n<meta property=\"og:type\" content=\"article\" \/>\n<meta property=\"og:title\" content=\"Pippi Calzelunghe e i Pirati dell\u2019Isola Misteriosa - IPiccoliQuotidiano.it\" \/>\n<meta property=\"og:description\" content=\"Una mattina piena di vento salato e sole brillante, Pippi Calzelunghe si svegli\u00f2 con un\u2019idea tutta nuova che le faceva il solletico nel cervello. \u00abOggi si parte per un\u2019isola misteriosa!\u00bb disse allegra, infilando due calze di colori diversi, un cappello da capitano e mettendo in tasca una banana per ogni evenienza. Il signor Nilsson, la\" \/>\n<meta property=\"og:url\" content=\"https:\/\/www.ipiccoliquotidiano.it\/index.php\/2026\/03\/05\/pippi-calzelunghe-e-i-pirati-dellisola-misteriosa\/\" \/>\n<meta property=\"og:site_name\" content=\"IPiccoliQuotidiano.it\" \/>\n<meta property=\"article:publisher\" content=\"https:\/\/www.facebook.com\/ipiccoliquotidiano\" \/>\n<meta property=\"article:published_time\" content=\"2026-03-05T09:54:07+00:00\" \/>\n<meta property=\"article:modified_time\" content=\"2026-03-05T09:54:08+00:00\" \/>\n<meta property=\"og:image\" content=\"https:\/\/www.ipiccoliquotidiano.it\/wp-content\/uploads\/2026\/03\/pippi.jpg\" \/>\n\t<meta property=\"og:image:width\" content=\"559\" \/>\n\t<meta property=\"og:image:height\" content=\"559\" \/>\n\t<meta property=\"og:image:type\" content=\"image\/jpeg\" \/>\n<meta name=\"author\" content=\"Antonella Chiacchiaro\" \/>\n<meta name=\"twitter:card\" content=\"summary_large_image\" \/>\n<meta name=\"twitter:label1\" content=\"Scritto da\" \/>\n\t<meta name=\"twitter:data1\" content=\"Antonella Chiacchiaro\" \/>\n\t<meta name=\"twitter:label2\" content=\"Tempo di lettura stimato\" \/>\n\t<meta name=\"twitter:data2\" content=\"4 minuti\" \/>\n<script type=\"application\/ld+json\" class=\"yoast-schema-graph\">{\"@context\":\"https:\\\/\\\/schema.org\",\"@graph\":[{\"@type\":\"Article\",\"@id\":\"https:\\\/\\\/www.ipiccoliquotidiano.it\\\/index.php\\\/2026\\\/03\\\/05\\\/pippi-calzelunghe-e-i-pirati-dellisola-misteriosa\\\/#article\",\"isPartOf\":{\"@id\":\"https:\\\/\\\/www.ipiccoliquotidiano.it\\\/index.php\\\/2026\\\/03\\\/05\\\/pippi-calzelunghe-e-i-pirati-dellisola-misteriosa\\\/\"},\"author\":{\"name\":\"Antonella Chiacchiaro\",\"@id\":\"https:\\\/\\\/www.ipiccoliquotidiano.it\\\/#\\\/schema\\\/person\\\/62c103ab5acee85b73af3ad20fa7774b\"},\"headline\":\"Pippi Calzelunghe e i Pirati dell\u2019Isola Misteriosa\",\"datePublished\":\"2026-03-05T09:54:07+00:00\",\"dateModified\":\"2026-03-05T09:54:08+00:00\",\"mainEntityOfPage\":{\"@id\":\"https:\\\/\\\/www.ipiccoliquotidiano.it\\\/index.php\\\/2026\\\/03\\\/05\\\/pippi-calzelunghe-e-i-pirati-dellisola-misteriosa\\\/\"},\"wordCount\":600,\"publisher\":{\"@id\":\"https:\\\/\\\/www.ipiccoliquotidiano.it\\\/#organization\"},\"image\":{\"@id\":\"https:\\\/\\\/www.ipiccoliquotidiano.it\\\/index.php\\\/2026\\\/03\\\/05\\\/pippi-calzelunghe-e-i-pirati-dellisola-misteriosa\\\/#primaryimage\"},\"thumbnailUrl\":\"https:\\\/\\\/www.ipiccoliquotidiano.it\\\/wp-content\\\/uploads\\\/2026\\\/03\\\/pippi.jpg\",\"articleSection\":[\"Giro del Mondo a caccia di Storie con Riki e Rebby\"],\"inLanguage\":\"it-IT\"},{\"@type\":\"WebPage\",\"@id\":\"https:\\\/\\\/www.ipiccoliquotidiano.it\\\/index.php\\\/2026\\\/03\\\/05\\\/pippi-calzelunghe-e-i-pirati-dellisola-misteriosa\\\/\",\"url\":\"https:\\\/\\\/www.ipiccoliquotidiano.it\\\/index.php\\\/2026\\\/03\\\/05\\\/pippi-calzelunghe-e-i-pirati-dellisola-misteriosa\\\/\",\"name\":\"Pippi Calzelunghe e i Pirati dell\u2019Isola Misteriosa - IPiccoliQuotidiano.it\",\"isPartOf\":{\"@id\":\"https:\\\/\\\/www.ipiccoliquotidiano.it\\\/#website\"},\"primaryImageOfPage\":{\"@id\":\"https:\\\/\\\/www.ipiccoliquotidiano.it\\\/index.php\\\/2026\\\/03\\\/05\\\/pippi-calzelunghe-e-i-pirati-dellisola-misteriosa\\\/#primaryimage\"},\"image\":{\"@id\":\"https:\\\/\\\/www.ipiccoliquotidiano.it\\\/index.php\\\/2026\\\/03\\\/05\\\/pippi-calzelunghe-e-i-pirati-dellisola-misteriosa\\\/#primaryimage\"},\"thumbnailUrl\":\"https:\\\/\\\/www.ipiccoliquotidiano.it\\\/wp-content\\\/uploads\\\/2026\\\/03\\\/pippi.jpg\",\"datePublished\":\"2026-03-05T09:54:07+00:00\",\"dateModified\":\"2026-03-05T09:54:08+00:00\",\"breadcrumb\":{\"@id\":\"https:\\\/\\\/www.ipiccoliquotidiano.it\\\/index.php\\\/2026\\\/03\\\/05\\\/pippi-calzelunghe-e-i-pirati-dellisola-misteriosa\\\/#breadcrumb\"},\"inLanguage\":\"it-IT\",\"potentialAction\":[{\"@type\":\"ReadAction\",\"target\":[\"https:\\\/\\\/www.ipiccoliquotidiano.it\\\/index.php\\\/2026\\\/03\\\/05\\\/pippi-calzelunghe-e-i-pirati-dellisola-misteriosa\\\/\"]}]},{\"@type\":\"ImageObject\",\"inLanguage\":\"it-IT\",\"@id\":\"https:\\\/\\\/www.ipiccoliquotidiano.it\\\/index.php\\\/2026\\\/03\\\/05\\\/pippi-calzelunghe-e-i-pirati-dellisola-misteriosa\\\/#primaryimage\",\"url\":\"https:\\\/\\\/www.ipiccoliquotidiano.it\\\/wp-content\\\/uploads\\\/2026\\\/03\\\/pippi.jpg\",\"contentUrl\":\"https:\\\/\\\/www.ipiccoliquotidiano.it\\\/wp-content\\\/uploads\\\/2026\\\/03\\\/pippi.jpg\",\"width\":559,\"height\":559},{\"@type\":\"BreadcrumbList\",\"@id\":\"https:\\\/\\\/www.ipiccoliquotidiano.it\\\/index.php\\\/2026\\\/03\\\/05\\\/pippi-calzelunghe-e-i-pirati-dellisola-misteriosa\\\/#breadcrumb\",\"itemListElement\":[{\"@type\":\"ListItem\",\"position\":1,\"name\":\"Home\",\"item\":\"https:\\\/\\\/www.ipiccoliquotidiano.it\\\/\"},{\"@type\":\"ListItem\",\"position\":2,\"name\":\"Pippi Calzelunghe e i Pirati dell\u2019Isola Misteriosa\"}]},{\"@type\":\"WebSite\",\"@id\":\"https:\\\/\\\/www.ipiccoliquotidiano.it\\\/#website\",\"url\":\"https:\\\/\\\/www.ipiccoliquotidiano.it\\\/\",\"name\":\"IPiccoliQuotidiano.it\",\"description\":\"Il Quotidiano dei Piccoli\",\"publisher\":{\"@id\":\"https:\\\/\\\/www.ipiccoliquotidiano.it\\\/#organization\"},\"potentialAction\":[{\"@type\":\"SearchAction\",\"target\":{\"@type\":\"EntryPoint\",\"urlTemplate\":\"https:\\\/\\\/www.ipiccoliquotidiano.it\\\/?s={search_term_string}\"},\"query-input\":{\"@type\":\"PropertyValueSpecification\",\"valueRequired\":true,\"valueName\":\"search_term_string\"}}],\"inLanguage\":\"it-IT\"},{\"@type\":\"Organization\",\"@id\":\"https:\\\/\\\/www.ipiccoliquotidiano.it\\\/#organization\",\"name\":\"IPiccoliQuotidiano.it\",\"url\":\"https:\\\/\\\/www.ipiccoliquotidiano.it\\\/\",\"logo\":{\"@type\":\"ImageObject\",\"inLanguage\":\"it-IT\",\"@id\":\"https:\\\/\\\/www.ipiccoliquotidiano.it\\\/#\\\/schema\\\/logo\\\/image\\\/\",\"url\":\"https:\\\/\\\/www.ipiccoliquotidiano.it\\\/wp-content\\\/uploads\\\/2024\\\/05\\\/ipiccoli-logo.jpg\",\"contentUrl\":\"https:\\\/\\\/www.ipiccoliquotidiano.it\\\/wp-content\\\/uploads\\\/2024\\\/05\\\/ipiccoli-logo.jpg\",\"width\":300,\"height\":129,\"caption\":\"IPiccoliQuotidiano.it\"},\"image\":{\"@id\":\"https:\\\/\\\/www.ipiccoliquotidiano.it\\\/#\\\/schema\\\/logo\\\/image\\\/\"},\"sameAs\":[\"https:\\\/\\\/www.facebook.com\\\/ipiccoliquotidiano\"]},{\"@type\":\"Person\",\"@id\":\"https:\\\/\\\/www.ipiccoliquotidiano.it\\\/#\\\/schema\\\/person\\\/62c103ab5acee85b73af3ad20fa7774b\",\"name\":\"Antonella Chiacchiaro\",\"description\":\"Mi presento sono Antonella Chiacchiaro insegnante in pensione con una grande passione per i bambini che mi porto dietro dal lontano 1983. Il mio lavoro mi ha restituito sempre tante competenze che ho acquisito nel corso degli studi ma anche durante la mia carriera. Sono specializzata come insegnante di sostegno e per ben 15 anni ho lavorato con bambini \\\"speciali\\\", speciali si perch\u00e9 mi hanno insegnato tanto ma anche io ho dato tanto, e per me sono e saranno sempre parte importante del mio vissuto. Durante la mia carriera come \\\"Maestra\\\" ho acquisito specifiche competenze che mi serviranno adesso per svolgere al meglio il mio nuovo e desiderato lavoro\\\/divertimento. Dicono di me che sono una persona socievole, dinamica, volenterosa e desiderosa di imparare ancora grazie alla collaborazione che mi \u00e8 stata offerta dalla redazione del giornalino\u201d I Piccoli Quotidiano\u201d diretto dal Professore Bartolo Scandizzo, che ringrazio per l\u2019opportunit\u00e0. Certa di un riscontro positivo colgo l\u2019occasione per salutare tutti i partecipanti di questa meravigliosa \\\"Redazione\\\". Antonella Chiacchiaro\",\"url\":\"https:\\\/\\\/www.ipiccoliquotidiano.it\\\/index.php\\\/author\\\/antonella\\\/\"}]}<\/script>\n<!-- \/ Yoast SEO plugin. -->","yoast_head_json":{"title":"Pippi Calzelunghe e i Pirati dell\u2019Isola Misteriosa - IPiccoliQuotidiano.it","robots":{"index":"index","follow":"follow","max-snippet":"max-snippet:-1","max-image-preview":"max-image-preview:large","max-video-preview":"max-video-preview:-1"},"canonical":"https:\/\/www.ipiccoliquotidiano.it\/index.php\/2026\/03\/05\/pippi-calzelunghe-e-i-pirati-dellisola-misteriosa\/","og_locale":"it_IT","og_type":"article","og_title":"Pippi Calzelunghe e i Pirati dell\u2019Isola Misteriosa - IPiccoliQuotidiano.it","og_description":"Una mattina piena di vento salato e sole brillante, Pippi Calzelunghe si svegli\u00f2 con un\u2019idea tutta nuova che le faceva il solletico nel cervello. \u00abOggi si parte per un\u2019isola misteriosa!\u00bb disse allegra, infilando due calze di colori diversi, un cappello da capitano e mettendo in tasca una banana per ogni evenienza. Il signor Nilsson, la","og_url":"https:\/\/www.ipiccoliquotidiano.it\/index.php\/2026\/03\/05\/pippi-calzelunghe-e-i-pirati-dellisola-misteriosa\/","og_site_name":"IPiccoliQuotidiano.it","article_publisher":"https:\/\/www.facebook.com\/ipiccoliquotidiano","article_published_time":"2026-03-05T09:54:07+00:00","article_modified_time":"2026-03-05T09:54:08+00:00","og_image":[{"width":559,"height":559,"url":"https:\/\/www.ipiccoliquotidiano.it\/wp-content\/uploads\/2026\/03\/pippi.jpg","type":"image\/jpeg"}],"author":"Antonella Chiacchiaro","twitter_card":"summary_large_image","twitter_misc":{"Scritto da":"Antonella Chiacchiaro","Tempo di lettura stimato":"4 minuti"},"schema":{"@context":"https:\/\/schema.org","@graph":[{"@type":"Article","@id":"https:\/\/www.ipiccoliquotidiano.it\/index.php\/2026\/03\/05\/pippi-calzelunghe-e-i-pirati-dellisola-misteriosa\/#article","isPartOf":{"@id":"https:\/\/www.ipiccoliquotidiano.it\/index.php\/2026\/03\/05\/pippi-calzelunghe-e-i-pirati-dellisola-misteriosa\/"},"author":{"name":"Antonella Chiacchiaro","@id":"https:\/\/www.ipiccoliquotidiano.it\/#\/schema\/person\/62c103ab5acee85b73af3ad20fa7774b"},"headline":"Pippi Calzelunghe e i Pirati dell\u2019Isola Misteriosa","datePublished":"2026-03-05T09:54:07+00:00","dateModified":"2026-03-05T09:54:08+00:00","mainEntityOfPage":{"@id":"https:\/\/www.ipiccoliquotidiano.it\/index.php\/2026\/03\/05\/pippi-calzelunghe-e-i-pirati-dellisola-misteriosa\/"},"wordCount":600,"publisher":{"@id":"https:\/\/www.ipiccoliquotidiano.it\/#organization"},"image":{"@id":"https:\/\/www.ipiccoliquotidiano.it\/index.php\/2026\/03\/05\/pippi-calzelunghe-e-i-pirati-dellisola-misteriosa\/#primaryimage"},"thumbnailUrl":"https:\/\/www.ipiccoliquotidiano.it\/wp-content\/uploads\/2026\/03\/pippi.jpg","articleSection":["Giro del Mondo a caccia di Storie con Riki e Rebby"],"inLanguage":"it-IT"},{"@type":"WebPage","@id":"https:\/\/www.ipiccoliquotidiano.it\/index.php\/2026\/03\/05\/pippi-calzelunghe-e-i-pirati-dellisola-misteriosa\/","url":"https:\/\/www.ipiccoliquotidiano.it\/index.php\/2026\/03\/05\/pippi-calzelunghe-e-i-pirati-dellisola-misteriosa\/","name":"Pippi Calzelunghe e i Pirati dell\u2019Isola Misteriosa - IPiccoliQuotidiano.it","isPartOf":{"@id":"https:\/\/www.ipiccoliquotidiano.it\/#website"},"primaryImageOfPage":{"@id":"https:\/\/www.ipiccoliquotidiano.it\/index.php\/2026\/03\/05\/pippi-calzelunghe-e-i-pirati-dellisola-misteriosa\/#primaryimage"},"image":{"@id":"https:\/\/www.ipiccoliquotidiano.it\/index.php\/2026\/03\/05\/pippi-calzelunghe-e-i-pirati-dellisola-misteriosa\/#primaryimage"},"thumbnailUrl":"https:\/\/www.ipiccoliquotidiano.it\/wp-content\/uploads\/2026\/03\/pippi.jpg","datePublished":"2026-03-05T09:54:07+00:00","dateModified":"2026-03-05T09:54:08+00:00","breadcrumb":{"@id":"https:\/\/www.ipiccoliquotidiano.it\/index.php\/2026\/03\/05\/pippi-calzelunghe-e-i-pirati-dellisola-misteriosa\/#breadcrumb"},"inLanguage":"it-IT","potentialAction":[{"@type":"ReadAction","target":["https:\/\/www.ipiccoliquotidiano.it\/index.php\/2026\/03\/05\/pippi-calzelunghe-e-i-pirati-dellisola-misteriosa\/"]}]},{"@type":"ImageObject","inLanguage":"it-IT","@id":"https:\/\/www.ipiccoliquotidiano.it\/index.php\/2026\/03\/05\/pippi-calzelunghe-e-i-pirati-dellisola-misteriosa\/#primaryimage","url":"https:\/\/www.ipiccoliquotidiano.it\/wp-content\/uploads\/2026\/03\/pippi.jpg","contentUrl":"https:\/\/www.ipiccoliquotidiano.it\/wp-content\/uploads\/2026\/03\/pippi.jpg","width":559,"height":559},{"@type":"BreadcrumbList","@id":"https:\/\/www.ipiccoliquotidiano.it\/index.php\/2026\/03\/05\/pippi-calzelunghe-e-i-pirati-dellisola-misteriosa\/#breadcrumb","itemListElement":[{"@type":"ListItem","position":1,"name":"Home","item":"https:\/\/www.ipiccoliquotidiano.it\/"},{"@type":"ListItem","position":2,"name":"Pippi Calzelunghe e i Pirati dell\u2019Isola Misteriosa"}]},{"@type":"WebSite","@id":"https:\/\/www.ipiccoliquotidiano.it\/#website","url":"https:\/\/www.ipiccoliquotidiano.it\/","name":"IPiccoliQuotidiano.it","description":"Il Quotidiano dei Piccoli","publisher":{"@id":"https:\/\/www.ipiccoliquotidiano.it\/#organization"},"potentialAction":[{"@type":"SearchAction","target":{"@type":"EntryPoint","urlTemplate":"https:\/\/www.ipiccoliquotidiano.it\/?s={search_term_string}"},"query-input":{"@type":"PropertyValueSpecification","valueRequired":true,"valueName":"search_term_string"}}],"inLanguage":"it-IT"},{"@type":"Organization","@id":"https:\/\/www.ipiccoliquotidiano.it\/#organization","name":"IPiccoliQuotidiano.it","url":"https:\/\/www.ipiccoliquotidiano.it\/","logo":{"@type":"ImageObject","inLanguage":"it-IT","@id":"https:\/\/www.ipiccoliquotidiano.it\/#\/schema\/logo\/image\/","url":"https:\/\/www.ipiccoliquotidiano.it\/wp-content\/uploads\/2024\/05\/ipiccoli-logo.jpg","contentUrl":"https:\/\/www.ipiccoliquotidiano.it\/wp-content\/uploads\/2024\/05\/ipiccoli-logo.jpg","width":300,"height":129,"caption":"IPiccoliQuotidiano.it"},"image":{"@id":"https:\/\/www.ipiccoliquotidiano.it\/#\/schema\/logo\/image\/"},"sameAs":["https:\/\/www.facebook.com\/ipiccoliquotidiano"]},{"@type":"Person","@id":"https:\/\/www.ipiccoliquotidiano.it\/#\/schema\/person\/62c103ab5acee85b73af3ad20fa7774b","name":"Antonella Chiacchiaro","description":"Mi presento sono Antonella Chiacchiaro insegnante in pensione con una grande passione per i bambini che mi porto dietro dal lontano 1983. Il mio lavoro mi ha restituito sempre tante competenze che ho acquisito nel corso degli studi ma anche durante la mia carriera. Sono specializzata come insegnante di sostegno e per ben 15 anni ho lavorato con bambini \"speciali\", speciali si perch\u00e9 mi hanno insegnato tanto ma anche io ho dato tanto, e per me sono e saranno sempre parte importante del mio vissuto. Durante la mia carriera come \"Maestra\" ho acquisito specifiche competenze che mi serviranno adesso per svolgere al meglio il mio nuovo e desiderato lavoro\/divertimento. Dicono di me che sono una persona socievole, dinamica, volenterosa e desiderosa di imparare ancora grazie alla collaborazione che mi \u00e8 stata offerta dalla redazione del giornalino\u201d I Piccoli Quotidiano\u201d diretto dal Professore Bartolo Scandizzo, che ringrazio per l\u2019opportunit\u00e0. Certa di un riscontro positivo colgo l\u2019occasione per salutare tutti i partecipanti di questa meravigliosa \"Redazione\". Antonella Chiacchiaro","url":"https:\/\/www.ipiccoliquotidiano.it\/index.php\/author\/antonella\/"}]}},"_links":{"self":[{"href":"https:\/\/www.ipiccoliquotidiano.it\/index.php\/wp-json\/wp\/v2\/posts\/30108","targetHints":{"allow":["GET"]}}],"collection":[{"href":"https:\/\/www.ipiccoliquotidiano.it\/index.php\/wp-json\/wp\/v2\/posts"}],"about":[{"href":"https:\/\/www.ipiccoliquotidiano.it\/index.php\/wp-json\/wp\/v2\/types\/post"}],"author":[{"embeddable":true,"href":"https:\/\/www.ipiccoliquotidiano.it\/index.php\/wp-json\/wp\/v2\/users\/7"}],"replies":[{"embeddable":true,"href":"https:\/\/www.ipiccoliquotidiano.it\/index.php\/wp-json\/wp\/v2\/comments?post=30108"}],"version-history":[{"count":1,"href":"https:\/\/www.ipiccoliquotidiano.it\/index.php\/wp-json\/wp\/v2\/posts\/30108\/revisions"}],"predecessor-version":[{"id":30110,"href":"https:\/\/www.ipiccoliquotidiano.it\/index.php\/wp-json\/wp\/v2\/posts\/30108\/revisions\/30110"}],"wp:featuredmedia":[{"embeddable":true,"href":"https:\/\/www.ipiccoliquotidiano.it\/index.php\/wp-json\/wp\/v2\/media\/30109"}],"wp:attachment":[{"href":"https:\/\/www.ipiccoliquotidiano.it\/index.php\/wp-json\/wp\/v2\/media?parent=30108"}],"wp:term":[{"taxonomy":"category","embeddable":true,"href":"https:\/\/www.ipiccoliquotidiano.it\/index.php\/wp-json\/wp\/v2\/categories?post=30108"},{"taxonomy":"post_tag","embeddable":true,"href":"https:\/\/www.ipiccoliquotidiano.it\/index.php\/wp-json\/wp\/v2\/tags?post=30108"}],"curies":[{"name":"wp","href":"https:\/\/api.w.org\/{rel}","templated":true}]}}