{"id":29874,"date":"2026-02-10T20:49:34","date_gmt":"2026-02-10T18:49:34","guid":{"rendered":"https:\/\/www.ipiccoliquotidiano.it\/?p=29874"},"modified":"2026-02-10T20:49:36","modified_gmt":"2026-02-10T18:49:36","slug":"una-poesia-per-la-pace-apre-le-olimpiadi","status":"publish","type":"post","link":"https:\/\/www.ipiccoliquotidiano.it\/index.php\/2026\/02\/10\/una-poesia-per-la-pace-apre-le-olimpiadi\/","title":{"rendered":"Una poesia per la pace apre le Olimpiadi"},"content":{"rendered":"\n<p class=\"wp-block-paragraph\">Il <strong>6 febbraio 2026<\/strong> \u00e8 stato un giorno speciale. In Italia sono cominciate le <strong>Olimpiadi Invernali di Milano Cortina 2026<\/strong>, una grande festa dello sport, dell\u2019amicizia e dell\u2019incontro tra i popoli.<\/p>\n\n\n\n<p class=\"wp-block-paragraph\">La cerimonia di apertura si \u00e8 svolta in tre luoghi bellissimi:<br>allo <strong>stadio di San Siro<\/strong>, tra le montagne di <strong>Cortina<\/strong> e sulla neve di <strong>Livigno<\/strong>. Sembrava una storia raccontata in pi\u00f9 capitoli, tutti pieni di emozione.<\/p>\n\n\n\n<p class=\"wp-block-paragraph\"><strong>Un arrivo sorprendente<\/strong><\/p>\n\n\n\n<p class=\"wp-block-paragraph\">Il <strong>Presidente della Repubblica, Sergio Mattarella<\/strong>, \u00e8 arrivato a San Siro in modo davvero curioso: a bordo di un <strong>tram<\/strong>, guidato da un ospite speciale, il campione <strong>Valentino Rossi<\/strong>! Tutti hanno sorriso e applaudito: anche i grandi, a volte, sanno divertirsi come i bambini.<\/p>\n\n\n\n<p class=\"wp-block-paragraph\"><strong>Ricordi e applausi<\/strong><\/p>\n\n\n\n<p class=\"wp-block-paragraph\">Durante la cerimonia ci sono stati momenti molto emozionanti. L\u2019Italia ha voluto dire <strong>grazie<\/strong> a due grandi persone che hanno fatto sognare il nostro Paese:<\/p>\n\n\n\n<ul class=\"wp-block-list\">\n<li><strong>Raffaella Carr\u00e0<\/strong>, con la sua musica e la sua allegria<\/li>\n\n\n\n<li><strong>Giorgio Armani<\/strong>, che con la sua creativit\u00e0 ha portato l\u2019eleganza italiana nel mondo<\/li>\n<\/ul>\n\n\n\n<p class=\"wp-block-paragraph\">Quando \u00e8 arrivato il momento della <strong>sfilata degli atleti<\/strong>, l\u2019Italia ha chiuso per ultima: \u00e8 stato un momento di grande orgoglio.<\/p>\n\n\n\n<hr class=\"wp-block-separator has-alpha-channel-opacity\"\/>\n\n\n\n<p class=\"wp-block-paragraph\"><strong>La poesia che parla a tutti: <em>Promemoria<\/em><\/strong><\/p>\n\n\n\n<p class=\"wp-block-paragraph\">A un certo punto, il silenzio ha avvolto lo stadio.<br>L\u2019artista <strong>Ghali<\/strong> ha letto una poesia speciale di <strong>Gianni Rodari<\/strong>, uno scrittore che sapeva parlare ai bambini\u2026 e anche agli adulti.<\/p>\n\n\n\n<p class=\"wp-block-paragraph\">La poesia si chiama <strong>\u201cPromemoria\u201d<\/strong>.<\/p>\n\n\n\n<p class=\"wp-block-paragraph\"><strong><em>Ci sono cose da fare ogni giorno:<\/em><\/strong><\/p>\n\n\n\n<p class=\"wp-block-paragraph\"><strong><em>lavarsi, studiare, giocare,<\/em><\/strong><\/p>\n\n\n\n<p class=\"wp-block-paragraph\"><strong><em>preparare la tavola,<\/em><\/strong><\/p>\n\n\n\n<p class=\"wp-block-paragraph\"><strong><em>a mezzogiorno.<\/em><\/strong><\/p>\n\n\n\n<p class=\"wp-block-paragraph\"><strong><em>Ci sono cose da fare di notte:<\/em><\/strong><\/p>\n\n\n\n<p class=\"wp-block-paragraph\"><strong><em>chiudere gli occhi, dormire,<\/em><\/strong><\/p>\n\n\n\n<p class=\"wp-block-paragraph\"><strong><em>avere sogni da sognare,<\/em><\/strong><\/p>\n\n\n\n<p class=\"wp-block-paragraph\"><strong><em>orecchie per non sentire.<\/em><\/strong><\/p>\n\n\n\n<p class=\"wp-block-paragraph\"><strong><em>Ci sono cose da non fare mai,<\/em><\/strong><\/p>\n\n\n\n<p class=\"wp-block-paragraph\"><strong><em>n\u00e9 di giorno n\u00e9 di notte,<\/em><\/strong><\/p>\n\n\n\n<p class=\"wp-block-paragraph\"><strong><em>n\u00e9 per mare n\u00e9 per terra:<\/em><\/strong><\/p>\n\n\n\n<p class=\"wp-block-paragraph\"><strong><em>per esempio, la guerra<\/em><\/strong><\/p>\n\n\n\n<p class=\"wp-block-paragraph\">Rodari ci ricorda che ogni giorno ci sono tante cose belle e importanti da fare:<\/p>\n\n\n\n<ul class=\"wp-block-list\">\n<li>lavarsi<\/li>\n\n\n\n<li>studiare<\/li>\n\n\n\n<li>giocare<\/li>\n\n\n\n<li>sognare<\/li>\n<\/ul>\n\n\n\n<p class=\"wp-block-paragraph\">Ma ci sono anche cose che <strong>non si devono mai fare<\/strong>, n\u00e9 di giorno n\u00e9 di notte, n\u00e9 per terra n\u00e9 per mare.<\/p>\n\n\n\n<p class=\"wp-block-paragraph\">E una di queste \u00e8 <strong>la guerra<\/strong>.<\/p>\n\n\n\n<p class=\"wp-block-paragraph\">Quando Ghali ha letto la poesia in pi\u00f9 lingue, sul ghiaccio \u00e8 apparsa una <strong>grande colomba<\/strong>, disegnata dai ballerini: il simbolo della <strong>pace<\/strong>. Tutti hanno capito il messaggio, anche senza tante spiegazioni.<\/p>\n\n\n\n<hr class=\"wp-block-separator has-alpha-channel-opacity\"\/>\n\n\n\n<p class=\"wp-block-paragraph\"><strong>\ud83d\udd4a\ufe0f Lo sport come scuola di vita<\/strong><\/p>\n\n\n\n<p class=\"wp-block-paragraph\">Le Olimpiadi non sono solo gare e medaglie.<br>Lo <strong>sport<\/strong> insegna a:<\/p>\n\n\n\n<ul class=\"wp-block-list\">\n<li>rispettare gli altri<\/li>\n\n\n\n<li>accettare le regole<\/li>\n\n\n\n<li>impegnarsi con onest\u00e0<\/li>\n\n\n\n<li>vincere senza vantarsi e perdere senza arrabbiarsi<\/li>\n<\/ul>\n\n\n\n<p class=\"wp-block-paragraph\">Proprio come dice Rodari, la libert\u00e0 vera non \u00e8 fare tutto quello che vogliamo, ma scegliere ci\u00f2 che <strong>fa stare bene tutti<\/strong>.<\/p>\n\n\n\n<hr class=\"wp-block-separator has-alpha-channel-opacity\"\/>\n\n\n\n<p class=\"wp-block-paragraph\"><strong>Cosa possiamo imparare<\/strong><\/p>\n\n\n\n<p class=\"wp-block-paragraph\">Da questa cerimonia arriva un messaggio semplice e importante, anche per i pi\u00f9 piccoli:<\/p>\n\n\n\n<ul class=\"wp-block-list\">\n<li>la pace va costruita ogni giorno<\/li>\n\n\n\n<li>il rispetto rende il mondo migliore<\/li>\n\n\n\n<li>lo sport e la cultura aiutano a stare insieme<\/li>\n\n\n\n<li>pensare agli altri \u00e8 un gesto di forza<\/li>\n<\/ul>\n\n\n\n<p class=\"wp-block-paragraph\">La poesia di Gianni Rodari, letta all\u2019inizio delle Olimpiadi, ci ricorda che il futuro nasce dalle <strong>piccole scelte quotidiane<\/strong>.<\/p>\n\n\n\n<p class=\"wp-block-paragraph\">E che anche una filastrocca pu\u00f2 diventare una luce capace di illuminare il mondo.<\/p>\n\n\n\n<p class=\"wp-block-paragraph\"><\/p>\n","protected":false},"excerpt":{"rendered":"<p>AI Giochi Olimpici Milano Cortina 2026 grande gioia e non solo&#8230;attenzione per i veri valori che i giochi portano&#8230;Amore, rispetto, sano agonismo&#8230;ma soprattutto NO ALLA GUERRA!<\/p>\n","protected":false},"author":28,"featured_media":29875,"comment_status":"closed","ping_status":"open","sticky":false,"template":"","format":"standard","meta":{"footnotes":""},"categories":[48,33],"tags":[1050,17804,10707,5643,17803,1049,17800,10662,17799,17801,17802,10657,9684,1888,17805,9324],"class_list":["post-29874","post","type-post","status-publish","format-standard","has-post-thumbnail","category-a-tutto-sport","category-mondo","tag-amicizia","tag-cultura-e-sport","tag-educazione-alla-pace","tag-educazione-civica","tag-gianni-rodari","tag-lettura-per-bambini","tag-milano-cortina-2026","tag-non-violenza","tag-olimpiadi-invernali-2026","tag-poesia-per-bambini","tag-promemoria-rodari","tag-rispetto","tag-scuola-primaria","tag-solidarieta","tag-sport-come-scuola-di-vita","tag-sport-e-valori"],"yoast_head":"<!-- This site is optimized with the Yoast SEO plugin v28.3 - https:\/\/yoast.com\/product\/yoast-seo-wordpress\/ -->\n<title>Una poesia per la pace apre le Olimpiadi - IPiccoliQuotidiano.it<\/title>\n<meta name=\"robots\" content=\"index, follow, max-snippet:-1, max-image-preview:large, max-video-preview:-1\" \/>\n<link rel=\"canonical\" href=\"https:\/\/www.ipiccoliquotidiano.it\/index.php\/2026\/02\/10\/una-poesia-per-la-pace-apre-le-olimpiadi\/\" \/>\n<meta property=\"og:locale\" content=\"it_IT\" \/>\n<meta property=\"og:type\" content=\"article\" \/>\n<meta property=\"og:title\" content=\"Una poesia per la pace apre le Olimpiadi - IPiccoliQuotidiano.it\" \/>\n<meta property=\"og:description\" content=\"AI Giochi Olimpici Milano Cortina 2026 grande gioia e non solo...attenzione per i veri valori che i giochi portano...Amore, rispetto, sano agonismo...ma soprattutto NO ALLA GUERRA!\" \/>\n<meta property=\"og:url\" content=\"https:\/\/www.ipiccoliquotidiano.it\/index.php\/2026\/02\/10\/una-poesia-per-la-pace-apre-le-olimpiadi\/\" \/>\n<meta property=\"og:site_name\" content=\"IPiccoliQuotidiano.it\" \/>\n<meta property=\"article:publisher\" content=\"https:\/\/www.facebook.com\/ipiccoliquotidiano\" \/>\n<meta property=\"article:published_time\" content=\"2026-02-10T18:49:34+00:00\" \/>\n<meta property=\"article:modified_time\" content=\"2026-02-10T18:49:36+00:00\" \/>\n<meta property=\"og:image\" content=\"https:\/\/www.ipiccoliquotidiano.it\/wp-content\/uploads\/2026\/02\/giochi-olimpici-1024x683.png\" \/>\n\t<meta property=\"og:image:width\" content=\"1024\" \/>\n\t<meta property=\"og:image:height\" content=\"683\" \/>\n\t<meta property=\"og:image:type\" content=\"image\/png\" \/>\n<meta name=\"author\" content=\"La Redazione\" \/>\n<meta name=\"twitter:card\" content=\"summary_large_image\" \/>\n<meta name=\"twitter:label1\" content=\"Scritto da\" \/>\n\t<meta name=\"twitter:data1\" content=\"La Redazione\" \/>\n\t<meta name=\"twitter:label2\" content=\"Tempo di lettura stimato\" \/>\n\t<meta name=\"twitter:data2\" content=\"3 minuti\" \/>\n<script type=\"application\/ld+json\" class=\"yoast-schema-graph\">{\"@context\":\"https:\\\/\\\/schema.org\",\"@graph\":[{\"@type\":\"Article\",\"@id\":\"https:\\\/\\\/www.ipiccoliquotidiano.it\\\/index.php\\\/2026\\\/02\\\/10\\\/una-poesia-per-la-pace-apre-le-olimpiadi\\\/#article\",\"isPartOf\":{\"@id\":\"https:\\\/\\\/www.ipiccoliquotidiano.it\\\/index.php\\\/2026\\\/02\\\/10\\\/una-poesia-per-la-pace-apre-le-olimpiadi\\\/\"},\"author\":{\"name\":\"La Redazione\",\"@id\":\"https:\\\/\\\/www.ipiccoliquotidiano.it\\\/#\\\/schema\\\/person\\\/173e9c5d7e4380741603f4a4b6d8bb1a\"},\"headline\":\"Una poesia per la pace apre le Olimpiadi\",\"datePublished\":\"2026-02-10T18:49:34+00:00\",\"dateModified\":\"2026-02-10T18:49:36+00:00\",\"mainEntityOfPage\":{\"@id\":\"https:\\\/\\\/www.ipiccoliquotidiano.it\\\/index.php\\\/2026\\\/02\\\/10\\\/una-poesia-per-la-pace-apre-le-olimpiadi\\\/\"},\"wordCount\":506,\"publisher\":{\"@id\":\"https:\\\/\\\/www.ipiccoliquotidiano.it\\\/#organization\"},\"image\":{\"@id\":\"https:\\\/\\\/www.ipiccoliquotidiano.it\\\/index.php\\\/2026\\\/02\\\/10\\\/una-poesia-per-la-pace-apre-le-olimpiadi\\\/#primaryimage\"},\"thumbnailUrl\":\"https:\\\/\\\/www.ipiccoliquotidiano.it\\\/wp-content\\\/uploads\\\/2026\\\/02\\\/giochi-olimpici.png\",\"keywords\":[\"amicizia\",\"cultura e sport\",\"educazione alla pace\",\"Educazione civica\",\"gianni rodari\",\"lettura per bambini\",\"milano cortina 2026\",\"non violenza\",\"olimpiadi invernali 2026\",\"poesia per bambini\",\"promemoria rodari\",\"rispetto\",\"scuola primaria\",\"solidariet\u00e0\",\"sport come scuola di vita\",\"sport e valori\"],\"articleSection\":[\"A tutto sport\",\"Dal Mondo\"],\"inLanguage\":\"it-IT\"},{\"@type\":\"WebPage\",\"@id\":\"https:\\\/\\\/www.ipiccoliquotidiano.it\\\/index.php\\\/2026\\\/02\\\/10\\\/una-poesia-per-la-pace-apre-le-olimpiadi\\\/\",\"url\":\"https:\\\/\\\/www.ipiccoliquotidiano.it\\\/index.php\\\/2026\\\/02\\\/10\\\/una-poesia-per-la-pace-apre-le-olimpiadi\\\/\",\"name\":\"Una poesia per la pace apre le Olimpiadi - IPiccoliQuotidiano.it\",\"isPartOf\":{\"@id\":\"https:\\\/\\\/www.ipiccoliquotidiano.it\\\/#website\"},\"primaryImageOfPage\":{\"@id\":\"https:\\\/\\\/www.ipiccoliquotidiano.it\\\/index.php\\\/2026\\\/02\\\/10\\\/una-poesia-per-la-pace-apre-le-olimpiadi\\\/#primaryimage\"},\"image\":{\"@id\":\"https:\\\/\\\/www.ipiccoliquotidiano.it\\\/index.php\\\/2026\\\/02\\\/10\\\/una-poesia-per-la-pace-apre-le-olimpiadi\\\/#primaryimage\"},\"thumbnailUrl\":\"https:\\\/\\\/www.ipiccoliquotidiano.it\\\/wp-content\\\/uploads\\\/2026\\\/02\\\/giochi-olimpici.png\",\"datePublished\":\"2026-02-10T18:49:34+00:00\",\"dateModified\":\"2026-02-10T18:49:36+00:00\",\"breadcrumb\":{\"@id\":\"https:\\\/\\\/www.ipiccoliquotidiano.it\\\/index.php\\\/2026\\\/02\\\/10\\\/una-poesia-per-la-pace-apre-le-olimpiadi\\\/#breadcrumb\"},\"inLanguage\":\"it-IT\",\"potentialAction\":[{\"@type\":\"ReadAction\",\"target\":[\"https:\\\/\\\/www.ipiccoliquotidiano.it\\\/index.php\\\/2026\\\/02\\\/10\\\/una-poesia-per-la-pace-apre-le-olimpiadi\\\/\"]}]},{\"@type\":\"ImageObject\",\"inLanguage\":\"it-IT\",\"@id\":\"https:\\\/\\\/www.ipiccoliquotidiano.it\\\/index.php\\\/2026\\\/02\\\/10\\\/una-poesia-per-la-pace-apre-le-olimpiadi\\\/#primaryimage\",\"url\":\"https:\\\/\\\/www.ipiccoliquotidiano.it\\\/wp-content\\\/uploads\\\/2026\\\/02\\\/giochi-olimpici.png\",\"contentUrl\":\"https:\\\/\\\/www.ipiccoliquotidiano.it\\\/wp-content\\\/uploads\\\/2026\\\/02\\\/giochi-olimpici.png\",\"width\":1536,\"height\":1024},{\"@type\":\"BreadcrumbList\",\"@id\":\"https:\\\/\\\/www.ipiccoliquotidiano.it\\\/index.php\\\/2026\\\/02\\\/10\\\/una-poesia-per-la-pace-apre-le-olimpiadi\\\/#breadcrumb\",\"itemListElement\":[{\"@type\":\"ListItem\",\"position\":1,\"name\":\"Home\",\"item\":\"https:\\\/\\\/www.ipiccoliquotidiano.it\\\/\"},{\"@type\":\"ListItem\",\"position\":2,\"name\":\"Una poesia per la pace apre le Olimpiadi\"}]},{\"@type\":\"WebSite\",\"@id\":\"https:\\\/\\\/www.ipiccoliquotidiano.it\\\/#website\",\"url\":\"https:\\\/\\\/www.ipiccoliquotidiano.it\\\/\",\"name\":\"IPiccoliQuotidiano.it\",\"description\":\"Il Quotidiano dei Piccoli\",\"publisher\":{\"@id\":\"https:\\\/\\\/www.ipiccoliquotidiano.it\\\/#organization\"},\"potentialAction\":[{\"@type\":\"SearchAction\",\"target\":{\"@type\":\"EntryPoint\",\"urlTemplate\":\"https:\\\/\\\/www.ipiccoliquotidiano.it\\\/?s={search_term_string}\"},\"query-input\":{\"@type\":\"PropertyValueSpecification\",\"valueRequired\":true,\"valueName\":\"search_term_string\"}}],\"inLanguage\":\"it-IT\"},{\"@type\":\"Organization\",\"@id\":\"https:\\\/\\\/www.ipiccoliquotidiano.it\\\/#organization\",\"name\":\"IPiccoliQuotidiano.it\",\"url\":\"https:\\\/\\\/www.ipiccoliquotidiano.it\\\/\",\"logo\":{\"@type\":\"ImageObject\",\"inLanguage\":\"it-IT\",\"@id\":\"https:\\\/\\\/www.ipiccoliquotidiano.it\\\/#\\\/schema\\\/logo\\\/image\\\/\",\"url\":\"https:\\\/\\\/www.ipiccoliquotidiano.it\\\/wp-content\\\/uploads\\\/2024\\\/05\\\/ipiccoli-logo.jpg\",\"contentUrl\":\"https:\\\/\\\/www.ipiccoliquotidiano.it\\\/wp-content\\\/uploads\\\/2024\\\/05\\\/ipiccoli-logo.jpg\",\"width\":300,\"height\":129,\"caption\":\"IPiccoliQuotidiano.it\"},\"image\":{\"@id\":\"https:\\\/\\\/www.ipiccoliquotidiano.it\\\/#\\\/schema\\\/logo\\\/image\\\/\"},\"sameAs\":[\"https:\\\/\\\/www.facebook.com\\\/ipiccoliquotidiano\"]},{\"@type\":\"Person\",\"@id\":\"https:\\\/\\\/www.ipiccoliquotidiano.it\\\/#\\\/schema\\\/person\\\/173e9c5d7e4380741603f4a4b6d8bb1a\",\"name\":\"La Redazione\",\"description\":\"La redazione de \\\"I Piccoli Quotidiano\\\" \u00e8 una testata giornalistica pensata per i bambini e rivolta a tutti coloro che vogliono conoscere tutto ci\u00f2 che accade nel mondo tra curiosit\u00e0 e approfondimenti.\",\"url\":\"https:\\\/\\\/www.ipiccoliquotidiano.it\\\/index.php\\\/author\\\/la-redazione\\\/\"}]}<\/script>\n<!-- \/ Yoast SEO plugin. -->","yoast_head_json":{"title":"Una poesia per la pace apre le Olimpiadi - IPiccoliQuotidiano.it","robots":{"index":"index","follow":"follow","max-snippet":"max-snippet:-1","max-image-preview":"max-image-preview:large","max-video-preview":"max-video-preview:-1"},"canonical":"https:\/\/www.ipiccoliquotidiano.it\/index.php\/2026\/02\/10\/una-poesia-per-la-pace-apre-le-olimpiadi\/","og_locale":"it_IT","og_type":"article","og_title":"Una poesia per la pace apre le Olimpiadi - IPiccoliQuotidiano.it","og_description":"AI Giochi Olimpici Milano Cortina 2026 grande gioia e non solo...attenzione per i veri valori che i giochi portano...Amore, rispetto, sano agonismo...ma soprattutto NO ALLA GUERRA!","og_url":"https:\/\/www.ipiccoliquotidiano.it\/index.php\/2026\/02\/10\/una-poesia-per-la-pace-apre-le-olimpiadi\/","og_site_name":"IPiccoliQuotidiano.it","article_publisher":"https:\/\/www.facebook.com\/ipiccoliquotidiano","article_published_time":"2026-02-10T18:49:34+00:00","article_modified_time":"2026-02-10T18:49:36+00:00","og_image":[{"width":1024,"height":683,"url":"https:\/\/www.ipiccoliquotidiano.it\/wp-content\/uploads\/2026\/02\/giochi-olimpici-1024x683.png","type":"image\/png"}],"author":"La Redazione","twitter_card":"summary_large_image","twitter_misc":{"Scritto da":"La Redazione","Tempo di lettura stimato":"3 minuti"},"schema":{"@context":"https:\/\/schema.org","@graph":[{"@type":"Article","@id":"https:\/\/www.ipiccoliquotidiano.it\/index.php\/2026\/02\/10\/una-poesia-per-la-pace-apre-le-olimpiadi\/#article","isPartOf":{"@id":"https:\/\/www.ipiccoliquotidiano.it\/index.php\/2026\/02\/10\/una-poesia-per-la-pace-apre-le-olimpiadi\/"},"author":{"name":"La Redazione","@id":"https:\/\/www.ipiccoliquotidiano.it\/#\/schema\/person\/173e9c5d7e4380741603f4a4b6d8bb1a"},"headline":"Una poesia per la pace apre le Olimpiadi","datePublished":"2026-02-10T18:49:34+00:00","dateModified":"2026-02-10T18:49:36+00:00","mainEntityOfPage":{"@id":"https:\/\/www.ipiccoliquotidiano.it\/index.php\/2026\/02\/10\/una-poesia-per-la-pace-apre-le-olimpiadi\/"},"wordCount":506,"publisher":{"@id":"https:\/\/www.ipiccoliquotidiano.it\/#organization"},"image":{"@id":"https:\/\/www.ipiccoliquotidiano.it\/index.php\/2026\/02\/10\/una-poesia-per-la-pace-apre-le-olimpiadi\/#primaryimage"},"thumbnailUrl":"https:\/\/www.ipiccoliquotidiano.it\/wp-content\/uploads\/2026\/02\/giochi-olimpici.png","keywords":["amicizia","cultura e sport","educazione alla pace","Educazione civica","gianni rodari","lettura per bambini","milano cortina 2026","non violenza","olimpiadi invernali 2026","poesia per bambini","promemoria rodari","rispetto","scuola primaria","solidariet\u00e0","sport come scuola di vita","sport e valori"],"articleSection":["A tutto sport","Dal Mondo"],"inLanguage":"it-IT"},{"@type":"WebPage","@id":"https:\/\/www.ipiccoliquotidiano.it\/index.php\/2026\/02\/10\/una-poesia-per-la-pace-apre-le-olimpiadi\/","url":"https:\/\/www.ipiccoliquotidiano.it\/index.php\/2026\/02\/10\/una-poesia-per-la-pace-apre-le-olimpiadi\/","name":"Una poesia per la pace apre le Olimpiadi - IPiccoliQuotidiano.it","isPartOf":{"@id":"https:\/\/www.ipiccoliquotidiano.it\/#website"},"primaryImageOfPage":{"@id":"https:\/\/www.ipiccoliquotidiano.it\/index.php\/2026\/02\/10\/una-poesia-per-la-pace-apre-le-olimpiadi\/#primaryimage"},"image":{"@id":"https:\/\/www.ipiccoliquotidiano.it\/index.php\/2026\/02\/10\/una-poesia-per-la-pace-apre-le-olimpiadi\/#primaryimage"},"thumbnailUrl":"https:\/\/www.ipiccoliquotidiano.it\/wp-content\/uploads\/2026\/02\/giochi-olimpici.png","datePublished":"2026-02-10T18:49:34+00:00","dateModified":"2026-02-10T18:49:36+00:00","breadcrumb":{"@id":"https:\/\/www.ipiccoliquotidiano.it\/index.php\/2026\/02\/10\/una-poesia-per-la-pace-apre-le-olimpiadi\/#breadcrumb"},"inLanguage":"it-IT","potentialAction":[{"@type":"ReadAction","target":["https:\/\/www.ipiccoliquotidiano.it\/index.php\/2026\/02\/10\/una-poesia-per-la-pace-apre-le-olimpiadi\/"]}]},{"@type":"ImageObject","inLanguage":"it-IT","@id":"https:\/\/www.ipiccoliquotidiano.it\/index.php\/2026\/02\/10\/una-poesia-per-la-pace-apre-le-olimpiadi\/#primaryimage","url":"https:\/\/www.ipiccoliquotidiano.it\/wp-content\/uploads\/2026\/02\/giochi-olimpici.png","contentUrl":"https:\/\/www.ipiccoliquotidiano.it\/wp-content\/uploads\/2026\/02\/giochi-olimpici.png","width":1536,"height":1024},{"@type":"BreadcrumbList","@id":"https:\/\/www.ipiccoliquotidiano.it\/index.php\/2026\/02\/10\/una-poesia-per-la-pace-apre-le-olimpiadi\/#breadcrumb","itemListElement":[{"@type":"ListItem","position":1,"name":"Home","item":"https:\/\/www.ipiccoliquotidiano.it\/"},{"@type":"ListItem","position":2,"name":"Una poesia per la pace apre le Olimpiadi"}]},{"@type":"WebSite","@id":"https:\/\/www.ipiccoliquotidiano.it\/#website","url":"https:\/\/www.ipiccoliquotidiano.it\/","name":"IPiccoliQuotidiano.it","description":"Il Quotidiano dei Piccoli","publisher":{"@id":"https:\/\/www.ipiccoliquotidiano.it\/#organization"},"potentialAction":[{"@type":"SearchAction","target":{"@type":"EntryPoint","urlTemplate":"https:\/\/www.ipiccoliquotidiano.it\/?s={search_term_string}"},"query-input":{"@type":"PropertyValueSpecification","valueRequired":true,"valueName":"search_term_string"}}],"inLanguage":"it-IT"},{"@type":"Organization","@id":"https:\/\/www.ipiccoliquotidiano.it\/#organization","name":"IPiccoliQuotidiano.it","url":"https:\/\/www.ipiccoliquotidiano.it\/","logo":{"@type":"ImageObject","inLanguage":"it-IT","@id":"https:\/\/www.ipiccoliquotidiano.it\/#\/schema\/logo\/image\/","url":"https:\/\/www.ipiccoliquotidiano.it\/wp-content\/uploads\/2024\/05\/ipiccoli-logo.jpg","contentUrl":"https:\/\/www.ipiccoliquotidiano.it\/wp-content\/uploads\/2024\/05\/ipiccoli-logo.jpg","width":300,"height":129,"caption":"IPiccoliQuotidiano.it"},"image":{"@id":"https:\/\/www.ipiccoliquotidiano.it\/#\/schema\/logo\/image\/"},"sameAs":["https:\/\/www.facebook.com\/ipiccoliquotidiano"]},{"@type":"Person","@id":"https:\/\/www.ipiccoliquotidiano.it\/#\/schema\/person\/173e9c5d7e4380741603f4a4b6d8bb1a","name":"La Redazione","description":"La redazione de \"I Piccoli Quotidiano\" \u00e8 una testata giornalistica pensata per i bambini e rivolta a tutti coloro che vogliono conoscere tutto ci\u00f2 che accade nel mondo tra curiosit\u00e0 e approfondimenti.","url":"https:\/\/www.ipiccoliquotidiano.it\/index.php\/author\/la-redazione\/"}]}},"_links":{"self":[{"href":"https:\/\/www.ipiccoliquotidiano.it\/index.php\/wp-json\/wp\/v2\/posts\/29874","targetHints":{"allow":["GET"]}}],"collection":[{"href":"https:\/\/www.ipiccoliquotidiano.it\/index.php\/wp-json\/wp\/v2\/posts"}],"about":[{"href":"https:\/\/www.ipiccoliquotidiano.it\/index.php\/wp-json\/wp\/v2\/types\/post"}],"author":[{"embeddable":true,"href":"https:\/\/www.ipiccoliquotidiano.it\/index.php\/wp-json\/wp\/v2\/users\/28"}],"replies":[{"embeddable":true,"href":"https:\/\/www.ipiccoliquotidiano.it\/index.php\/wp-json\/wp\/v2\/comments?post=29874"}],"version-history":[{"count":1,"href":"https:\/\/www.ipiccoliquotidiano.it\/index.php\/wp-json\/wp\/v2\/posts\/29874\/revisions"}],"predecessor-version":[{"id":29876,"href":"https:\/\/www.ipiccoliquotidiano.it\/index.php\/wp-json\/wp\/v2\/posts\/29874\/revisions\/29876"}],"wp:featuredmedia":[{"embeddable":true,"href":"https:\/\/www.ipiccoliquotidiano.it\/index.php\/wp-json\/wp\/v2\/media\/29875"}],"wp:attachment":[{"href":"https:\/\/www.ipiccoliquotidiano.it\/index.php\/wp-json\/wp\/v2\/media?parent=29874"}],"wp:term":[{"taxonomy":"category","embeddable":true,"href":"https:\/\/www.ipiccoliquotidiano.it\/index.php\/wp-json\/wp\/v2\/categories?post=29874"},{"taxonomy":"post_tag","embeddable":true,"href":"https:\/\/www.ipiccoliquotidiano.it\/index.php\/wp-json\/wp\/v2\/tags?post=29874"}],"curies":[{"name":"wp","href":"https:\/\/api.w.org\/{rel}","templated":true}]}}