{"id":25010,"date":"2024-08-29T17:55:55","date_gmt":"2024-08-29T15:55:55","guid":{"rendered":"https:\/\/www.ipiccoliquotidiano.it\/?p=25010"},"modified":"2024-08-29T17:56:46","modified_gmt":"2024-08-29T15:56:46","slug":"paraolimpiadi-e-anelli-olimpici","status":"publish","type":"post","link":"https:\/\/www.ipiccoliquotidiano.it\/index.php\/2024\/08\/29\/paraolimpiadi-e-anelli-olimpici\/","title":{"rendered":"Paraolimpiadi e anelli olimpici"},"content":{"rendered":"\n<p class=\"wp-block-paragraph\">Alle Paralimpiadi di Parigi \u00e8 concesso mostrare tatuaggi che raffigurano gli anelli olimpici<\/p>\n\n\n\n<p class=\"wp-block-paragraph\">Olimpiadi e Paralimpiadi sono due manifestazioni indipendenti, ognuna con il proprio logo<\/p>\n\n\n\n<p class=\"wp-block-paragraph\">Per anni gli atleti paralimpici non hanno potuto mostrare i tatuaggi raffiguranti i cerchi olimpici\u2026rischiavano la squalifica dalle competizioni.<\/p>\n\n\n\n<p class=\"wp-block-paragraph\">In questa edizione parigina delle Paralimpiadi questa regola non sar\u00e0 pi\u00f9 applicata e agli agli atleti verr\u00e0 concesso di esibire i propri tatuaggi raffiguranti i cerchi olimpici.<\/p>\n\n\n\n<p class=\"wp-block-paragraph\">Le Paralimpiadi non hanno alcun legame con il simbolo degli anelli olimpici. Il logo che le rappresenta \u00e8 l\u2019insieme di tre \u201cvirgole\u201d, pi\u00f9 precisamente agitos (dal latino \u201cio mi muovo\u201d) di tre colori diversi: rosso, blu e verde.<\/p>\n\n\n\n<figure class=\"wp-block-image size-full\"><img fetchpriority=\"high\" decoding=\"async\" width=\"424\" height=\"363\" src=\"https:\/\/www.ipiccoliquotidiano.it\/wp-content\/uploads\/2024\/08\/simbolo-olimpi-2.jpeg\" alt=\"\" class=\"wp-image-25014\" srcset=\"https:\/\/www.ipiccoliquotidiano.it\/wp-content\/uploads\/2024\/08\/simbolo-olimpi-2.jpeg 424w, https:\/\/www.ipiccoliquotidiano.it\/wp-content\/uploads\/2024\/08\/simbolo-olimpi-2-300x257.jpeg 300w, https:\/\/www.ipiccoliquotidiano.it\/wp-content\/uploads\/2024\/08\/simbolo-olimpi-2-150x128.jpeg 150w\" sizes=\"(max-width: 424px) 100vw, 424px\" \/><\/figure>\n\n\n\n<p class=\"wp-block-paragraph\">Il fatto che alcuni atleti paralimpici avessero tatuato sulla pelle il logo di un\u2019altra manifestazione veniva percepita come una forma di pubblicit\u00e0 nei confronti di un organismo concorrente, generando confusione nel pubblico oltre che influire negativamente sulla comprensione del circuito paralimpico. Per questo motivo era stato imposto agli atleti come regola obbligatoria di coprire i tatuaggi che raffigurassero il logo a cinque cerchi.<\/p>\n\n\n\n<p class=\"wp-block-paragraph\">C\u2019\u00e8 da dire per\u00f2 che per molti atleti paralimpici avere tatuato in maniera indelebile gli anelli olimpici non ha alcun secondo fine n\u00e9 intento commerciale. Quel tatuaggio \u00e8 molto pi\u00f9 semplicemente una raffigurazione simbolica dei loro sforzi e sacrifici che li hanno portati fino a l\u00ec.<\/p>\n\n\n\n<p class=\"wp-block-paragraph\">I Giochi Paralimpici sono il pi\u00f9 grande evento sportivo su scala globale in cui gli atleti con disabilit\u00e0 possono confrontarsi per aggiudicarsi il titolo di migliore al mondo. Gareggeranno oltre 4.000 atleti in 22 sport. Potremo farci stupire dalle gesta di questi atleti straordinari dal 28 agosto all\u20198 settembre.<\/p>\n\n\n\n<p class=\"wp-block-paragraph\"><\/p>\n","protected":false},"excerpt":{"rendered":"<p>Alle Paralimpiadi di Parigi \u00e8 concesso mostrare tatuaggi che raffigurano gli anelli olimpici Olimpiadi e Paralimpiadi sono due manifestazioni indipendenti, ognuna con il proprio logo Per anni gli atleti paralimpici non hanno potuto mostrare i tatuaggi raffiguranti i cerchi olimpici\u2026rischiavano la squalifica dalle competizioni. In questa edizione parigina delle Paralimpiadi questa regola non sar\u00e0 pi\u00f9<\/p>\n","protected":false},"author":23,"featured_media":25012,"comment_status":"closed","ping_status":"open","sticky":false,"template":"","format":"standard","meta":{"footnotes":""},"categories":[48,33,74],"tags":[251],"class_list":["post-25010","post","type-post","status-publish","format-standard","has-post-thumbnail","category-a-tutto-sport","category-mondo","category-rubriche","tag-paralimpiadi"],"yoast_head":"<!-- This site is optimized with the Yoast SEO plugin v28.3 - https:\/\/yoast.com\/product\/yoast-seo-wordpress\/ -->\n<title>Paraolimpiadi e anelli olimpici - IPiccoliQuotidiano.it<\/title>\n<meta name=\"robots\" content=\"index, follow, max-snippet:-1, max-image-preview:large, max-video-preview:-1\" \/>\n<link rel=\"canonical\" href=\"https:\/\/www.ipiccoliquotidiano.it\/index.php\/2024\/08\/29\/paraolimpiadi-e-anelli-olimpici\/\" \/>\n<meta property=\"og:locale\" content=\"it_IT\" \/>\n<meta property=\"og:type\" content=\"article\" \/>\n<meta property=\"og:title\" content=\"Paraolimpiadi e anelli olimpici - IPiccoliQuotidiano.it\" \/>\n<meta property=\"og:description\" content=\"Alle Paralimpiadi di Parigi \u00e8 concesso mostrare tatuaggi che raffigurano gli anelli olimpici Olimpiadi e Paralimpiadi sono due manifestazioni indipendenti, ognuna con il proprio logo Per anni gli atleti paralimpici non hanno potuto mostrare i tatuaggi raffiguranti i cerchi olimpici\u2026rischiavano la squalifica dalle competizioni. In questa edizione parigina delle Paralimpiadi questa regola non sar\u00e0 pi\u00f9\" \/>\n<meta property=\"og:url\" content=\"https:\/\/www.ipiccoliquotidiano.it\/index.php\/2024\/08\/29\/paraolimpiadi-e-anelli-olimpici\/\" \/>\n<meta property=\"og:site_name\" content=\"IPiccoliQuotidiano.it\" \/>\n<meta property=\"article:publisher\" content=\"https:\/\/www.facebook.com\/ipiccoliquotidiano\" \/>\n<meta property=\"article:published_time\" content=\"2024-08-29T15:55:55+00:00\" \/>\n<meta property=\"article:modified_time\" content=\"2024-08-29T15:56:46+00:00\" \/>\n<meta property=\"og:image\" content=\"https:\/\/www.ipiccoliquotidiano.it\/wp-content\/uploads\/2024\/08\/simbolo-para.jpeg\" \/>\n\t<meta property=\"og:image:width\" content=\"980\" \/>\n\t<meta property=\"og:image:height\" content=\"735\" \/>\n\t<meta property=\"og:image:type\" content=\"image\/jpeg\" \/>\n<meta name=\"author\" content=\"Gina Chiacchiaro\" \/>\n<meta name=\"twitter:card\" content=\"summary_large_image\" \/>\n<meta name=\"twitter:label1\" content=\"Scritto da\" \/>\n\t<meta name=\"twitter:data1\" content=\"Gina Chiacchiaro\" \/>\n\t<meta name=\"twitter:label2\" content=\"Tempo di lettura stimato\" \/>\n\t<meta name=\"twitter:data2\" content=\"1 minuto\" \/>\n<script type=\"application\/ld+json\" class=\"yoast-schema-graph\">{\"@context\":\"https:\\\/\\\/schema.org\",\"@graph\":[{\"@type\":\"Article\",\"@id\":\"https:\\\/\\\/www.ipiccoliquotidiano.it\\\/index.php\\\/2024\\\/08\\\/29\\\/paraolimpiadi-e-anelli-olimpici\\\/#article\",\"isPartOf\":{\"@id\":\"https:\\\/\\\/www.ipiccoliquotidiano.it\\\/index.php\\\/2024\\\/08\\\/29\\\/paraolimpiadi-e-anelli-olimpici\\\/\"},\"author\":{\"name\":\"Gina Chiacchiaro\",\"@id\":\"https:\\\/\\\/www.ipiccoliquotidiano.it\\\/#\\\/schema\\\/person\\\/e33b93e40079fc717202992994f9a60b\"},\"headline\":\"Paraolimpiadi e anelli olimpici\",\"datePublished\":\"2024-08-29T15:55:55+00:00\",\"dateModified\":\"2024-08-29T15:56:46+00:00\",\"mainEntityOfPage\":{\"@id\":\"https:\\\/\\\/www.ipiccoliquotidiano.it\\\/index.php\\\/2024\\\/08\\\/29\\\/paraolimpiadi-e-anelli-olimpici\\\/\"},\"wordCount\":268,\"publisher\":{\"@id\":\"https:\\\/\\\/www.ipiccoliquotidiano.it\\\/#organization\"},\"image\":{\"@id\":\"https:\\\/\\\/www.ipiccoliquotidiano.it\\\/index.php\\\/2024\\\/08\\\/29\\\/paraolimpiadi-e-anelli-olimpici\\\/#primaryimage\"},\"thumbnailUrl\":\"https:\\\/\\\/www.ipiccoliquotidiano.it\\\/wp-content\\\/uploads\\\/2024\\\/08\\\/simbolo-para.jpeg\",\"keywords\":[\"paralimpiadi\"],\"articleSection\":[\"A tutto sport\",\"Dal Mondo\",\"Rubriche\"],\"inLanguage\":\"it-IT\"},{\"@type\":\"WebPage\",\"@id\":\"https:\\\/\\\/www.ipiccoliquotidiano.it\\\/index.php\\\/2024\\\/08\\\/29\\\/paraolimpiadi-e-anelli-olimpici\\\/\",\"url\":\"https:\\\/\\\/www.ipiccoliquotidiano.it\\\/index.php\\\/2024\\\/08\\\/29\\\/paraolimpiadi-e-anelli-olimpici\\\/\",\"name\":\"Paraolimpiadi e anelli olimpici - IPiccoliQuotidiano.it\",\"isPartOf\":{\"@id\":\"https:\\\/\\\/www.ipiccoliquotidiano.it\\\/#website\"},\"primaryImageOfPage\":{\"@id\":\"https:\\\/\\\/www.ipiccoliquotidiano.it\\\/index.php\\\/2024\\\/08\\\/29\\\/paraolimpiadi-e-anelli-olimpici\\\/#primaryimage\"},\"image\":{\"@id\":\"https:\\\/\\\/www.ipiccoliquotidiano.it\\\/index.php\\\/2024\\\/08\\\/29\\\/paraolimpiadi-e-anelli-olimpici\\\/#primaryimage\"},\"thumbnailUrl\":\"https:\\\/\\\/www.ipiccoliquotidiano.it\\\/wp-content\\\/uploads\\\/2024\\\/08\\\/simbolo-para.jpeg\",\"datePublished\":\"2024-08-29T15:55:55+00:00\",\"dateModified\":\"2024-08-29T15:56:46+00:00\",\"breadcrumb\":{\"@id\":\"https:\\\/\\\/www.ipiccoliquotidiano.it\\\/index.php\\\/2024\\\/08\\\/29\\\/paraolimpiadi-e-anelli-olimpici\\\/#breadcrumb\"},\"inLanguage\":\"it-IT\",\"potentialAction\":[{\"@type\":\"ReadAction\",\"target\":[\"https:\\\/\\\/www.ipiccoliquotidiano.it\\\/index.php\\\/2024\\\/08\\\/29\\\/paraolimpiadi-e-anelli-olimpici\\\/\"]}]},{\"@type\":\"ImageObject\",\"inLanguage\":\"it-IT\",\"@id\":\"https:\\\/\\\/www.ipiccoliquotidiano.it\\\/index.php\\\/2024\\\/08\\\/29\\\/paraolimpiadi-e-anelli-olimpici\\\/#primaryimage\",\"url\":\"https:\\\/\\\/www.ipiccoliquotidiano.it\\\/wp-content\\\/uploads\\\/2024\\\/08\\\/simbolo-para.jpeg\",\"contentUrl\":\"https:\\\/\\\/www.ipiccoliquotidiano.it\\\/wp-content\\\/uploads\\\/2024\\\/08\\\/simbolo-para.jpeg\",\"width\":980,\"height\":735},{\"@type\":\"BreadcrumbList\",\"@id\":\"https:\\\/\\\/www.ipiccoliquotidiano.it\\\/index.php\\\/2024\\\/08\\\/29\\\/paraolimpiadi-e-anelli-olimpici\\\/#breadcrumb\",\"itemListElement\":[{\"@type\":\"ListItem\",\"position\":1,\"name\":\"Home\",\"item\":\"https:\\\/\\\/www.ipiccoliquotidiano.it\\\/\"},{\"@type\":\"ListItem\",\"position\":2,\"name\":\"Paraolimpiadi e anelli olimpici\"}]},{\"@type\":\"WebSite\",\"@id\":\"https:\\\/\\\/www.ipiccoliquotidiano.it\\\/#website\",\"url\":\"https:\\\/\\\/www.ipiccoliquotidiano.it\\\/\",\"name\":\"IPiccoliQuotidiano.it\",\"description\":\"Il Quotidiano dei Piccoli\",\"publisher\":{\"@id\":\"https:\\\/\\\/www.ipiccoliquotidiano.it\\\/#organization\"},\"potentialAction\":[{\"@type\":\"SearchAction\",\"target\":{\"@type\":\"EntryPoint\",\"urlTemplate\":\"https:\\\/\\\/www.ipiccoliquotidiano.it\\\/?s={search_term_string}\"},\"query-input\":{\"@type\":\"PropertyValueSpecification\",\"valueRequired\":true,\"valueName\":\"search_term_string\"}}],\"inLanguage\":\"it-IT\"},{\"@type\":\"Organization\",\"@id\":\"https:\\\/\\\/www.ipiccoliquotidiano.it\\\/#organization\",\"name\":\"IPiccoliQuotidiano.it\",\"url\":\"https:\\\/\\\/www.ipiccoliquotidiano.it\\\/\",\"logo\":{\"@type\":\"ImageObject\",\"inLanguage\":\"it-IT\",\"@id\":\"https:\\\/\\\/www.ipiccoliquotidiano.it\\\/#\\\/schema\\\/logo\\\/image\\\/\",\"url\":\"https:\\\/\\\/www.ipiccoliquotidiano.it\\\/wp-content\\\/uploads\\\/2024\\\/05\\\/ipiccoli-logo.jpg\",\"contentUrl\":\"https:\\\/\\\/www.ipiccoliquotidiano.it\\\/wp-content\\\/uploads\\\/2024\\\/05\\\/ipiccoli-logo.jpg\",\"width\":300,\"height\":129,\"caption\":\"IPiccoliQuotidiano.it\"},\"image\":{\"@id\":\"https:\\\/\\\/www.ipiccoliquotidiano.it\\\/#\\\/schema\\\/logo\\\/image\\\/\"},\"sameAs\":[\"https:\\\/\\\/www.facebook.com\\\/ipiccoliquotidiano\"]},{\"@type\":\"Person\",\"@id\":\"https:\\\/\\\/www.ipiccoliquotidiano.it\\\/#\\\/schema\\\/person\\\/e33b93e40079fc717202992994f9a60b\",\"name\":\"Gina Chiacchiaro\",\"description\":\"Anna Maria Chiacchiaro, per tutti Gina! Sono una donna di 65 anni che ha sempre mostrato interesse per la vita sotto ogni sua forma. Sono stata figlia di due splendidi genitori, sono moglie sposata ad un uomo da 43 anni e ancora felice di esserlo, sono madre di due figli quarantenni, e nonna di simpatici nipoti. Insegnante di scuola elementare per 38 anni, impegnata a Varese dal 1978 fino al 1993 e poi a Roccadaspide, il comune dove sono nata, dove mi sono trasferita con la mia famiglia. Sono giornalista pubblicista da 20 anni, ideatrice e direttrice editoriale de \u201cI Piccoli\u201d, un giornale destinato ai bambini in et\u00e0 scolare da 6 a 11 anni, che ha raggiunto la maggiore et\u00e0 passando per varie fasi e vivendo tutti i cambiamenti che l\u2019ultimo ventennio ci ha regalato!\",\"url\":\"https:\\\/\\\/www.ipiccoliquotidiano.it\\\/index.php\\\/author\\\/gina-chiacchiaro\\\/\"}]}<\/script>\n<!-- \/ Yoast SEO plugin. -->","yoast_head_json":{"title":"Paraolimpiadi e anelli olimpici - IPiccoliQuotidiano.it","robots":{"index":"index","follow":"follow","max-snippet":"max-snippet:-1","max-image-preview":"max-image-preview:large","max-video-preview":"max-video-preview:-1"},"canonical":"https:\/\/www.ipiccoliquotidiano.it\/index.php\/2024\/08\/29\/paraolimpiadi-e-anelli-olimpici\/","og_locale":"it_IT","og_type":"article","og_title":"Paraolimpiadi e anelli olimpici - IPiccoliQuotidiano.it","og_description":"Alle Paralimpiadi di Parigi \u00e8 concesso mostrare tatuaggi che raffigurano gli anelli olimpici Olimpiadi e Paralimpiadi sono due manifestazioni indipendenti, ognuna con il proprio logo Per anni gli atleti paralimpici non hanno potuto mostrare i tatuaggi raffiguranti i cerchi olimpici\u2026rischiavano la squalifica dalle competizioni. In questa edizione parigina delle Paralimpiadi questa regola non sar\u00e0 pi\u00f9","og_url":"https:\/\/www.ipiccoliquotidiano.it\/index.php\/2024\/08\/29\/paraolimpiadi-e-anelli-olimpici\/","og_site_name":"IPiccoliQuotidiano.it","article_publisher":"https:\/\/www.facebook.com\/ipiccoliquotidiano","article_published_time":"2024-08-29T15:55:55+00:00","article_modified_time":"2024-08-29T15:56:46+00:00","og_image":[{"width":980,"height":735,"url":"https:\/\/www.ipiccoliquotidiano.it\/wp-content\/uploads\/2024\/08\/simbolo-para.jpeg","type":"image\/jpeg"}],"author":"Gina Chiacchiaro","twitter_card":"summary_large_image","twitter_misc":{"Scritto da":"Gina Chiacchiaro","Tempo di lettura stimato":"1 minuto"},"schema":{"@context":"https:\/\/schema.org","@graph":[{"@type":"Article","@id":"https:\/\/www.ipiccoliquotidiano.it\/index.php\/2024\/08\/29\/paraolimpiadi-e-anelli-olimpici\/#article","isPartOf":{"@id":"https:\/\/www.ipiccoliquotidiano.it\/index.php\/2024\/08\/29\/paraolimpiadi-e-anelli-olimpici\/"},"author":{"name":"Gina Chiacchiaro","@id":"https:\/\/www.ipiccoliquotidiano.it\/#\/schema\/person\/e33b93e40079fc717202992994f9a60b"},"headline":"Paraolimpiadi e anelli olimpici","datePublished":"2024-08-29T15:55:55+00:00","dateModified":"2024-08-29T15:56:46+00:00","mainEntityOfPage":{"@id":"https:\/\/www.ipiccoliquotidiano.it\/index.php\/2024\/08\/29\/paraolimpiadi-e-anelli-olimpici\/"},"wordCount":268,"publisher":{"@id":"https:\/\/www.ipiccoliquotidiano.it\/#organization"},"image":{"@id":"https:\/\/www.ipiccoliquotidiano.it\/index.php\/2024\/08\/29\/paraolimpiadi-e-anelli-olimpici\/#primaryimage"},"thumbnailUrl":"https:\/\/www.ipiccoliquotidiano.it\/wp-content\/uploads\/2024\/08\/simbolo-para.jpeg","keywords":["paralimpiadi"],"articleSection":["A tutto sport","Dal Mondo","Rubriche"],"inLanguage":"it-IT"},{"@type":"WebPage","@id":"https:\/\/www.ipiccoliquotidiano.it\/index.php\/2024\/08\/29\/paraolimpiadi-e-anelli-olimpici\/","url":"https:\/\/www.ipiccoliquotidiano.it\/index.php\/2024\/08\/29\/paraolimpiadi-e-anelli-olimpici\/","name":"Paraolimpiadi e anelli olimpici - IPiccoliQuotidiano.it","isPartOf":{"@id":"https:\/\/www.ipiccoliquotidiano.it\/#website"},"primaryImageOfPage":{"@id":"https:\/\/www.ipiccoliquotidiano.it\/index.php\/2024\/08\/29\/paraolimpiadi-e-anelli-olimpici\/#primaryimage"},"image":{"@id":"https:\/\/www.ipiccoliquotidiano.it\/index.php\/2024\/08\/29\/paraolimpiadi-e-anelli-olimpici\/#primaryimage"},"thumbnailUrl":"https:\/\/www.ipiccoliquotidiano.it\/wp-content\/uploads\/2024\/08\/simbolo-para.jpeg","datePublished":"2024-08-29T15:55:55+00:00","dateModified":"2024-08-29T15:56:46+00:00","breadcrumb":{"@id":"https:\/\/www.ipiccoliquotidiano.it\/index.php\/2024\/08\/29\/paraolimpiadi-e-anelli-olimpici\/#breadcrumb"},"inLanguage":"it-IT","potentialAction":[{"@type":"ReadAction","target":["https:\/\/www.ipiccoliquotidiano.it\/index.php\/2024\/08\/29\/paraolimpiadi-e-anelli-olimpici\/"]}]},{"@type":"ImageObject","inLanguage":"it-IT","@id":"https:\/\/www.ipiccoliquotidiano.it\/index.php\/2024\/08\/29\/paraolimpiadi-e-anelli-olimpici\/#primaryimage","url":"https:\/\/www.ipiccoliquotidiano.it\/wp-content\/uploads\/2024\/08\/simbolo-para.jpeg","contentUrl":"https:\/\/www.ipiccoliquotidiano.it\/wp-content\/uploads\/2024\/08\/simbolo-para.jpeg","width":980,"height":735},{"@type":"BreadcrumbList","@id":"https:\/\/www.ipiccoliquotidiano.it\/index.php\/2024\/08\/29\/paraolimpiadi-e-anelli-olimpici\/#breadcrumb","itemListElement":[{"@type":"ListItem","position":1,"name":"Home","item":"https:\/\/www.ipiccoliquotidiano.it\/"},{"@type":"ListItem","position":2,"name":"Paraolimpiadi e anelli olimpici"}]},{"@type":"WebSite","@id":"https:\/\/www.ipiccoliquotidiano.it\/#website","url":"https:\/\/www.ipiccoliquotidiano.it\/","name":"IPiccoliQuotidiano.it","description":"Il Quotidiano dei Piccoli","publisher":{"@id":"https:\/\/www.ipiccoliquotidiano.it\/#organization"},"potentialAction":[{"@type":"SearchAction","target":{"@type":"EntryPoint","urlTemplate":"https:\/\/www.ipiccoliquotidiano.it\/?s={search_term_string}"},"query-input":{"@type":"PropertyValueSpecification","valueRequired":true,"valueName":"search_term_string"}}],"inLanguage":"it-IT"},{"@type":"Organization","@id":"https:\/\/www.ipiccoliquotidiano.it\/#organization","name":"IPiccoliQuotidiano.it","url":"https:\/\/www.ipiccoliquotidiano.it\/","logo":{"@type":"ImageObject","inLanguage":"it-IT","@id":"https:\/\/www.ipiccoliquotidiano.it\/#\/schema\/logo\/image\/","url":"https:\/\/www.ipiccoliquotidiano.it\/wp-content\/uploads\/2024\/05\/ipiccoli-logo.jpg","contentUrl":"https:\/\/www.ipiccoliquotidiano.it\/wp-content\/uploads\/2024\/05\/ipiccoli-logo.jpg","width":300,"height":129,"caption":"IPiccoliQuotidiano.it"},"image":{"@id":"https:\/\/www.ipiccoliquotidiano.it\/#\/schema\/logo\/image\/"},"sameAs":["https:\/\/www.facebook.com\/ipiccoliquotidiano"]},{"@type":"Person","@id":"https:\/\/www.ipiccoliquotidiano.it\/#\/schema\/person\/e33b93e40079fc717202992994f9a60b","name":"Gina Chiacchiaro","description":"Anna Maria Chiacchiaro, per tutti Gina! Sono una donna di 65 anni che ha sempre mostrato interesse per la vita sotto ogni sua forma. Sono stata figlia di due splendidi genitori, sono moglie sposata ad un uomo da 43 anni e ancora felice di esserlo, sono madre di due figli quarantenni, e nonna di simpatici nipoti. Insegnante di scuola elementare per 38 anni, impegnata a Varese dal 1978 fino al 1993 e poi a Roccadaspide, il comune dove sono nata, dove mi sono trasferita con la mia famiglia. Sono giornalista pubblicista da 20 anni, ideatrice e direttrice editoriale de \u201cI Piccoli\u201d, un giornale destinato ai bambini in et\u00e0 scolare da 6 a 11 anni, che ha raggiunto la maggiore et\u00e0 passando per varie fasi e vivendo tutti i cambiamenti che l\u2019ultimo ventennio ci ha regalato!","url":"https:\/\/www.ipiccoliquotidiano.it\/index.php\/author\/gina-chiacchiaro\/"}]}},"_links":{"self":[{"href":"https:\/\/www.ipiccoliquotidiano.it\/index.php\/wp-json\/wp\/v2\/posts\/25010","targetHints":{"allow":["GET"]}}],"collection":[{"href":"https:\/\/www.ipiccoliquotidiano.it\/index.php\/wp-json\/wp\/v2\/posts"}],"about":[{"href":"https:\/\/www.ipiccoliquotidiano.it\/index.php\/wp-json\/wp\/v2\/types\/post"}],"author":[{"embeddable":true,"href":"https:\/\/www.ipiccoliquotidiano.it\/index.php\/wp-json\/wp\/v2\/users\/23"}],"replies":[{"embeddable":true,"href":"https:\/\/www.ipiccoliquotidiano.it\/index.php\/wp-json\/wp\/v2\/comments?post=25010"}],"version-history":[{"count":1,"href":"https:\/\/www.ipiccoliquotidiano.it\/index.php\/wp-json\/wp\/v2\/posts\/25010\/revisions"}],"predecessor-version":[{"id":25015,"href":"https:\/\/www.ipiccoliquotidiano.it\/index.php\/wp-json\/wp\/v2\/posts\/25010\/revisions\/25015"}],"wp:featuredmedia":[{"embeddable":true,"href":"https:\/\/www.ipiccoliquotidiano.it\/index.php\/wp-json\/wp\/v2\/media\/25012"}],"wp:attachment":[{"href":"https:\/\/www.ipiccoliquotidiano.it\/index.php\/wp-json\/wp\/v2\/media?parent=25010"}],"wp:term":[{"taxonomy":"category","embeddable":true,"href":"https:\/\/www.ipiccoliquotidiano.it\/index.php\/wp-json\/wp\/v2\/categories?post=25010"},{"taxonomy":"post_tag","embeddable":true,"href":"https:\/\/www.ipiccoliquotidiano.it\/index.php\/wp-json\/wp\/v2\/tags?post=25010"}],"curies":[{"name":"wp","href":"https:\/\/api.w.org\/{rel}","templated":true}]}}