{"id":24998,"date":"2024-08-28T23:59:08","date_gmt":"2024-08-28T21:59:08","guid":{"rendered":"https:\/\/www.ipiccoliquotidiano.it\/?p=24998"},"modified":"2024-08-28T23:59:08","modified_gmt":"2024-08-28T21:59:08","slug":"paralimpiadi-2024","status":"publish","type":"post","link":"https:\/\/www.ipiccoliquotidiano.it\/index.php\/2024\/08\/28\/paralimpiadi-2024\/","title":{"rendered":"Paralimpiadi 2024"},"content":{"rendered":"\n<p class=\"wp-block-paragraph\">A Parigi lo sport continua: il 28 agosto al via le Paralimpiadi<\/p>\n\n\n\n<p class=\"wp-block-paragraph\">Bebe Vio spacchetta il materiale in dotazione per le Paralimpiadi: &#8220;I calzini, dritti a mia sorella&#8221;<\/p>\n\n\n\n<p class=\"wp-block-paragraph\">Ironia di Bebe Vio sui social mentre mostra la divisa della nazionale e rivela il contenuto della valigia ai suoi follower con un filmato molto ironico. Tra tutte le maglie e gli asciugamani ci sono anche tantissimi calzini: \u201cIndispensabili, vanno dritti a mia sorella!\u201d, dice l\u2019atleta paralimpica ironizzando sulle sue protesi.<\/p>\n\n\n\n<p class=\"wp-block-paragraph\">Bebe Vio nell\u2019ultima edizione dei Giochi Paralimpici, ha vinto due medaglie: un oro nel fioretto individuale e un argento in quello a squadre.<\/p>\n\n\n\n<p class=\"wp-block-paragraph\">Nella Ville Lumi\u00e8re saranno 141 gli atleti azzurri che inseguiranno il sogno di una medaglia (70 atlete e71 atleti) impegnati in 17 discipline<\/p>\n\n\n\n<p class=\"wp-block-paragraph\">Paralimpiadi, tutto pronto: 22 sport e 4400 atleti. Delegazione italiana record: 141 atleti in gara<\/p>\n\n\n\n<figure class=\"wp-block-image size-large\"><img fetchpriority=\"high\" decoding=\"async\" width=\"1024\" height=\"581\" src=\"https:\/\/www.ipiccoliquotidiano.it\/wp-content\/uploads\/2024\/08\/para2-1024x581.jpeg\" alt=\"\" class=\"wp-image-25000\" srcset=\"https:\/\/www.ipiccoliquotidiano.it\/wp-content\/uploads\/2024\/08\/para2-1024x581.jpeg 1024w, https:\/\/www.ipiccoliquotidiano.it\/wp-content\/uploads\/2024\/08\/para2-300x170.jpeg 300w, https:\/\/www.ipiccoliquotidiano.it\/wp-content\/uploads\/2024\/08\/para2-768x436.jpeg 768w, https:\/\/www.ipiccoliquotidiano.it\/wp-content\/uploads\/2024\/08\/para2-150x85.jpeg 150w, https:\/\/www.ipiccoliquotidiano.it\/wp-content\/uploads\/2024\/08\/para2-450x255.jpeg 450w, https:\/\/www.ipiccoliquotidiano.it\/wp-content\/uploads\/2024\/08\/para2.jpeg 1077w\" sizes=\"(max-width: 1024px) 100vw, 1024px\" \/><\/figure>\n\n\n\n<p class=\"wp-block-paragraph\">A Parigi si alza il sipario sulle Paralimpiadi<\/p>\n\n\n\n<p class=\"wp-block-paragraph\">La cerimonia di apertura in programma a partire dalle 20 tra Place de la Concorde e gli Champs-Elys\u00e9es in una Parigi ancora in festa dopo l\u2019esperienza olimpica<\/p>\n\n\n\n<p class=\"wp-block-paragraph\">Quella tricolore \u00e8 la delegazione pi\u00f9 numerosa di sempre nella storia dei Giochi paralimpici: 26 atleti in pi\u00f9 rispetto a Tokyo 2021.<\/p>\n\n\n\n<p class=\"wp-block-paragraph\">Paralimpiadi, il balletto delle stampelle: quando la disabilit\u00e0 diventa danza e leggerezza\u2026<\/p>\n\n\n\n<p class=\"wp-block-paragraph\">Musa Motha, ballerino sudafricano amputato di una gamba per un osteosarcoma, d\u00e0 vita a una splendida coreParalimpiadi 2024\u2026 Quando sfila l&#8217;Italia, c\u2019\u00e8 l&#8217;applauso di Mattarella<\/p>\n\n\n\n<p class=\"wp-block-paragraph\">Il capo dello Stato si \u00e8 alzato in piedi per rendere omaggio ai rappresentanti azzurri dello sport paralimpico\u2026<\/p>\n","protected":false},"excerpt":{"rendered":"<p>A Parigi lo sport continua: il 28 agosto al via le Paralimpiadi Bebe Vio spacchetta il materiale in dotazione per le Paralimpiadi: &#8220;I calzini, dritti a mia sorella&#8221; Ironia di Bebe Vio sui social mentre mostra la divisa della nazionale e rivela il contenuto della valigia ai suoi follower con un filmato molto ironico. Tra<\/p>\n","protected":false},"author":23,"featured_media":24999,"comment_status":"closed","ping_status":"open","sticky":false,"template":"","format":"standard","meta":{"footnotes":""},"categories":[48,74],"tags":[],"class_list":["post-24998","post","type-post","status-publish","format-standard","has-post-thumbnail","category-a-tutto-sport","category-rubriche"],"yoast_head":"<!-- This site is optimized with the Yoast SEO plugin v28.3 - https:\/\/yoast.com\/product\/yoast-seo-wordpress\/ -->\n<title>Paralimpiadi 2024 - IPiccoliQuotidiano.it<\/title>\n<meta name=\"robots\" content=\"index, follow, max-snippet:-1, max-image-preview:large, max-video-preview:-1\" \/>\n<link rel=\"canonical\" href=\"https:\/\/www.ipiccoliquotidiano.it\/index.php\/2024\/08\/28\/paralimpiadi-2024\/\" \/>\n<meta property=\"og:locale\" content=\"it_IT\" \/>\n<meta property=\"og:type\" content=\"article\" \/>\n<meta property=\"og:title\" content=\"Paralimpiadi 2024 - IPiccoliQuotidiano.it\" \/>\n<meta property=\"og:description\" content=\"A Parigi lo sport continua: il 28 agosto al via le Paralimpiadi Bebe Vio spacchetta il materiale in dotazione per le Paralimpiadi: &#8220;I calzini, dritti a mia sorella&#8221; Ironia di Bebe Vio sui social mentre mostra la divisa della nazionale e rivela il contenuto della valigia ai suoi follower con un filmato molto ironico. Tra\" \/>\n<meta property=\"og:url\" content=\"https:\/\/www.ipiccoliquotidiano.it\/index.php\/2024\/08\/28\/paralimpiadi-2024\/\" \/>\n<meta property=\"og:site_name\" content=\"IPiccoliQuotidiano.it\" \/>\n<meta property=\"article:publisher\" content=\"https:\/\/www.facebook.com\/ipiccoliquotidiano\" \/>\n<meta property=\"article:published_time\" content=\"2024-08-28T21:59:08+00:00\" \/>\n<meta property=\"og:image\" content=\"https:\/\/www.ipiccoliquotidiano.it\/wp-content\/uploads\/2024\/08\/para1.jpeg\" \/>\n\t<meta property=\"og:image:width\" content=\"1080\" \/>\n\t<meta property=\"og:image:height\" content=\"584\" \/>\n\t<meta property=\"og:image:type\" content=\"image\/jpeg\" \/>\n<meta name=\"author\" content=\"Gina Chiacchiaro\" \/>\n<meta name=\"twitter:card\" content=\"summary_large_image\" \/>\n<meta name=\"twitter:label1\" content=\"Scritto da\" \/>\n\t<meta name=\"twitter:data1\" content=\"Gina Chiacchiaro\" \/>\n\t<meta name=\"twitter:label2\" content=\"Tempo di lettura stimato\" \/>\n\t<meta name=\"twitter:data2\" content=\"1 minuto\" \/>\n<script type=\"application\/ld+json\" class=\"yoast-schema-graph\">{\"@context\":\"https:\\\/\\\/schema.org\",\"@graph\":[{\"@type\":\"Article\",\"@id\":\"https:\\\/\\\/www.ipiccoliquotidiano.it\\\/index.php\\\/2024\\\/08\\\/28\\\/paralimpiadi-2024\\\/#article\",\"isPartOf\":{\"@id\":\"https:\\\/\\\/www.ipiccoliquotidiano.it\\\/index.php\\\/2024\\\/08\\\/28\\\/paralimpiadi-2024\\\/\"},\"author\":{\"name\":\"Gina Chiacchiaro\",\"@id\":\"https:\\\/\\\/www.ipiccoliquotidiano.it\\\/#\\\/schema\\\/person\\\/e33b93e40079fc717202992994f9a60b\"},\"headline\":\"Paralimpiadi 2024\",\"datePublished\":\"2024-08-28T21:59:08+00:00\",\"mainEntityOfPage\":{\"@id\":\"https:\\\/\\\/www.ipiccoliquotidiano.it\\\/index.php\\\/2024\\\/08\\\/28\\\/paralimpiadi-2024\\\/\"},\"wordCount\":247,\"publisher\":{\"@id\":\"https:\\\/\\\/www.ipiccoliquotidiano.it\\\/#organization\"},\"image\":{\"@id\":\"https:\\\/\\\/www.ipiccoliquotidiano.it\\\/index.php\\\/2024\\\/08\\\/28\\\/paralimpiadi-2024\\\/#primaryimage\"},\"thumbnailUrl\":\"https:\\\/\\\/www.ipiccoliquotidiano.it\\\/wp-content\\\/uploads\\\/2024\\\/08\\\/para1.jpeg\",\"articleSection\":[\"A tutto sport\",\"Rubriche\"],\"inLanguage\":\"it-IT\"},{\"@type\":\"WebPage\",\"@id\":\"https:\\\/\\\/www.ipiccoliquotidiano.it\\\/index.php\\\/2024\\\/08\\\/28\\\/paralimpiadi-2024\\\/\",\"url\":\"https:\\\/\\\/www.ipiccoliquotidiano.it\\\/index.php\\\/2024\\\/08\\\/28\\\/paralimpiadi-2024\\\/\",\"name\":\"Paralimpiadi 2024 - IPiccoliQuotidiano.it\",\"isPartOf\":{\"@id\":\"https:\\\/\\\/www.ipiccoliquotidiano.it\\\/#website\"},\"primaryImageOfPage\":{\"@id\":\"https:\\\/\\\/www.ipiccoliquotidiano.it\\\/index.php\\\/2024\\\/08\\\/28\\\/paralimpiadi-2024\\\/#primaryimage\"},\"image\":{\"@id\":\"https:\\\/\\\/www.ipiccoliquotidiano.it\\\/index.php\\\/2024\\\/08\\\/28\\\/paralimpiadi-2024\\\/#primaryimage\"},\"thumbnailUrl\":\"https:\\\/\\\/www.ipiccoliquotidiano.it\\\/wp-content\\\/uploads\\\/2024\\\/08\\\/para1.jpeg\",\"datePublished\":\"2024-08-28T21:59:08+00:00\",\"breadcrumb\":{\"@id\":\"https:\\\/\\\/www.ipiccoliquotidiano.it\\\/index.php\\\/2024\\\/08\\\/28\\\/paralimpiadi-2024\\\/#breadcrumb\"},\"inLanguage\":\"it-IT\",\"potentialAction\":[{\"@type\":\"ReadAction\",\"target\":[\"https:\\\/\\\/www.ipiccoliquotidiano.it\\\/index.php\\\/2024\\\/08\\\/28\\\/paralimpiadi-2024\\\/\"]}]},{\"@type\":\"ImageObject\",\"inLanguage\":\"it-IT\",\"@id\":\"https:\\\/\\\/www.ipiccoliquotidiano.it\\\/index.php\\\/2024\\\/08\\\/28\\\/paralimpiadi-2024\\\/#primaryimage\",\"url\":\"https:\\\/\\\/www.ipiccoliquotidiano.it\\\/wp-content\\\/uploads\\\/2024\\\/08\\\/para1.jpeg\",\"contentUrl\":\"https:\\\/\\\/www.ipiccoliquotidiano.it\\\/wp-content\\\/uploads\\\/2024\\\/08\\\/para1.jpeg\",\"width\":1080,\"height\":584},{\"@type\":\"BreadcrumbList\",\"@id\":\"https:\\\/\\\/www.ipiccoliquotidiano.it\\\/index.php\\\/2024\\\/08\\\/28\\\/paralimpiadi-2024\\\/#breadcrumb\",\"itemListElement\":[{\"@type\":\"ListItem\",\"position\":1,\"name\":\"Home\",\"item\":\"https:\\\/\\\/www.ipiccoliquotidiano.it\\\/\"},{\"@type\":\"ListItem\",\"position\":2,\"name\":\"Paralimpiadi 2024\"}]},{\"@type\":\"WebSite\",\"@id\":\"https:\\\/\\\/www.ipiccoliquotidiano.it\\\/#website\",\"url\":\"https:\\\/\\\/www.ipiccoliquotidiano.it\\\/\",\"name\":\"IPiccoliQuotidiano.it\",\"description\":\"Il Quotidiano dei Piccoli\",\"publisher\":{\"@id\":\"https:\\\/\\\/www.ipiccoliquotidiano.it\\\/#organization\"},\"potentialAction\":[{\"@type\":\"SearchAction\",\"target\":{\"@type\":\"EntryPoint\",\"urlTemplate\":\"https:\\\/\\\/www.ipiccoliquotidiano.it\\\/?s={search_term_string}\"},\"query-input\":{\"@type\":\"PropertyValueSpecification\",\"valueRequired\":true,\"valueName\":\"search_term_string\"}}],\"inLanguage\":\"it-IT\"},{\"@type\":\"Organization\",\"@id\":\"https:\\\/\\\/www.ipiccoliquotidiano.it\\\/#organization\",\"name\":\"IPiccoliQuotidiano.it\",\"url\":\"https:\\\/\\\/www.ipiccoliquotidiano.it\\\/\",\"logo\":{\"@type\":\"ImageObject\",\"inLanguage\":\"it-IT\",\"@id\":\"https:\\\/\\\/www.ipiccoliquotidiano.it\\\/#\\\/schema\\\/logo\\\/image\\\/\",\"url\":\"https:\\\/\\\/www.ipiccoliquotidiano.it\\\/wp-content\\\/uploads\\\/2024\\\/05\\\/ipiccoli-logo.jpg\",\"contentUrl\":\"https:\\\/\\\/www.ipiccoliquotidiano.it\\\/wp-content\\\/uploads\\\/2024\\\/05\\\/ipiccoli-logo.jpg\",\"width\":300,\"height\":129,\"caption\":\"IPiccoliQuotidiano.it\"},\"image\":{\"@id\":\"https:\\\/\\\/www.ipiccoliquotidiano.it\\\/#\\\/schema\\\/logo\\\/image\\\/\"},\"sameAs\":[\"https:\\\/\\\/www.facebook.com\\\/ipiccoliquotidiano\"]},{\"@type\":\"Person\",\"@id\":\"https:\\\/\\\/www.ipiccoliquotidiano.it\\\/#\\\/schema\\\/person\\\/e33b93e40079fc717202992994f9a60b\",\"name\":\"Gina Chiacchiaro\",\"description\":\"Anna Maria Chiacchiaro, per tutti Gina! Sono una donna di 65 anni che ha sempre mostrato interesse per la vita sotto ogni sua forma. Sono stata figlia di due splendidi genitori, sono moglie sposata ad un uomo da 43 anni e ancora felice di esserlo, sono madre di due figli quarantenni, e nonna di simpatici nipoti. Insegnante di scuola elementare per 38 anni, impegnata a Varese dal 1978 fino al 1993 e poi a Roccadaspide, il comune dove sono nata, dove mi sono trasferita con la mia famiglia. Sono giornalista pubblicista da 20 anni, ideatrice e direttrice editoriale de \u201cI Piccoli\u201d, un giornale destinato ai bambini in et\u00e0 scolare da 6 a 11 anni, che ha raggiunto la maggiore et\u00e0 passando per varie fasi e vivendo tutti i cambiamenti che l\u2019ultimo ventennio ci ha regalato!\",\"url\":\"https:\\\/\\\/www.ipiccoliquotidiano.it\\\/index.php\\\/author\\\/gina-chiacchiaro\\\/\"}]}<\/script>\n<!-- \/ Yoast SEO plugin. -->","yoast_head_json":{"title":"Paralimpiadi 2024 - IPiccoliQuotidiano.it","robots":{"index":"index","follow":"follow","max-snippet":"max-snippet:-1","max-image-preview":"max-image-preview:large","max-video-preview":"max-video-preview:-1"},"canonical":"https:\/\/www.ipiccoliquotidiano.it\/index.php\/2024\/08\/28\/paralimpiadi-2024\/","og_locale":"it_IT","og_type":"article","og_title":"Paralimpiadi 2024 - IPiccoliQuotidiano.it","og_description":"A Parigi lo sport continua: il 28 agosto al via le Paralimpiadi Bebe Vio spacchetta il materiale in dotazione per le Paralimpiadi: &#8220;I calzini, dritti a mia sorella&#8221; Ironia di Bebe Vio sui social mentre mostra la divisa della nazionale e rivela il contenuto della valigia ai suoi follower con un filmato molto ironico. Tra","og_url":"https:\/\/www.ipiccoliquotidiano.it\/index.php\/2024\/08\/28\/paralimpiadi-2024\/","og_site_name":"IPiccoliQuotidiano.it","article_publisher":"https:\/\/www.facebook.com\/ipiccoliquotidiano","article_published_time":"2024-08-28T21:59:08+00:00","og_image":[{"width":1080,"height":584,"url":"https:\/\/www.ipiccoliquotidiano.it\/wp-content\/uploads\/2024\/08\/para1.jpeg","type":"image\/jpeg"}],"author":"Gina Chiacchiaro","twitter_card":"summary_large_image","twitter_misc":{"Scritto da":"Gina Chiacchiaro","Tempo di lettura stimato":"1 minuto"},"schema":{"@context":"https:\/\/schema.org","@graph":[{"@type":"Article","@id":"https:\/\/www.ipiccoliquotidiano.it\/index.php\/2024\/08\/28\/paralimpiadi-2024\/#article","isPartOf":{"@id":"https:\/\/www.ipiccoliquotidiano.it\/index.php\/2024\/08\/28\/paralimpiadi-2024\/"},"author":{"name":"Gina Chiacchiaro","@id":"https:\/\/www.ipiccoliquotidiano.it\/#\/schema\/person\/e33b93e40079fc717202992994f9a60b"},"headline":"Paralimpiadi 2024","datePublished":"2024-08-28T21:59:08+00:00","mainEntityOfPage":{"@id":"https:\/\/www.ipiccoliquotidiano.it\/index.php\/2024\/08\/28\/paralimpiadi-2024\/"},"wordCount":247,"publisher":{"@id":"https:\/\/www.ipiccoliquotidiano.it\/#organization"},"image":{"@id":"https:\/\/www.ipiccoliquotidiano.it\/index.php\/2024\/08\/28\/paralimpiadi-2024\/#primaryimage"},"thumbnailUrl":"https:\/\/www.ipiccoliquotidiano.it\/wp-content\/uploads\/2024\/08\/para1.jpeg","articleSection":["A tutto sport","Rubriche"],"inLanguage":"it-IT"},{"@type":"WebPage","@id":"https:\/\/www.ipiccoliquotidiano.it\/index.php\/2024\/08\/28\/paralimpiadi-2024\/","url":"https:\/\/www.ipiccoliquotidiano.it\/index.php\/2024\/08\/28\/paralimpiadi-2024\/","name":"Paralimpiadi 2024 - IPiccoliQuotidiano.it","isPartOf":{"@id":"https:\/\/www.ipiccoliquotidiano.it\/#website"},"primaryImageOfPage":{"@id":"https:\/\/www.ipiccoliquotidiano.it\/index.php\/2024\/08\/28\/paralimpiadi-2024\/#primaryimage"},"image":{"@id":"https:\/\/www.ipiccoliquotidiano.it\/index.php\/2024\/08\/28\/paralimpiadi-2024\/#primaryimage"},"thumbnailUrl":"https:\/\/www.ipiccoliquotidiano.it\/wp-content\/uploads\/2024\/08\/para1.jpeg","datePublished":"2024-08-28T21:59:08+00:00","breadcrumb":{"@id":"https:\/\/www.ipiccoliquotidiano.it\/index.php\/2024\/08\/28\/paralimpiadi-2024\/#breadcrumb"},"inLanguage":"it-IT","potentialAction":[{"@type":"ReadAction","target":["https:\/\/www.ipiccoliquotidiano.it\/index.php\/2024\/08\/28\/paralimpiadi-2024\/"]}]},{"@type":"ImageObject","inLanguage":"it-IT","@id":"https:\/\/www.ipiccoliquotidiano.it\/index.php\/2024\/08\/28\/paralimpiadi-2024\/#primaryimage","url":"https:\/\/www.ipiccoliquotidiano.it\/wp-content\/uploads\/2024\/08\/para1.jpeg","contentUrl":"https:\/\/www.ipiccoliquotidiano.it\/wp-content\/uploads\/2024\/08\/para1.jpeg","width":1080,"height":584},{"@type":"BreadcrumbList","@id":"https:\/\/www.ipiccoliquotidiano.it\/index.php\/2024\/08\/28\/paralimpiadi-2024\/#breadcrumb","itemListElement":[{"@type":"ListItem","position":1,"name":"Home","item":"https:\/\/www.ipiccoliquotidiano.it\/"},{"@type":"ListItem","position":2,"name":"Paralimpiadi 2024"}]},{"@type":"WebSite","@id":"https:\/\/www.ipiccoliquotidiano.it\/#website","url":"https:\/\/www.ipiccoliquotidiano.it\/","name":"IPiccoliQuotidiano.it","description":"Il Quotidiano dei Piccoli","publisher":{"@id":"https:\/\/www.ipiccoliquotidiano.it\/#organization"},"potentialAction":[{"@type":"SearchAction","target":{"@type":"EntryPoint","urlTemplate":"https:\/\/www.ipiccoliquotidiano.it\/?s={search_term_string}"},"query-input":{"@type":"PropertyValueSpecification","valueRequired":true,"valueName":"search_term_string"}}],"inLanguage":"it-IT"},{"@type":"Organization","@id":"https:\/\/www.ipiccoliquotidiano.it\/#organization","name":"IPiccoliQuotidiano.it","url":"https:\/\/www.ipiccoliquotidiano.it\/","logo":{"@type":"ImageObject","inLanguage":"it-IT","@id":"https:\/\/www.ipiccoliquotidiano.it\/#\/schema\/logo\/image\/","url":"https:\/\/www.ipiccoliquotidiano.it\/wp-content\/uploads\/2024\/05\/ipiccoli-logo.jpg","contentUrl":"https:\/\/www.ipiccoliquotidiano.it\/wp-content\/uploads\/2024\/05\/ipiccoli-logo.jpg","width":300,"height":129,"caption":"IPiccoliQuotidiano.it"},"image":{"@id":"https:\/\/www.ipiccoliquotidiano.it\/#\/schema\/logo\/image\/"},"sameAs":["https:\/\/www.facebook.com\/ipiccoliquotidiano"]},{"@type":"Person","@id":"https:\/\/www.ipiccoliquotidiano.it\/#\/schema\/person\/e33b93e40079fc717202992994f9a60b","name":"Gina Chiacchiaro","description":"Anna Maria Chiacchiaro, per tutti Gina! Sono una donna di 65 anni che ha sempre mostrato interesse per la vita sotto ogni sua forma. Sono stata figlia di due splendidi genitori, sono moglie sposata ad un uomo da 43 anni e ancora felice di esserlo, sono madre di due figli quarantenni, e nonna di simpatici nipoti. Insegnante di scuola elementare per 38 anni, impegnata a Varese dal 1978 fino al 1993 e poi a Roccadaspide, il comune dove sono nata, dove mi sono trasferita con la mia famiglia. Sono giornalista pubblicista da 20 anni, ideatrice e direttrice editoriale de \u201cI Piccoli\u201d, un giornale destinato ai bambini in et\u00e0 scolare da 6 a 11 anni, che ha raggiunto la maggiore et\u00e0 passando per varie fasi e vivendo tutti i cambiamenti che l\u2019ultimo ventennio ci ha regalato!","url":"https:\/\/www.ipiccoliquotidiano.it\/index.php\/author\/gina-chiacchiaro\/"}]}},"_links":{"self":[{"href":"https:\/\/www.ipiccoliquotidiano.it\/index.php\/wp-json\/wp\/v2\/posts\/24998","targetHints":{"allow":["GET"]}}],"collection":[{"href":"https:\/\/www.ipiccoliquotidiano.it\/index.php\/wp-json\/wp\/v2\/posts"}],"about":[{"href":"https:\/\/www.ipiccoliquotidiano.it\/index.php\/wp-json\/wp\/v2\/types\/post"}],"author":[{"embeddable":true,"href":"https:\/\/www.ipiccoliquotidiano.it\/index.php\/wp-json\/wp\/v2\/users\/23"}],"replies":[{"embeddable":true,"href":"https:\/\/www.ipiccoliquotidiano.it\/index.php\/wp-json\/wp\/v2\/comments?post=24998"}],"version-history":[{"count":1,"href":"https:\/\/www.ipiccoliquotidiano.it\/index.php\/wp-json\/wp\/v2\/posts\/24998\/revisions"}],"predecessor-version":[{"id":25001,"href":"https:\/\/www.ipiccoliquotidiano.it\/index.php\/wp-json\/wp\/v2\/posts\/24998\/revisions\/25001"}],"wp:featuredmedia":[{"embeddable":true,"href":"https:\/\/www.ipiccoliquotidiano.it\/index.php\/wp-json\/wp\/v2\/media\/24999"}],"wp:attachment":[{"href":"https:\/\/www.ipiccoliquotidiano.it\/index.php\/wp-json\/wp\/v2\/media?parent=24998"}],"wp:term":[{"taxonomy":"category","embeddable":true,"href":"https:\/\/www.ipiccoliquotidiano.it\/index.php\/wp-json\/wp\/v2\/categories?post=24998"},{"taxonomy":"post_tag","embeddable":true,"href":"https:\/\/www.ipiccoliquotidiano.it\/index.php\/wp-json\/wp\/v2\/tags?post=24998"}],"curies":[{"name":"wp","href":"https:\/\/api.w.org\/{rel}","templated":true}]}}