{"id":23628,"date":"2022-07-22T00:00:00","date_gmt":"2022-07-22T00:00:00","guid":{"rendered":"https:\/\/www.ipiccoliquotidiano.it\/index.php\/2022\/07\/22\/il-napoli-saluta-kalidou-koulibaly-il-senegalese-andra-al-chelsea\/"},"modified":"2022-07-22T00:00:00","modified_gmt":"2022-07-22T00:00:00","slug":"il-napoli-saluta-kalidou-koulibaly-il-senegalese-andra-al-chelsea","status":"publish","type":"post","link":"https:\/\/www.ipiccoliquotidiano.it\/index.php\/2022\/07\/22\/il-napoli-saluta-kalidou-koulibaly-il-senegalese-andra-al-chelsea\/","title":{"rendered":"Il Napoli saluta Kalidou Koulibaly, il senegalese andr\u00e0 al Chelsea"},"content":{"rendered":"<p>Mentre squadre come l\u2019Inter, la Juventus, il Milan e addirittura la Lazio sembrano rinforzarsi o, quantomeno, consolidarsi, il Napoli perde un altro dei suoi pilastri portanti.<\/p>\n<p>Kalidou Koulibaly era atteso al solito ritiro prestagione di Dimaro, in Trentino, dai tifosi e dallo staff, ma il senegalese non \u00e8 arrivato. Nella giornata di Mercoled\u00ec, come riportato dal giornalista di Sky Sport, Gianluca Di Marzio, si sarebbe perfezionata la trattativa tra il Napoli e il Chelsea per il cartellino del giocatore, in scadenza il prossimo anno. Alla squadra di Aurelio De Laurentiis andranno 40 milioni, mentre per il giocatore si parla di 10 milioni per 5 anni.<\/p>\n<p>Nella stessa giornata infatti, Koulibaly sarebbe atterrato a Londra, pronto per svolgere le ordinarie visite mediche, per poi raggiungere i futuri compagni di squadra a Los Angeles.<\/p>\n<p>Dopo il doloroso addio di Lorenzo Insigne, adesso il popolo napoletano si prepara ad affrontare l\u2019altrettanto dolorosa partenza di uno dei migliori difensori del panorama mondiale. I tentativi di rinnovo non sono bastati per trattenere un giocatore che probabilmente era diventato troppo forte per non aspirare a qualcosa di pi\u00f9 grande.<\/p>\n<p>Al Napoli dal 2014, K.K. ha collezionato pi\u00f9 di 200 presenza in maglia azzurra, in un percorso in continua ascesa, arrivando tra i top di reparto in Europa e non solo.<\/p>\n<p>Ora toccher\u00e0 alla dirigenza partenopea colmare un buco che comunque rimarr\u00e0 incolmabile, vista l\u2019importanza assunta in questi anni dal giocatore. Alcune fonti parlano di diversi centrali fra quali, il pi\u00f9 gettonato, Francesco Acerbi, dalla Lazio, ma nel calciomercato le sorprese sono sempre dietro l\u2019angolo. Da non dimenticare anche la situazione riguardante Dries Mertens, il cui destino sembra essere ancora ignoto.<\/p>\n<p>Al mister, Luciano Spalletti, spetter\u00e0 quindi l\u2019ardito compito di ricostruire una squadra e ridare identit\u00e0 ad un gruppo che, per il momento, ha perso i suoi leader pi\u00f9 carismatici, ma solo il tempo ci dar\u00e0 pi\u00f9 risposte.<\/p>\n","protected":false},"excerpt":{"rendered":"<p>Mentre squadre come l\u2019Inter, la Juventus, il Milan e addirittura la Lazio sembrano rinforzarsi o, quantomeno, consolidarsi, il Napoli perde un altro dei suoi pilastri portanti. Kalidou Koulibaly era atteso al solito ritiro prestagione di Dimaro, in Trentino, dai tifosi e dallo staff, ma il senegalese non \u00e8 arrivato. Nella giornata di Mercoled\u00ec, come riportato<\/p>\n","protected":false},"author":37,"featured_media":23629,"comment_status":"closed","ping_status":"closed","sticky":false,"template":"","format":"standard","meta":{"footnotes":""},"categories":[48],"tags":[],"class_list":["post-23628","post","type-post","status-publish","format-standard","has-post-thumbnail","category-a-tutto-sport"],"yoast_head":"<!-- This site is optimized with the Yoast SEO plugin v28.3 - https:\/\/yoast.com\/product\/yoast-seo-wordpress\/ -->\n<title>Il Napoli saluta Kalidou Koulibaly, il senegalese andr\u00e0 al Chelsea - IPiccoliQuotidiano.it<\/title>\n<meta name=\"robots\" content=\"index, follow, max-snippet:-1, max-image-preview:large, max-video-preview:-1\" \/>\n<link rel=\"canonical\" href=\"https:\/\/www.ipiccoliquotidiano.it\/index.php\/2022\/07\/22\/il-napoli-saluta-kalidou-koulibaly-il-senegalese-andra-al-chelsea\/\" \/>\n<meta property=\"og:locale\" content=\"it_IT\" \/>\n<meta property=\"og:type\" content=\"article\" \/>\n<meta property=\"og:title\" content=\"Il Napoli saluta Kalidou Koulibaly, il senegalese andr\u00e0 al Chelsea - IPiccoliQuotidiano.it\" \/>\n<meta property=\"og:description\" content=\"Mentre squadre come l\u2019Inter, la Juventus, il Milan e addirittura la Lazio sembrano rinforzarsi o, quantomeno, consolidarsi, il Napoli perde un altro dei suoi pilastri portanti. Kalidou Koulibaly era atteso al solito ritiro prestagione di Dimaro, in Trentino, dai tifosi e dallo staff, ma il senegalese non \u00e8 arrivato. Nella giornata di Mercoled\u00ec, come riportato\" \/>\n<meta property=\"og:url\" content=\"https:\/\/www.ipiccoliquotidiano.it\/index.php\/2022\/07\/22\/il-napoli-saluta-kalidou-koulibaly-il-senegalese-andra-al-chelsea\/\" \/>\n<meta property=\"og:site_name\" content=\"IPiccoliQuotidiano.it\" \/>\n<meta property=\"article:publisher\" content=\"https:\/\/www.facebook.com\/ipiccoliquotidiano\" \/>\n<meta property=\"article:published_time\" content=\"2022-07-22T00:00:00+00:00\" \/>\n<meta property=\"og:image\" content=\"https:\/\/www.ipiccoliquotidiano.it\/wp-content\/uploads\/2024\/05\/1ba5b1_Koulibaly_foto_HomeIm_800x400-1.jpg\" \/>\n\t<meta property=\"og:image:width\" content=\"800\" \/>\n\t<meta property=\"og:image:height\" content=\"400\" \/>\n\t<meta property=\"og:image:type\" content=\"image\/jpeg\" \/>\n<meta name=\"author\" content=\"Redazione\" \/>\n<meta name=\"twitter:card\" content=\"summary_large_image\" \/>\n<meta name=\"twitter:label1\" content=\"Scritto da\" \/>\n\t<meta name=\"twitter:data1\" content=\"Redazione\" \/>\n\t<meta name=\"twitter:label2\" content=\"Tempo di lettura stimato\" \/>\n\t<meta name=\"twitter:data2\" content=\"2 minuti\" \/>\n<script type=\"application\/ld+json\" class=\"yoast-schema-graph\">{\"@context\":\"https:\\\/\\\/schema.org\",\"@graph\":[{\"@type\":\"Article\",\"@id\":\"https:\\\/\\\/www.ipiccoliquotidiano.it\\\/index.php\\\/2022\\\/07\\\/22\\\/il-napoli-saluta-kalidou-koulibaly-il-senegalese-andra-al-chelsea\\\/#article\",\"isPartOf\":{\"@id\":\"https:\\\/\\\/www.ipiccoliquotidiano.it\\\/index.php\\\/2022\\\/07\\\/22\\\/il-napoli-saluta-kalidou-koulibaly-il-senegalese-andra-al-chelsea\\\/\"},\"author\":{\"name\":\"Redazione\",\"@id\":\"https:\\\/\\\/www.ipiccoliquotidiano.it\\\/#\\\/schema\\\/person\\\/aa217f3cf90bae1bf2bd5e7c00b2d4c4\"},\"headline\":\"Il Napoli saluta Kalidou Koulibaly, il senegalese andr\u00e0 al Chelsea\",\"datePublished\":\"2022-07-22T00:00:00+00:00\",\"mainEntityOfPage\":{\"@id\":\"https:\\\/\\\/www.ipiccoliquotidiano.it\\\/index.php\\\/2022\\\/07\\\/22\\\/il-napoli-saluta-kalidou-koulibaly-il-senegalese-andra-al-chelsea\\\/\"},\"wordCount\":321,\"publisher\":{\"@id\":\"https:\\\/\\\/www.ipiccoliquotidiano.it\\\/#organization\"},\"image\":{\"@id\":\"https:\\\/\\\/www.ipiccoliquotidiano.it\\\/index.php\\\/2022\\\/07\\\/22\\\/il-napoli-saluta-kalidou-koulibaly-il-senegalese-andra-al-chelsea\\\/#primaryimage\"},\"thumbnailUrl\":\"https:\\\/\\\/www.ipiccoliquotidiano.it\\\/wp-content\\\/uploads\\\/2024\\\/05\\\/1ba5b1_Koulibaly_foto_HomeIm_800x400-1.jpg\",\"articleSection\":[\"A tutto sport\"],\"inLanguage\":\"it-IT\"},{\"@type\":\"WebPage\",\"@id\":\"https:\\\/\\\/www.ipiccoliquotidiano.it\\\/index.php\\\/2022\\\/07\\\/22\\\/il-napoli-saluta-kalidou-koulibaly-il-senegalese-andra-al-chelsea\\\/\",\"url\":\"https:\\\/\\\/www.ipiccoliquotidiano.it\\\/index.php\\\/2022\\\/07\\\/22\\\/il-napoli-saluta-kalidou-koulibaly-il-senegalese-andra-al-chelsea\\\/\",\"name\":\"Il Napoli saluta Kalidou Koulibaly, il senegalese andr\u00e0 al Chelsea - IPiccoliQuotidiano.it\",\"isPartOf\":{\"@id\":\"https:\\\/\\\/www.ipiccoliquotidiano.it\\\/#website\"},\"primaryImageOfPage\":{\"@id\":\"https:\\\/\\\/www.ipiccoliquotidiano.it\\\/index.php\\\/2022\\\/07\\\/22\\\/il-napoli-saluta-kalidou-koulibaly-il-senegalese-andra-al-chelsea\\\/#primaryimage\"},\"image\":{\"@id\":\"https:\\\/\\\/www.ipiccoliquotidiano.it\\\/index.php\\\/2022\\\/07\\\/22\\\/il-napoli-saluta-kalidou-koulibaly-il-senegalese-andra-al-chelsea\\\/#primaryimage\"},\"thumbnailUrl\":\"https:\\\/\\\/www.ipiccoliquotidiano.it\\\/wp-content\\\/uploads\\\/2024\\\/05\\\/1ba5b1_Koulibaly_foto_HomeIm_800x400-1.jpg\",\"datePublished\":\"2022-07-22T00:00:00+00:00\",\"breadcrumb\":{\"@id\":\"https:\\\/\\\/www.ipiccoliquotidiano.it\\\/index.php\\\/2022\\\/07\\\/22\\\/il-napoli-saluta-kalidou-koulibaly-il-senegalese-andra-al-chelsea\\\/#breadcrumb\"},\"inLanguage\":\"it-IT\",\"potentialAction\":[{\"@type\":\"ReadAction\",\"target\":[\"https:\\\/\\\/www.ipiccoliquotidiano.it\\\/index.php\\\/2022\\\/07\\\/22\\\/il-napoli-saluta-kalidou-koulibaly-il-senegalese-andra-al-chelsea\\\/\"]}]},{\"@type\":\"ImageObject\",\"inLanguage\":\"it-IT\",\"@id\":\"https:\\\/\\\/www.ipiccoliquotidiano.it\\\/index.php\\\/2022\\\/07\\\/22\\\/il-napoli-saluta-kalidou-koulibaly-il-senegalese-andra-al-chelsea\\\/#primaryimage\",\"url\":\"https:\\\/\\\/www.ipiccoliquotidiano.it\\\/wp-content\\\/uploads\\\/2024\\\/05\\\/1ba5b1_Koulibaly_foto_HomeIm_800x400-1.jpg\",\"contentUrl\":\"https:\\\/\\\/www.ipiccoliquotidiano.it\\\/wp-content\\\/uploads\\\/2024\\\/05\\\/1ba5b1_Koulibaly_foto_HomeIm_800x400-1.jpg\",\"width\":800,\"height\":400},{\"@type\":\"BreadcrumbList\",\"@id\":\"https:\\\/\\\/www.ipiccoliquotidiano.it\\\/index.php\\\/2022\\\/07\\\/22\\\/il-napoli-saluta-kalidou-koulibaly-il-senegalese-andra-al-chelsea\\\/#breadcrumb\",\"itemListElement\":[{\"@type\":\"ListItem\",\"position\":1,\"name\":\"Home\",\"item\":\"https:\\\/\\\/www.ipiccoliquotidiano.it\\\/\"},{\"@type\":\"ListItem\",\"position\":2,\"name\":\"Il Napoli saluta Kalidou Koulibaly, il senegalese andr\u00e0 al Chelsea\"}]},{\"@type\":\"WebSite\",\"@id\":\"https:\\\/\\\/www.ipiccoliquotidiano.it\\\/#website\",\"url\":\"https:\\\/\\\/www.ipiccoliquotidiano.it\\\/\",\"name\":\"IPiccoliQuotidiano.it\",\"description\":\"Il Quotidiano dei Piccoli\",\"publisher\":{\"@id\":\"https:\\\/\\\/www.ipiccoliquotidiano.it\\\/#organization\"},\"potentialAction\":[{\"@type\":\"SearchAction\",\"target\":{\"@type\":\"EntryPoint\",\"urlTemplate\":\"https:\\\/\\\/www.ipiccoliquotidiano.it\\\/?s={search_term_string}\"},\"query-input\":{\"@type\":\"PropertyValueSpecification\",\"valueRequired\":true,\"valueName\":\"search_term_string\"}}],\"inLanguage\":\"it-IT\"},{\"@type\":\"Organization\",\"@id\":\"https:\\\/\\\/www.ipiccoliquotidiano.it\\\/#organization\",\"name\":\"IPiccoliQuotidiano.it\",\"url\":\"https:\\\/\\\/www.ipiccoliquotidiano.it\\\/\",\"logo\":{\"@type\":\"ImageObject\",\"inLanguage\":\"it-IT\",\"@id\":\"https:\\\/\\\/www.ipiccoliquotidiano.it\\\/#\\\/schema\\\/logo\\\/image\\\/\",\"url\":\"https:\\\/\\\/www.ipiccoliquotidiano.it\\\/wp-content\\\/uploads\\\/2024\\\/05\\\/ipiccoli-logo.jpg\",\"contentUrl\":\"https:\\\/\\\/www.ipiccoliquotidiano.it\\\/wp-content\\\/uploads\\\/2024\\\/05\\\/ipiccoli-logo.jpg\",\"width\":300,\"height\":129,\"caption\":\"IPiccoliQuotidiano.it\"},\"image\":{\"@id\":\"https:\\\/\\\/www.ipiccoliquotidiano.it\\\/#\\\/schema\\\/logo\\\/image\\\/\"},\"sameAs\":[\"https:\\\/\\\/www.facebook.com\\\/ipiccoliquotidiano\"]},{\"@type\":\"Person\",\"@id\":\"https:\\\/\\\/www.ipiccoliquotidiano.it\\\/#\\\/schema\\\/person\\\/aa217f3cf90bae1bf2bd5e7c00b2d4c4\",\"name\":\"Redazione\",\"url\":\"https:\\\/\\\/www.ipiccoliquotidiano.it\\\/index.php\\\/author\\\/redazione\\\/\"}]}<\/script>\n<!-- \/ Yoast SEO plugin. -->","yoast_head_json":{"title":"Il Napoli saluta Kalidou Koulibaly, il senegalese andr\u00e0 al Chelsea - IPiccoliQuotidiano.it","robots":{"index":"index","follow":"follow","max-snippet":"max-snippet:-1","max-image-preview":"max-image-preview:large","max-video-preview":"max-video-preview:-1"},"canonical":"https:\/\/www.ipiccoliquotidiano.it\/index.php\/2022\/07\/22\/il-napoli-saluta-kalidou-koulibaly-il-senegalese-andra-al-chelsea\/","og_locale":"it_IT","og_type":"article","og_title":"Il Napoli saluta Kalidou Koulibaly, il senegalese andr\u00e0 al Chelsea - IPiccoliQuotidiano.it","og_description":"Mentre squadre come l\u2019Inter, la Juventus, il Milan e addirittura la Lazio sembrano rinforzarsi o, quantomeno, consolidarsi, il Napoli perde un altro dei suoi pilastri portanti. Kalidou Koulibaly era atteso al solito ritiro prestagione di Dimaro, in Trentino, dai tifosi e dallo staff, ma il senegalese non \u00e8 arrivato. Nella giornata di Mercoled\u00ec, come riportato","og_url":"https:\/\/www.ipiccoliquotidiano.it\/index.php\/2022\/07\/22\/il-napoli-saluta-kalidou-koulibaly-il-senegalese-andra-al-chelsea\/","og_site_name":"IPiccoliQuotidiano.it","article_publisher":"https:\/\/www.facebook.com\/ipiccoliquotidiano","article_published_time":"2022-07-22T00:00:00+00:00","og_image":[{"width":800,"height":400,"url":"https:\/\/www.ipiccoliquotidiano.it\/wp-content\/uploads\/2024\/05\/1ba5b1_Koulibaly_foto_HomeIm_800x400-1.jpg","type":"image\/jpeg"}],"author":"Redazione","twitter_card":"summary_large_image","twitter_misc":{"Scritto da":"Redazione","Tempo di lettura stimato":"2 minuti"},"schema":{"@context":"https:\/\/schema.org","@graph":[{"@type":"Article","@id":"https:\/\/www.ipiccoliquotidiano.it\/index.php\/2022\/07\/22\/il-napoli-saluta-kalidou-koulibaly-il-senegalese-andra-al-chelsea\/#article","isPartOf":{"@id":"https:\/\/www.ipiccoliquotidiano.it\/index.php\/2022\/07\/22\/il-napoli-saluta-kalidou-koulibaly-il-senegalese-andra-al-chelsea\/"},"author":{"name":"Redazione","@id":"https:\/\/www.ipiccoliquotidiano.it\/#\/schema\/person\/aa217f3cf90bae1bf2bd5e7c00b2d4c4"},"headline":"Il Napoli saluta Kalidou Koulibaly, il senegalese andr\u00e0 al Chelsea","datePublished":"2022-07-22T00:00:00+00:00","mainEntityOfPage":{"@id":"https:\/\/www.ipiccoliquotidiano.it\/index.php\/2022\/07\/22\/il-napoli-saluta-kalidou-koulibaly-il-senegalese-andra-al-chelsea\/"},"wordCount":321,"publisher":{"@id":"https:\/\/www.ipiccoliquotidiano.it\/#organization"},"image":{"@id":"https:\/\/www.ipiccoliquotidiano.it\/index.php\/2022\/07\/22\/il-napoli-saluta-kalidou-koulibaly-il-senegalese-andra-al-chelsea\/#primaryimage"},"thumbnailUrl":"https:\/\/www.ipiccoliquotidiano.it\/wp-content\/uploads\/2024\/05\/1ba5b1_Koulibaly_foto_HomeIm_800x400-1.jpg","articleSection":["A tutto sport"],"inLanguage":"it-IT"},{"@type":"WebPage","@id":"https:\/\/www.ipiccoliquotidiano.it\/index.php\/2022\/07\/22\/il-napoli-saluta-kalidou-koulibaly-il-senegalese-andra-al-chelsea\/","url":"https:\/\/www.ipiccoliquotidiano.it\/index.php\/2022\/07\/22\/il-napoli-saluta-kalidou-koulibaly-il-senegalese-andra-al-chelsea\/","name":"Il Napoli saluta Kalidou Koulibaly, il senegalese andr\u00e0 al Chelsea - IPiccoliQuotidiano.it","isPartOf":{"@id":"https:\/\/www.ipiccoliquotidiano.it\/#website"},"primaryImageOfPage":{"@id":"https:\/\/www.ipiccoliquotidiano.it\/index.php\/2022\/07\/22\/il-napoli-saluta-kalidou-koulibaly-il-senegalese-andra-al-chelsea\/#primaryimage"},"image":{"@id":"https:\/\/www.ipiccoliquotidiano.it\/index.php\/2022\/07\/22\/il-napoli-saluta-kalidou-koulibaly-il-senegalese-andra-al-chelsea\/#primaryimage"},"thumbnailUrl":"https:\/\/www.ipiccoliquotidiano.it\/wp-content\/uploads\/2024\/05\/1ba5b1_Koulibaly_foto_HomeIm_800x400-1.jpg","datePublished":"2022-07-22T00:00:00+00:00","breadcrumb":{"@id":"https:\/\/www.ipiccoliquotidiano.it\/index.php\/2022\/07\/22\/il-napoli-saluta-kalidou-koulibaly-il-senegalese-andra-al-chelsea\/#breadcrumb"},"inLanguage":"it-IT","potentialAction":[{"@type":"ReadAction","target":["https:\/\/www.ipiccoliquotidiano.it\/index.php\/2022\/07\/22\/il-napoli-saluta-kalidou-koulibaly-il-senegalese-andra-al-chelsea\/"]}]},{"@type":"ImageObject","inLanguage":"it-IT","@id":"https:\/\/www.ipiccoliquotidiano.it\/index.php\/2022\/07\/22\/il-napoli-saluta-kalidou-koulibaly-il-senegalese-andra-al-chelsea\/#primaryimage","url":"https:\/\/www.ipiccoliquotidiano.it\/wp-content\/uploads\/2024\/05\/1ba5b1_Koulibaly_foto_HomeIm_800x400-1.jpg","contentUrl":"https:\/\/www.ipiccoliquotidiano.it\/wp-content\/uploads\/2024\/05\/1ba5b1_Koulibaly_foto_HomeIm_800x400-1.jpg","width":800,"height":400},{"@type":"BreadcrumbList","@id":"https:\/\/www.ipiccoliquotidiano.it\/index.php\/2022\/07\/22\/il-napoli-saluta-kalidou-koulibaly-il-senegalese-andra-al-chelsea\/#breadcrumb","itemListElement":[{"@type":"ListItem","position":1,"name":"Home","item":"https:\/\/www.ipiccoliquotidiano.it\/"},{"@type":"ListItem","position":2,"name":"Il Napoli saluta Kalidou Koulibaly, il senegalese andr\u00e0 al Chelsea"}]},{"@type":"WebSite","@id":"https:\/\/www.ipiccoliquotidiano.it\/#website","url":"https:\/\/www.ipiccoliquotidiano.it\/","name":"IPiccoliQuotidiano.it","description":"Il Quotidiano dei Piccoli","publisher":{"@id":"https:\/\/www.ipiccoliquotidiano.it\/#organization"},"potentialAction":[{"@type":"SearchAction","target":{"@type":"EntryPoint","urlTemplate":"https:\/\/www.ipiccoliquotidiano.it\/?s={search_term_string}"},"query-input":{"@type":"PropertyValueSpecification","valueRequired":true,"valueName":"search_term_string"}}],"inLanguage":"it-IT"},{"@type":"Organization","@id":"https:\/\/www.ipiccoliquotidiano.it\/#organization","name":"IPiccoliQuotidiano.it","url":"https:\/\/www.ipiccoliquotidiano.it\/","logo":{"@type":"ImageObject","inLanguage":"it-IT","@id":"https:\/\/www.ipiccoliquotidiano.it\/#\/schema\/logo\/image\/","url":"https:\/\/www.ipiccoliquotidiano.it\/wp-content\/uploads\/2024\/05\/ipiccoli-logo.jpg","contentUrl":"https:\/\/www.ipiccoliquotidiano.it\/wp-content\/uploads\/2024\/05\/ipiccoli-logo.jpg","width":300,"height":129,"caption":"IPiccoliQuotidiano.it"},"image":{"@id":"https:\/\/www.ipiccoliquotidiano.it\/#\/schema\/logo\/image\/"},"sameAs":["https:\/\/www.facebook.com\/ipiccoliquotidiano"]},{"@type":"Person","@id":"https:\/\/www.ipiccoliquotidiano.it\/#\/schema\/person\/aa217f3cf90bae1bf2bd5e7c00b2d4c4","name":"Redazione","url":"https:\/\/www.ipiccoliquotidiano.it\/index.php\/author\/redazione\/"}]}},"_links":{"self":[{"href":"https:\/\/www.ipiccoliquotidiano.it\/index.php\/wp-json\/wp\/v2\/posts\/23628","targetHints":{"allow":["GET"]}}],"collection":[{"href":"https:\/\/www.ipiccoliquotidiano.it\/index.php\/wp-json\/wp\/v2\/posts"}],"about":[{"href":"https:\/\/www.ipiccoliquotidiano.it\/index.php\/wp-json\/wp\/v2\/types\/post"}],"author":[{"embeddable":true,"href":"https:\/\/www.ipiccoliquotidiano.it\/index.php\/wp-json\/wp\/v2\/users\/37"}],"replies":[{"embeddable":true,"href":"https:\/\/www.ipiccoliquotidiano.it\/index.php\/wp-json\/wp\/v2\/comments?post=23628"}],"version-history":[{"count":0,"href":"https:\/\/www.ipiccoliquotidiano.it\/index.php\/wp-json\/wp\/v2\/posts\/23628\/revisions"}],"wp:featuredmedia":[{"embeddable":true,"href":"https:\/\/www.ipiccoliquotidiano.it\/index.php\/wp-json\/wp\/v2\/media\/23629"}],"wp:attachment":[{"href":"https:\/\/www.ipiccoliquotidiano.it\/index.php\/wp-json\/wp\/v2\/media?parent=23628"}],"wp:term":[{"taxonomy":"category","embeddable":true,"href":"https:\/\/www.ipiccoliquotidiano.it\/index.php\/wp-json\/wp\/v2\/categories?post=23628"},{"taxonomy":"post_tag","embeddable":true,"href":"https:\/\/www.ipiccoliquotidiano.it\/index.php\/wp-json\/wp\/v2\/tags?post=23628"}],"curies":[{"name":"wp","href":"https:\/\/api.w.org\/{rel}","templated":true}]}}