{"id":23586,"date":"2022-06-25T00:00:00","date_gmt":"2022-06-25T00:00:00","guid":{"rendered":"https:\/\/www.ipiccoliquotidiano.it\/index.php\/2022\/06\/25\/tennis-domani-il-via-alla-135a-edizione-di-wimbledon\/"},"modified":"2022-06-25T00:00:00","modified_gmt":"2022-06-25T00:00:00","slug":"tennis-domani-il-via-alla-135a-edizione-di-wimbledon","status":"publish","type":"post","link":"https:\/\/www.ipiccoliquotidiano.it\/index.php\/2022\/06\/25\/tennis-domani-il-via-alla-135a-edizione-di-wimbledon\/","title":{"rendered":"Tennis, domani il via alla 135\u00aa edizione di Wimbledon"},"content":{"rendered":"<p>Domani, luned\u00ec 27 giugno, partir\u00e0 il torneo di tennis pi\u00f9 prestigioso di tutti: i Championships di Wimbledon.\u00a0<\/p>\n<p>Il torneo pi\u00f9 affascinante tra gli Slam comincer\u00e0 domani per poi finire il 10 luglio.\u00a0<\/p>\n<p>\u00a0<\/p>\n<p>Gli organizzatori del torneo hanno pubblicato ad inizio settimana le 32 teste di serie. Nell\u2019elenco mancheranno tutti i russi e bielorussi, compresi anche Daniil Medvedev, numero uno al mondo, e Andrey Rublev, numero otto.<\/p>\n<p>\u00a0<\/p>\n<p>A guidare il seeding \u00e8 Novak Djokovic, campione in carica e a caccia del suo settimo titolo a Wimbledon, per pareggiare Pete Sampras. Il Numero due \u00e8 invece Rafa Nadal, fresco vincitore del suo 14\u00ba Roland Garros e reduce da un\u2019operazione al piede sinistro a causa della sindrome di M\u00fcller-Weiss. Le sue prestazioni dipenderanno solo dalla forma fisica come ha ammesso egli stesso: \u201cWimbledon? Se il mio corpo me lo permetter\u00e0, ci sar\u00f2\u201d. I due favoriti sono sicuramente loro, ma anche Stefanos Tsitsipas (4\u00aa), Carlas Alcaraz (5\u00aa) e Felic Auger-Aliassime (6\u00aa) sono dei papabili candidati alla vittoria finale.\u00a0<\/p>\n<p>\u00a0<\/p>\n<p>Non mancano gli italiani con Jannik Sinner (10\u00aa), Lorenzo Sonego (28\u00aa), ma soprattutto Matteo Berrettini (8\u00aa). Quest\u2019ultimo ha raggiunto la finale nel 2021, diventando il primo italiano a riuscirci. Negli ultimi mesi, dopo aver superato l\u2019infortunio alla mano destra , ha vinto due tornei consecutivi in preparazione ai Championships: gli ATP 250 di Stoccarda e i 500 del Queens. Berrettini \u00e8 ora pronto a riprovarci fino in fondo, deciso e affamato, sulla superficie dove ha perso solo 6 incontri su 39 partite e dove sente di potersela giocare con chiunque.\u00a0<\/p>\n<p>\u00a0<\/p>\n<p>Per Vincenzo Santopadre, allenatore del tennista romano, Berrettini \u00e8 tra i favoriti alla vittoria finale. \u201c\u00c8 tutto merito della sua straordinaria forza di volont\u00e0, della voglia di migliorarsi. Ancora una volta \u00e8 riuscito a superarsi\u201d, ha detto poi Santopadre dopo la vittoria a Stoccarda<\/p>\n<p>\u00a0<\/p>\n","protected":false},"excerpt":{"rendered":"<p>Domani, luned\u00ec 27 giugno, partir\u00e0 il torneo di tennis pi\u00f9 prestigioso di tutti: i Championships di Wimbledon.\u00a0 Il torneo pi\u00f9 affascinante tra gli Slam comincer\u00e0 domani per poi finire il 10 luglio.\u00a0 \u00a0 Gli organizzatori del torneo hanno pubblicato ad inizio settimana le 32 teste di serie. Nell\u2019elenco mancheranno tutti i russi e bielorussi, compresi<\/p>\n","protected":false},"author":37,"featured_media":23587,"comment_status":"closed","ping_status":"closed","sticky":false,"template":"","format":"standard","meta":{"footnotes":""},"categories":[48],"tags":[],"class_list":["post-23586","post","type-post","status-publish","format-standard","has-post-thumbnail","category-a-tutto-sport"],"yoast_head":"<!-- This site is optimized with the Yoast SEO plugin v28.3 - https:\/\/yoast.com\/product\/yoast-seo-wordpress\/ -->\n<title>Tennis, domani il via alla 135\u00aa edizione di Wimbledon - IPiccoliQuotidiano.it<\/title>\n<meta name=\"robots\" content=\"index, follow, max-snippet:-1, max-image-preview:large, max-video-preview:-1\" \/>\n<link rel=\"canonical\" href=\"https:\/\/www.ipiccoliquotidiano.it\/index.php\/2022\/06\/25\/tennis-domani-il-via-alla-135a-edizione-di-wimbledon\/\" \/>\n<meta property=\"og:locale\" content=\"it_IT\" \/>\n<meta property=\"og:type\" content=\"article\" \/>\n<meta property=\"og:title\" content=\"Tennis, domani il via alla 135\u00aa edizione di Wimbledon - IPiccoliQuotidiano.it\" \/>\n<meta property=\"og:description\" content=\"Domani, luned\u00ec 27 giugno, partir\u00e0 il torneo di tennis pi\u00f9 prestigioso di tutti: i Championships di Wimbledon.\u00a0 Il torneo pi\u00f9 affascinante tra gli Slam comincer\u00e0 domani per poi finire il 10 luglio.\u00a0 \u00a0 Gli organizzatori del torneo hanno pubblicato ad inizio settimana le 32 teste di serie. Nell\u2019elenco mancheranno tutti i russi e bielorussi, compresi\" \/>\n<meta property=\"og:url\" content=\"https:\/\/www.ipiccoliquotidiano.it\/index.php\/2022\/06\/25\/tennis-domani-il-via-alla-135a-edizione-di-wimbledon\/\" \/>\n<meta property=\"og:site_name\" content=\"IPiccoliQuotidiano.it\" \/>\n<meta property=\"article:publisher\" content=\"https:\/\/www.facebook.com\/ipiccoliquotidiano\" \/>\n<meta property=\"article:published_time\" content=\"2022-06-25T00:00:00+00:00\" \/>\n<meta property=\"og:image\" content=\"https:\/\/www.ipiccoliquotidiano.it\/wp-content\/uploads\/2024\/05\/c8e3e2_wimbledon_scaled_HomeIm_800x400-1.jpg\" \/>\n\t<meta property=\"og:image:width\" content=\"800\" \/>\n\t<meta property=\"og:image:height\" content=\"400\" \/>\n\t<meta property=\"og:image:type\" content=\"image\/jpeg\" \/>\n<meta name=\"author\" content=\"Redazione\" \/>\n<meta name=\"twitter:card\" content=\"summary_large_image\" \/>\n<meta name=\"twitter:label1\" content=\"Scritto da\" \/>\n\t<meta name=\"twitter:data1\" content=\"Redazione\" \/>\n\t<meta name=\"twitter:label2\" content=\"Tempo di lettura stimato\" \/>\n\t<meta name=\"twitter:data2\" content=\"1 minuto\" \/>\n<script type=\"application\/ld+json\" class=\"yoast-schema-graph\">{\"@context\":\"https:\\\/\\\/schema.org\",\"@graph\":[{\"@type\":\"Article\",\"@id\":\"https:\\\/\\\/www.ipiccoliquotidiano.it\\\/index.php\\\/2022\\\/06\\\/25\\\/tennis-domani-il-via-alla-135a-edizione-di-wimbledon\\\/#article\",\"isPartOf\":{\"@id\":\"https:\\\/\\\/www.ipiccoliquotidiano.it\\\/index.php\\\/2022\\\/06\\\/25\\\/tennis-domani-il-via-alla-135a-edizione-di-wimbledon\\\/\"},\"author\":{\"name\":\"Redazione\",\"@id\":\"https:\\\/\\\/www.ipiccoliquotidiano.it\\\/#\\\/schema\\\/person\\\/aa217f3cf90bae1bf2bd5e7c00b2d4c4\"},\"headline\":\"Tennis, domani il via alla 135\u00aa edizione di Wimbledon\",\"datePublished\":\"2022-06-25T00:00:00+00:00\",\"mainEntityOfPage\":{\"@id\":\"https:\\\/\\\/www.ipiccoliquotidiano.it\\\/index.php\\\/2022\\\/06\\\/25\\\/tennis-domani-il-via-alla-135a-edizione-di-wimbledon\\\/\"},\"wordCount\":289,\"publisher\":{\"@id\":\"https:\\\/\\\/www.ipiccoliquotidiano.it\\\/#organization\"},\"image\":{\"@id\":\"https:\\\/\\\/www.ipiccoliquotidiano.it\\\/index.php\\\/2022\\\/06\\\/25\\\/tennis-domani-il-via-alla-135a-edizione-di-wimbledon\\\/#primaryimage\"},\"thumbnailUrl\":\"https:\\\/\\\/www.ipiccoliquotidiano.it\\\/wp-content\\\/uploads\\\/2024\\\/05\\\/c8e3e2_wimbledon_scaled_HomeIm_800x400-1.jpg\",\"articleSection\":[\"A tutto sport\"],\"inLanguage\":\"it-IT\"},{\"@type\":\"WebPage\",\"@id\":\"https:\\\/\\\/www.ipiccoliquotidiano.it\\\/index.php\\\/2022\\\/06\\\/25\\\/tennis-domani-il-via-alla-135a-edizione-di-wimbledon\\\/\",\"url\":\"https:\\\/\\\/www.ipiccoliquotidiano.it\\\/index.php\\\/2022\\\/06\\\/25\\\/tennis-domani-il-via-alla-135a-edizione-di-wimbledon\\\/\",\"name\":\"Tennis, domani il via alla 135\u00aa edizione di Wimbledon - IPiccoliQuotidiano.it\",\"isPartOf\":{\"@id\":\"https:\\\/\\\/www.ipiccoliquotidiano.it\\\/#website\"},\"primaryImageOfPage\":{\"@id\":\"https:\\\/\\\/www.ipiccoliquotidiano.it\\\/index.php\\\/2022\\\/06\\\/25\\\/tennis-domani-il-via-alla-135a-edizione-di-wimbledon\\\/#primaryimage\"},\"image\":{\"@id\":\"https:\\\/\\\/www.ipiccoliquotidiano.it\\\/index.php\\\/2022\\\/06\\\/25\\\/tennis-domani-il-via-alla-135a-edizione-di-wimbledon\\\/#primaryimage\"},\"thumbnailUrl\":\"https:\\\/\\\/www.ipiccoliquotidiano.it\\\/wp-content\\\/uploads\\\/2024\\\/05\\\/c8e3e2_wimbledon_scaled_HomeIm_800x400-1.jpg\",\"datePublished\":\"2022-06-25T00:00:00+00:00\",\"breadcrumb\":{\"@id\":\"https:\\\/\\\/www.ipiccoliquotidiano.it\\\/index.php\\\/2022\\\/06\\\/25\\\/tennis-domani-il-via-alla-135a-edizione-di-wimbledon\\\/#breadcrumb\"},\"inLanguage\":\"it-IT\",\"potentialAction\":[{\"@type\":\"ReadAction\",\"target\":[\"https:\\\/\\\/www.ipiccoliquotidiano.it\\\/index.php\\\/2022\\\/06\\\/25\\\/tennis-domani-il-via-alla-135a-edizione-di-wimbledon\\\/\"]}]},{\"@type\":\"ImageObject\",\"inLanguage\":\"it-IT\",\"@id\":\"https:\\\/\\\/www.ipiccoliquotidiano.it\\\/index.php\\\/2022\\\/06\\\/25\\\/tennis-domani-il-via-alla-135a-edizione-di-wimbledon\\\/#primaryimage\",\"url\":\"https:\\\/\\\/www.ipiccoliquotidiano.it\\\/wp-content\\\/uploads\\\/2024\\\/05\\\/c8e3e2_wimbledon_scaled_HomeIm_800x400-1.jpg\",\"contentUrl\":\"https:\\\/\\\/www.ipiccoliquotidiano.it\\\/wp-content\\\/uploads\\\/2024\\\/05\\\/c8e3e2_wimbledon_scaled_HomeIm_800x400-1.jpg\",\"width\":800,\"height\":400},{\"@type\":\"BreadcrumbList\",\"@id\":\"https:\\\/\\\/www.ipiccoliquotidiano.it\\\/index.php\\\/2022\\\/06\\\/25\\\/tennis-domani-il-via-alla-135a-edizione-di-wimbledon\\\/#breadcrumb\",\"itemListElement\":[{\"@type\":\"ListItem\",\"position\":1,\"name\":\"Home\",\"item\":\"https:\\\/\\\/www.ipiccoliquotidiano.it\\\/\"},{\"@type\":\"ListItem\",\"position\":2,\"name\":\"Tennis, domani il via alla 135\u00aa edizione di Wimbledon\"}]},{\"@type\":\"WebSite\",\"@id\":\"https:\\\/\\\/www.ipiccoliquotidiano.it\\\/#website\",\"url\":\"https:\\\/\\\/www.ipiccoliquotidiano.it\\\/\",\"name\":\"IPiccoliQuotidiano.it\",\"description\":\"Il Quotidiano dei Piccoli\",\"publisher\":{\"@id\":\"https:\\\/\\\/www.ipiccoliquotidiano.it\\\/#organization\"},\"potentialAction\":[{\"@type\":\"SearchAction\",\"target\":{\"@type\":\"EntryPoint\",\"urlTemplate\":\"https:\\\/\\\/www.ipiccoliquotidiano.it\\\/?s={search_term_string}\"},\"query-input\":{\"@type\":\"PropertyValueSpecification\",\"valueRequired\":true,\"valueName\":\"search_term_string\"}}],\"inLanguage\":\"it-IT\"},{\"@type\":\"Organization\",\"@id\":\"https:\\\/\\\/www.ipiccoliquotidiano.it\\\/#organization\",\"name\":\"IPiccoliQuotidiano.it\",\"url\":\"https:\\\/\\\/www.ipiccoliquotidiano.it\\\/\",\"logo\":{\"@type\":\"ImageObject\",\"inLanguage\":\"it-IT\",\"@id\":\"https:\\\/\\\/www.ipiccoliquotidiano.it\\\/#\\\/schema\\\/logo\\\/image\\\/\",\"url\":\"https:\\\/\\\/www.ipiccoliquotidiano.it\\\/wp-content\\\/uploads\\\/2024\\\/05\\\/ipiccoli-logo.jpg\",\"contentUrl\":\"https:\\\/\\\/www.ipiccoliquotidiano.it\\\/wp-content\\\/uploads\\\/2024\\\/05\\\/ipiccoli-logo.jpg\",\"width\":300,\"height\":129,\"caption\":\"IPiccoliQuotidiano.it\"},\"image\":{\"@id\":\"https:\\\/\\\/www.ipiccoliquotidiano.it\\\/#\\\/schema\\\/logo\\\/image\\\/\"},\"sameAs\":[\"https:\\\/\\\/www.facebook.com\\\/ipiccoliquotidiano\"]},{\"@type\":\"Person\",\"@id\":\"https:\\\/\\\/www.ipiccoliquotidiano.it\\\/#\\\/schema\\\/person\\\/aa217f3cf90bae1bf2bd5e7c00b2d4c4\",\"name\":\"Redazione\",\"url\":\"https:\\\/\\\/www.ipiccoliquotidiano.it\\\/index.php\\\/author\\\/redazione\\\/\"}]}<\/script>\n<!-- \/ Yoast SEO plugin. -->","yoast_head_json":{"title":"Tennis, domani il via alla 135\u00aa edizione di Wimbledon - IPiccoliQuotidiano.it","robots":{"index":"index","follow":"follow","max-snippet":"max-snippet:-1","max-image-preview":"max-image-preview:large","max-video-preview":"max-video-preview:-1"},"canonical":"https:\/\/www.ipiccoliquotidiano.it\/index.php\/2022\/06\/25\/tennis-domani-il-via-alla-135a-edizione-di-wimbledon\/","og_locale":"it_IT","og_type":"article","og_title":"Tennis, domani il via alla 135\u00aa edizione di Wimbledon - IPiccoliQuotidiano.it","og_description":"Domani, luned\u00ec 27 giugno, partir\u00e0 il torneo di tennis pi\u00f9 prestigioso di tutti: i Championships di Wimbledon.\u00a0 Il torneo pi\u00f9 affascinante tra gli Slam comincer\u00e0 domani per poi finire il 10 luglio.\u00a0 \u00a0 Gli organizzatori del torneo hanno pubblicato ad inizio settimana le 32 teste di serie. Nell\u2019elenco mancheranno tutti i russi e bielorussi, compresi","og_url":"https:\/\/www.ipiccoliquotidiano.it\/index.php\/2022\/06\/25\/tennis-domani-il-via-alla-135a-edizione-di-wimbledon\/","og_site_name":"IPiccoliQuotidiano.it","article_publisher":"https:\/\/www.facebook.com\/ipiccoliquotidiano","article_published_time":"2022-06-25T00:00:00+00:00","og_image":[{"width":800,"height":400,"url":"https:\/\/www.ipiccoliquotidiano.it\/wp-content\/uploads\/2024\/05\/c8e3e2_wimbledon_scaled_HomeIm_800x400-1.jpg","type":"image\/jpeg"}],"author":"Redazione","twitter_card":"summary_large_image","twitter_misc":{"Scritto da":"Redazione","Tempo di lettura stimato":"1 minuto"},"schema":{"@context":"https:\/\/schema.org","@graph":[{"@type":"Article","@id":"https:\/\/www.ipiccoliquotidiano.it\/index.php\/2022\/06\/25\/tennis-domani-il-via-alla-135a-edizione-di-wimbledon\/#article","isPartOf":{"@id":"https:\/\/www.ipiccoliquotidiano.it\/index.php\/2022\/06\/25\/tennis-domani-il-via-alla-135a-edizione-di-wimbledon\/"},"author":{"name":"Redazione","@id":"https:\/\/www.ipiccoliquotidiano.it\/#\/schema\/person\/aa217f3cf90bae1bf2bd5e7c00b2d4c4"},"headline":"Tennis, domani il via alla 135\u00aa edizione di Wimbledon","datePublished":"2022-06-25T00:00:00+00:00","mainEntityOfPage":{"@id":"https:\/\/www.ipiccoliquotidiano.it\/index.php\/2022\/06\/25\/tennis-domani-il-via-alla-135a-edizione-di-wimbledon\/"},"wordCount":289,"publisher":{"@id":"https:\/\/www.ipiccoliquotidiano.it\/#organization"},"image":{"@id":"https:\/\/www.ipiccoliquotidiano.it\/index.php\/2022\/06\/25\/tennis-domani-il-via-alla-135a-edizione-di-wimbledon\/#primaryimage"},"thumbnailUrl":"https:\/\/www.ipiccoliquotidiano.it\/wp-content\/uploads\/2024\/05\/c8e3e2_wimbledon_scaled_HomeIm_800x400-1.jpg","articleSection":["A tutto sport"],"inLanguage":"it-IT"},{"@type":"WebPage","@id":"https:\/\/www.ipiccoliquotidiano.it\/index.php\/2022\/06\/25\/tennis-domani-il-via-alla-135a-edizione-di-wimbledon\/","url":"https:\/\/www.ipiccoliquotidiano.it\/index.php\/2022\/06\/25\/tennis-domani-il-via-alla-135a-edizione-di-wimbledon\/","name":"Tennis, domani il via alla 135\u00aa edizione di Wimbledon - IPiccoliQuotidiano.it","isPartOf":{"@id":"https:\/\/www.ipiccoliquotidiano.it\/#website"},"primaryImageOfPage":{"@id":"https:\/\/www.ipiccoliquotidiano.it\/index.php\/2022\/06\/25\/tennis-domani-il-via-alla-135a-edizione-di-wimbledon\/#primaryimage"},"image":{"@id":"https:\/\/www.ipiccoliquotidiano.it\/index.php\/2022\/06\/25\/tennis-domani-il-via-alla-135a-edizione-di-wimbledon\/#primaryimage"},"thumbnailUrl":"https:\/\/www.ipiccoliquotidiano.it\/wp-content\/uploads\/2024\/05\/c8e3e2_wimbledon_scaled_HomeIm_800x400-1.jpg","datePublished":"2022-06-25T00:00:00+00:00","breadcrumb":{"@id":"https:\/\/www.ipiccoliquotidiano.it\/index.php\/2022\/06\/25\/tennis-domani-il-via-alla-135a-edizione-di-wimbledon\/#breadcrumb"},"inLanguage":"it-IT","potentialAction":[{"@type":"ReadAction","target":["https:\/\/www.ipiccoliquotidiano.it\/index.php\/2022\/06\/25\/tennis-domani-il-via-alla-135a-edizione-di-wimbledon\/"]}]},{"@type":"ImageObject","inLanguage":"it-IT","@id":"https:\/\/www.ipiccoliquotidiano.it\/index.php\/2022\/06\/25\/tennis-domani-il-via-alla-135a-edizione-di-wimbledon\/#primaryimage","url":"https:\/\/www.ipiccoliquotidiano.it\/wp-content\/uploads\/2024\/05\/c8e3e2_wimbledon_scaled_HomeIm_800x400-1.jpg","contentUrl":"https:\/\/www.ipiccoliquotidiano.it\/wp-content\/uploads\/2024\/05\/c8e3e2_wimbledon_scaled_HomeIm_800x400-1.jpg","width":800,"height":400},{"@type":"BreadcrumbList","@id":"https:\/\/www.ipiccoliquotidiano.it\/index.php\/2022\/06\/25\/tennis-domani-il-via-alla-135a-edizione-di-wimbledon\/#breadcrumb","itemListElement":[{"@type":"ListItem","position":1,"name":"Home","item":"https:\/\/www.ipiccoliquotidiano.it\/"},{"@type":"ListItem","position":2,"name":"Tennis, domani il via alla 135\u00aa edizione di Wimbledon"}]},{"@type":"WebSite","@id":"https:\/\/www.ipiccoliquotidiano.it\/#website","url":"https:\/\/www.ipiccoliquotidiano.it\/","name":"IPiccoliQuotidiano.it","description":"Il Quotidiano dei Piccoli","publisher":{"@id":"https:\/\/www.ipiccoliquotidiano.it\/#organization"},"potentialAction":[{"@type":"SearchAction","target":{"@type":"EntryPoint","urlTemplate":"https:\/\/www.ipiccoliquotidiano.it\/?s={search_term_string}"},"query-input":{"@type":"PropertyValueSpecification","valueRequired":true,"valueName":"search_term_string"}}],"inLanguage":"it-IT"},{"@type":"Organization","@id":"https:\/\/www.ipiccoliquotidiano.it\/#organization","name":"IPiccoliQuotidiano.it","url":"https:\/\/www.ipiccoliquotidiano.it\/","logo":{"@type":"ImageObject","inLanguage":"it-IT","@id":"https:\/\/www.ipiccoliquotidiano.it\/#\/schema\/logo\/image\/","url":"https:\/\/www.ipiccoliquotidiano.it\/wp-content\/uploads\/2024\/05\/ipiccoli-logo.jpg","contentUrl":"https:\/\/www.ipiccoliquotidiano.it\/wp-content\/uploads\/2024\/05\/ipiccoli-logo.jpg","width":300,"height":129,"caption":"IPiccoliQuotidiano.it"},"image":{"@id":"https:\/\/www.ipiccoliquotidiano.it\/#\/schema\/logo\/image\/"},"sameAs":["https:\/\/www.facebook.com\/ipiccoliquotidiano"]},{"@type":"Person","@id":"https:\/\/www.ipiccoliquotidiano.it\/#\/schema\/person\/aa217f3cf90bae1bf2bd5e7c00b2d4c4","name":"Redazione","url":"https:\/\/www.ipiccoliquotidiano.it\/index.php\/author\/redazione\/"}]}},"_links":{"self":[{"href":"https:\/\/www.ipiccoliquotidiano.it\/index.php\/wp-json\/wp\/v2\/posts\/23586","targetHints":{"allow":["GET"]}}],"collection":[{"href":"https:\/\/www.ipiccoliquotidiano.it\/index.php\/wp-json\/wp\/v2\/posts"}],"about":[{"href":"https:\/\/www.ipiccoliquotidiano.it\/index.php\/wp-json\/wp\/v2\/types\/post"}],"author":[{"embeddable":true,"href":"https:\/\/www.ipiccoliquotidiano.it\/index.php\/wp-json\/wp\/v2\/users\/37"}],"replies":[{"embeddable":true,"href":"https:\/\/www.ipiccoliquotidiano.it\/index.php\/wp-json\/wp\/v2\/comments?post=23586"}],"version-history":[{"count":0,"href":"https:\/\/www.ipiccoliquotidiano.it\/index.php\/wp-json\/wp\/v2\/posts\/23586\/revisions"}],"wp:featuredmedia":[{"embeddable":true,"href":"https:\/\/www.ipiccoliquotidiano.it\/index.php\/wp-json\/wp\/v2\/media\/23587"}],"wp:attachment":[{"href":"https:\/\/www.ipiccoliquotidiano.it\/index.php\/wp-json\/wp\/v2\/media?parent=23586"}],"wp:term":[{"taxonomy":"category","embeddable":true,"href":"https:\/\/www.ipiccoliquotidiano.it\/index.php\/wp-json\/wp\/v2\/categories?post=23586"},{"taxonomy":"post_tag","embeddable":true,"href":"https:\/\/www.ipiccoliquotidiano.it\/index.php\/wp-json\/wp\/v2\/tags?post=23586"}],"curies":[{"name":"wp","href":"https:\/\/api.w.org\/{rel}","templated":true}]}}