{"id":23554,"date":"2022-06-14T00:00:00","date_gmt":"2022-06-14T00:00:00","guid":{"rendered":"https:\/\/www.ipiccoliquotidiano.it\/index.php\/2022\/06\/14\/calcio-da-dove-riparte-la-nazionale-di-mancini\/"},"modified":"2022-06-14T00:00:00","modified_gmt":"2022-06-14T00:00:00","slug":"calcio-da-dove-riparte-la-nazionale-di-mancini","status":"publish","type":"post","link":"https:\/\/www.ipiccoliquotidiano.it\/index.php\/2022\/06\/14\/calcio-da-dove-riparte-la-nazionale-di-mancini\/","title":{"rendered":"Calcio, da dove riparte la nazionale di Mancini"},"content":{"rendered":"<p>&#8211;<\/p>\n<table align=\"left\" border=\"0\" cellpadding=\"0\" cellspacing=\"0\" class=\"MsoNormalTable\" style=\"width:970px\">\n<tbody>\n<tr>\n<td style=\"vertical-align:top\">\u00a0<\/td>\n<td style=\"vertical-align:top\">\n<p>\u00c8 passato un anno dallo straordinario trionfo agli Europei degli azzurri sotto il cielo di Wembley. Sono passati solo 3 mesi, invece, da quando quella stessa Italia non si \u00e8 qualificata al mondiale di questo dicembre, in Qatar, da campione d\u2019Europa in carica.<\/p>\n<p>\u00a0<\/p>\n<p>Ci eravamo gi\u00e0 passati per il Mondiale in Russia di 4 anni fa, ma stavolta, dopo la scorsa estate, ha fatto ancora pi\u00f9 male. Tuttavia, la vita va avanti, e dopo una grande disfatta, bisogna ricominciare da capo, a testa bassa, con calma e determinazione. Dopo quell\u2019esclusione dal Mondiale 2018 nessuno avrebbe immaginato, solo 3 anni dopo, la vittoria del campionato europeo, eppure la storia l\u2019ha pensata diversamente.<\/p>\n<p>\u00a0<\/p>\n<p>Adesso mister Roberto Mancini, dopo aver deciso di restare alla guida della nazionale, sta cercando di rimettere insieme i cocci. Per gli impegni di questa estate, Mancini ha potuto convocare vari giovani calciatori che ha avuto la possibilit\u00e0 di testare, per capire da chi poter ricominciare, provando nuove formazioni e nuove tattiche.\u00a0<\/p>\n<p>La partita contro l\u2019Argentina nella cosiddetta \u201c<em>Finalissima\u201d\u00a0<\/em>non ha portato buoni risultati, e il 3-0 schiacciante dei sudamericani lo ha testimoniato.<\/p>\n<p>\u00a0<\/p>\n<p>Nelle partite di Nations League per\u00f2, Mancini si \u00e8 sbizzarrito e ha portato a casa due ottime prestazioni contro Germania (1-1) e Ungheria (2-1). L\u2019Italia non vinceva dal 9 settembre 2021, quando vinse 5-0 contro la Lituania nelle qualificazioni Mondiale.\u00a0<\/p>\n<p>\u00a0<\/p>\n<p>Lo stesso Mancini, dopo la vittoria, si \u00e8 mostrato speranzoso, ma consapevole del lavoro che ancora c\u2019\u00e8 da fare: &#8220;<em>Abbiamo fatto una buona gara, potevamo segnare pi\u00f9 gol, ma c\u2019\u00e8 da migliorare. Ci sono ragazzi giovani e dobbiamo lavorare molto<\/em>&#8220;.<\/p>\n<p>\u00a0<\/p>\n<p>Le giuste premesse per ricominciare per\u00f2 ci sono tutte. La scoperta del giovanissimo attaccante Wilfried Gnonto, l\u2019ascesa di Tonali e la conferma di Barella e Locatelli a centrocampo, il recupero di Spinazzola, l\u2019eredit\u00e0 di Chiellini presa dal giovane, ma gi\u00e0 esperto Bastoni. Senza dimenticare Gianluigi Donnarumma, per la prima volta capitano contro l\u2019Ungheria, e Federico Chiesa, giocatore chiave per il futuro azzurro.<\/p>\n<p>\u00a0<\/p>\n<p>\u00a0Insomma, la strada \u00e8 lunga, il cammino \u00e8 tortuoso, ma dal fondo del pozzo si vede sempre la luce e i mezzi per raggiungerla ci sono tutti, bisogner\u00e0 solo sfruttarli a dovere.<\/p>\n<p>\u00a0<\/p>\n<p>\u00a0<\/p>\n<p>\u00a0<\/p>\n<\/td>\n<td style=\"vertical-align:top\">\u00a0<\/td>\n<\/tr>\n<\/tbody>\n<\/table>\n","protected":false},"excerpt":{"rendered":"<p>&#8211; \u00a0 \u00c8 passato un anno dallo straordinario trionfo agli Europei degli azzurri sotto il cielo di Wembley. Sono passati solo 3 mesi, invece, da quando quella stessa Italia non si \u00e8 qualificata al mondiale di questo dicembre, in Qatar, da campione d\u2019Europa in carica. \u00a0 Ci eravamo gi\u00e0 passati per il Mondiale in Russia<\/p>\n","protected":false},"author":37,"featured_media":23555,"comment_status":"closed","ping_status":"closed","sticky":false,"template":"","format":"standard","meta":{"footnotes":""},"categories":[48],"tags":[],"class_list":["post-23554","post","type-post","status-publish","format-standard","has-post-thumbnail","category-a-tutto-sport"],"yoast_head":"<!-- This site is optimized with the Yoast SEO plugin v28.3 - https:\/\/yoast.com\/product\/yoast-seo-wordpress\/ -->\n<title>Calcio, da dove riparte la nazionale di Mancini - IPiccoliQuotidiano.it<\/title>\n<meta name=\"robots\" content=\"index, follow, max-snippet:-1, max-image-preview:large, max-video-preview:-1\" \/>\n<link rel=\"canonical\" href=\"https:\/\/www.ipiccoliquotidiano.it\/index.php\/2022\/06\/14\/calcio-da-dove-riparte-la-nazionale-di-mancini\/\" \/>\n<meta property=\"og:locale\" content=\"it_IT\" \/>\n<meta property=\"og:type\" content=\"article\" \/>\n<meta property=\"og:title\" content=\"Calcio, da dove riparte la nazionale di Mancini - IPiccoliQuotidiano.it\" \/>\n<meta property=\"og:description\" content=\"&#8211; \u00a0 \u00c8 passato un anno dallo straordinario trionfo agli Europei degli azzurri sotto il cielo di Wembley. Sono passati solo 3 mesi, invece, da quando quella stessa Italia non si \u00e8 qualificata al mondiale di questo dicembre, in Qatar, da campione d\u2019Europa in carica. \u00a0 Ci eravamo gi\u00e0 passati per il Mondiale in Russia\" \/>\n<meta property=\"og:url\" content=\"https:\/\/www.ipiccoliquotidiano.it\/index.php\/2022\/06\/14\/calcio-da-dove-riparte-la-nazionale-di-mancini\/\" \/>\n<meta property=\"og:site_name\" content=\"IPiccoliQuotidiano.it\" \/>\n<meta property=\"article:publisher\" content=\"https:\/\/www.facebook.com\/ipiccoliquotidiano\" \/>\n<meta property=\"article:published_time\" content=\"2022-06-14T00:00:00+00:00\" \/>\n<meta property=\"og:image\" content=\"https:\/\/www.ipiccoliquotidiano.it\/wp-content\/uploads\/2024\/05\/e0e39c_italia_HomeIm_799x400-1.jpg\" \/>\n\t<meta property=\"og:image:width\" content=\"799\" \/>\n\t<meta property=\"og:image:height\" content=\"400\" \/>\n\t<meta property=\"og:image:type\" content=\"image\/jpeg\" \/>\n<meta name=\"author\" content=\"Redazione\" \/>\n<meta name=\"twitter:card\" content=\"summary_large_image\" \/>\n<meta name=\"twitter:label1\" content=\"Scritto da\" \/>\n\t<meta name=\"twitter:data1\" content=\"Redazione\" \/>\n\t<meta name=\"twitter:label2\" content=\"Tempo di lettura stimato\" \/>\n\t<meta name=\"twitter:data2\" content=\"2 minuti\" \/>\n<script type=\"application\/ld+json\" class=\"yoast-schema-graph\">{\"@context\":\"https:\\\/\\\/schema.org\",\"@graph\":[{\"@type\":\"Article\",\"@id\":\"https:\\\/\\\/www.ipiccoliquotidiano.it\\\/index.php\\\/2022\\\/06\\\/14\\\/calcio-da-dove-riparte-la-nazionale-di-mancini\\\/#article\",\"isPartOf\":{\"@id\":\"https:\\\/\\\/www.ipiccoliquotidiano.it\\\/index.php\\\/2022\\\/06\\\/14\\\/calcio-da-dove-riparte-la-nazionale-di-mancini\\\/\"},\"author\":{\"name\":\"Redazione\",\"@id\":\"https:\\\/\\\/www.ipiccoliquotidiano.it\\\/#\\\/schema\\\/person\\\/aa217f3cf90bae1bf2bd5e7c00b2d4c4\"},\"headline\":\"Calcio, da dove riparte la nazionale di Mancini\",\"datePublished\":\"2022-06-14T00:00:00+00:00\",\"mainEntityOfPage\":{\"@id\":\"https:\\\/\\\/www.ipiccoliquotidiano.it\\\/index.php\\\/2022\\\/06\\\/14\\\/calcio-da-dove-riparte-la-nazionale-di-mancini\\\/\"},\"wordCount\":363,\"publisher\":{\"@id\":\"https:\\\/\\\/www.ipiccoliquotidiano.it\\\/#organization\"},\"image\":{\"@id\":\"https:\\\/\\\/www.ipiccoliquotidiano.it\\\/index.php\\\/2022\\\/06\\\/14\\\/calcio-da-dove-riparte-la-nazionale-di-mancini\\\/#primaryimage\"},\"thumbnailUrl\":\"https:\\\/\\\/www.ipiccoliquotidiano.it\\\/wp-content\\\/uploads\\\/2024\\\/05\\\/e0e39c_italia_HomeIm_799x400-1.jpg\",\"articleSection\":[\"A tutto sport\"],\"inLanguage\":\"it-IT\"},{\"@type\":\"WebPage\",\"@id\":\"https:\\\/\\\/www.ipiccoliquotidiano.it\\\/index.php\\\/2022\\\/06\\\/14\\\/calcio-da-dove-riparte-la-nazionale-di-mancini\\\/\",\"url\":\"https:\\\/\\\/www.ipiccoliquotidiano.it\\\/index.php\\\/2022\\\/06\\\/14\\\/calcio-da-dove-riparte-la-nazionale-di-mancini\\\/\",\"name\":\"Calcio, da dove riparte la nazionale di Mancini - IPiccoliQuotidiano.it\",\"isPartOf\":{\"@id\":\"https:\\\/\\\/www.ipiccoliquotidiano.it\\\/#website\"},\"primaryImageOfPage\":{\"@id\":\"https:\\\/\\\/www.ipiccoliquotidiano.it\\\/index.php\\\/2022\\\/06\\\/14\\\/calcio-da-dove-riparte-la-nazionale-di-mancini\\\/#primaryimage\"},\"image\":{\"@id\":\"https:\\\/\\\/www.ipiccoliquotidiano.it\\\/index.php\\\/2022\\\/06\\\/14\\\/calcio-da-dove-riparte-la-nazionale-di-mancini\\\/#primaryimage\"},\"thumbnailUrl\":\"https:\\\/\\\/www.ipiccoliquotidiano.it\\\/wp-content\\\/uploads\\\/2024\\\/05\\\/e0e39c_italia_HomeIm_799x400-1.jpg\",\"datePublished\":\"2022-06-14T00:00:00+00:00\",\"breadcrumb\":{\"@id\":\"https:\\\/\\\/www.ipiccoliquotidiano.it\\\/index.php\\\/2022\\\/06\\\/14\\\/calcio-da-dove-riparte-la-nazionale-di-mancini\\\/#breadcrumb\"},\"inLanguage\":\"it-IT\",\"potentialAction\":[{\"@type\":\"ReadAction\",\"target\":[\"https:\\\/\\\/www.ipiccoliquotidiano.it\\\/index.php\\\/2022\\\/06\\\/14\\\/calcio-da-dove-riparte-la-nazionale-di-mancini\\\/\"]}]},{\"@type\":\"ImageObject\",\"inLanguage\":\"it-IT\",\"@id\":\"https:\\\/\\\/www.ipiccoliquotidiano.it\\\/index.php\\\/2022\\\/06\\\/14\\\/calcio-da-dove-riparte-la-nazionale-di-mancini\\\/#primaryimage\",\"url\":\"https:\\\/\\\/www.ipiccoliquotidiano.it\\\/wp-content\\\/uploads\\\/2024\\\/05\\\/e0e39c_italia_HomeIm_799x400-1.jpg\",\"contentUrl\":\"https:\\\/\\\/www.ipiccoliquotidiano.it\\\/wp-content\\\/uploads\\\/2024\\\/05\\\/e0e39c_italia_HomeIm_799x400-1.jpg\",\"width\":799,\"height\":400},{\"@type\":\"BreadcrumbList\",\"@id\":\"https:\\\/\\\/www.ipiccoliquotidiano.it\\\/index.php\\\/2022\\\/06\\\/14\\\/calcio-da-dove-riparte-la-nazionale-di-mancini\\\/#breadcrumb\",\"itemListElement\":[{\"@type\":\"ListItem\",\"position\":1,\"name\":\"Home\",\"item\":\"https:\\\/\\\/www.ipiccoliquotidiano.it\\\/\"},{\"@type\":\"ListItem\",\"position\":2,\"name\":\"Calcio, da dove riparte la nazionale di Mancini\"}]},{\"@type\":\"WebSite\",\"@id\":\"https:\\\/\\\/www.ipiccoliquotidiano.it\\\/#website\",\"url\":\"https:\\\/\\\/www.ipiccoliquotidiano.it\\\/\",\"name\":\"IPiccoliQuotidiano.it\",\"description\":\"Il Quotidiano dei Piccoli\",\"publisher\":{\"@id\":\"https:\\\/\\\/www.ipiccoliquotidiano.it\\\/#organization\"},\"potentialAction\":[{\"@type\":\"SearchAction\",\"target\":{\"@type\":\"EntryPoint\",\"urlTemplate\":\"https:\\\/\\\/www.ipiccoliquotidiano.it\\\/?s={search_term_string}\"},\"query-input\":{\"@type\":\"PropertyValueSpecification\",\"valueRequired\":true,\"valueName\":\"search_term_string\"}}],\"inLanguage\":\"it-IT\"},{\"@type\":\"Organization\",\"@id\":\"https:\\\/\\\/www.ipiccoliquotidiano.it\\\/#organization\",\"name\":\"IPiccoliQuotidiano.it\",\"url\":\"https:\\\/\\\/www.ipiccoliquotidiano.it\\\/\",\"logo\":{\"@type\":\"ImageObject\",\"inLanguage\":\"it-IT\",\"@id\":\"https:\\\/\\\/www.ipiccoliquotidiano.it\\\/#\\\/schema\\\/logo\\\/image\\\/\",\"url\":\"https:\\\/\\\/www.ipiccoliquotidiano.it\\\/wp-content\\\/uploads\\\/2024\\\/05\\\/ipiccoli-logo.jpg\",\"contentUrl\":\"https:\\\/\\\/www.ipiccoliquotidiano.it\\\/wp-content\\\/uploads\\\/2024\\\/05\\\/ipiccoli-logo.jpg\",\"width\":300,\"height\":129,\"caption\":\"IPiccoliQuotidiano.it\"},\"image\":{\"@id\":\"https:\\\/\\\/www.ipiccoliquotidiano.it\\\/#\\\/schema\\\/logo\\\/image\\\/\"},\"sameAs\":[\"https:\\\/\\\/www.facebook.com\\\/ipiccoliquotidiano\"]},{\"@type\":\"Person\",\"@id\":\"https:\\\/\\\/www.ipiccoliquotidiano.it\\\/#\\\/schema\\\/person\\\/aa217f3cf90bae1bf2bd5e7c00b2d4c4\",\"name\":\"Redazione\",\"url\":\"https:\\\/\\\/www.ipiccoliquotidiano.it\\\/index.php\\\/author\\\/redazione\\\/\"}]}<\/script>\n<!-- \/ Yoast SEO plugin. -->","yoast_head_json":{"title":"Calcio, da dove riparte la nazionale di Mancini - IPiccoliQuotidiano.it","robots":{"index":"index","follow":"follow","max-snippet":"max-snippet:-1","max-image-preview":"max-image-preview:large","max-video-preview":"max-video-preview:-1"},"canonical":"https:\/\/www.ipiccoliquotidiano.it\/index.php\/2022\/06\/14\/calcio-da-dove-riparte-la-nazionale-di-mancini\/","og_locale":"it_IT","og_type":"article","og_title":"Calcio, da dove riparte la nazionale di Mancini - IPiccoliQuotidiano.it","og_description":"&#8211; \u00a0 \u00c8 passato un anno dallo straordinario trionfo agli Europei degli azzurri sotto il cielo di Wembley. Sono passati solo 3 mesi, invece, da quando quella stessa Italia non si \u00e8 qualificata al mondiale di questo dicembre, in Qatar, da campione d\u2019Europa in carica. \u00a0 Ci eravamo gi\u00e0 passati per il Mondiale in Russia","og_url":"https:\/\/www.ipiccoliquotidiano.it\/index.php\/2022\/06\/14\/calcio-da-dove-riparte-la-nazionale-di-mancini\/","og_site_name":"IPiccoliQuotidiano.it","article_publisher":"https:\/\/www.facebook.com\/ipiccoliquotidiano","article_published_time":"2022-06-14T00:00:00+00:00","og_image":[{"width":799,"height":400,"url":"https:\/\/www.ipiccoliquotidiano.it\/wp-content\/uploads\/2024\/05\/e0e39c_italia_HomeIm_799x400-1.jpg","type":"image\/jpeg"}],"author":"Redazione","twitter_card":"summary_large_image","twitter_misc":{"Scritto da":"Redazione","Tempo di lettura stimato":"2 minuti"},"schema":{"@context":"https:\/\/schema.org","@graph":[{"@type":"Article","@id":"https:\/\/www.ipiccoliquotidiano.it\/index.php\/2022\/06\/14\/calcio-da-dove-riparte-la-nazionale-di-mancini\/#article","isPartOf":{"@id":"https:\/\/www.ipiccoliquotidiano.it\/index.php\/2022\/06\/14\/calcio-da-dove-riparte-la-nazionale-di-mancini\/"},"author":{"name":"Redazione","@id":"https:\/\/www.ipiccoliquotidiano.it\/#\/schema\/person\/aa217f3cf90bae1bf2bd5e7c00b2d4c4"},"headline":"Calcio, da dove riparte la nazionale di Mancini","datePublished":"2022-06-14T00:00:00+00:00","mainEntityOfPage":{"@id":"https:\/\/www.ipiccoliquotidiano.it\/index.php\/2022\/06\/14\/calcio-da-dove-riparte-la-nazionale-di-mancini\/"},"wordCount":363,"publisher":{"@id":"https:\/\/www.ipiccoliquotidiano.it\/#organization"},"image":{"@id":"https:\/\/www.ipiccoliquotidiano.it\/index.php\/2022\/06\/14\/calcio-da-dove-riparte-la-nazionale-di-mancini\/#primaryimage"},"thumbnailUrl":"https:\/\/www.ipiccoliquotidiano.it\/wp-content\/uploads\/2024\/05\/e0e39c_italia_HomeIm_799x400-1.jpg","articleSection":["A tutto sport"],"inLanguage":"it-IT"},{"@type":"WebPage","@id":"https:\/\/www.ipiccoliquotidiano.it\/index.php\/2022\/06\/14\/calcio-da-dove-riparte-la-nazionale-di-mancini\/","url":"https:\/\/www.ipiccoliquotidiano.it\/index.php\/2022\/06\/14\/calcio-da-dove-riparte-la-nazionale-di-mancini\/","name":"Calcio, da dove riparte la nazionale di Mancini - IPiccoliQuotidiano.it","isPartOf":{"@id":"https:\/\/www.ipiccoliquotidiano.it\/#website"},"primaryImageOfPage":{"@id":"https:\/\/www.ipiccoliquotidiano.it\/index.php\/2022\/06\/14\/calcio-da-dove-riparte-la-nazionale-di-mancini\/#primaryimage"},"image":{"@id":"https:\/\/www.ipiccoliquotidiano.it\/index.php\/2022\/06\/14\/calcio-da-dove-riparte-la-nazionale-di-mancini\/#primaryimage"},"thumbnailUrl":"https:\/\/www.ipiccoliquotidiano.it\/wp-content\/uploads\/2024\/05\/e0e39c_italia_HomeIm_799x400-1.jpg","datePublished":"2022-06-14T00:00:00+00:00","breadcrumb":{"@id":"https:\/\/www.ipiccoliquotidiano.it\/index.php\/2022\/06\/14\/calcio-da-dove-riparte-la-nazionale-di-mancini\/#breadcrumb"},"inLanguage":"it-IT","potentialAction":[{"@type":"ReadAction","target":["https:\/\/www.ipiccoliquotidiano.it\/index.php\/2022\/06\/14\/calcio-da-dove-riparte-la-nazionale-di-mancini\/"]}]},{"@type":"ImageObject","inLanguage":"it-IT","@id":"https:\/\/www.ipiccoliquotidiano.it\/index.php\/2022\/06\/14\/calcio-da-dove-riparte-la-nazionale-di-mancini\/#primaryimage","url":"https:\/\/www.ipiccoliquotidiano.it\/wp-content\/uploads\/2024\/05\/e0e39c_italia_HomeIm_799x400-1.jpg","contentUrl":"https:\/\/www.ipiccoliquotidiano.it\/wp-content\/uploads\/2024\/05\/e0e39c_italia_HomeIm_799x400-1.jpg","width":799,"height":400},{"@type":"BreadcrumbList","@id":"https:\/\/www.ipiccoliquotidiano.it\/index.php\/2022\/06\/14\/calcio-da-dove-riparte-la-nazionale-di-mancini\/#breadcrumb","itemListElement":[{"@type":"ListItem","position":1,"name":"Home","item":"https:\/\/www.ipiccoliquotidiano.it\/"},{"@type":"ListItem","position":2,"name":"Calcio, da dove riparte la nazionale di Mancini"}]},{"@type":"WebSite","@id":"https:\/\/www.ipiccoliquotidiano.it\/#website","url":"https:\/\/www.ipiccoliquotidiano.it\/","name":"IPiccoliQuotidiano.it","description":"Il Quotidiano dei Piccoli","publisher":{"@id":"https:\/\/www.ipiccoliquotidiano.it\/#organization"},"potentialAction":[{"@type":"SearchAction","target":{"@type":"EntryPoint","urlTemplate":"https:\/\/www.ipiccoliquotidiano.it\/?s={search_term_string}"},"query-input":{"@type":"PropertyValueSpecification","valueRequired":true,"valueName":"search_term_string"}}],"inLanguage":"it-IT"},{"@type":"Organization","@id":"https:\/\/www.ipiccoliquotidiano.it\/#organization","name":"IPiccoliQuotidiano.it","url":"https:\/\/www.ipiccoliquotidiano.it\/","logo":{"@type":"ImageObject","inLanguage":"it-IT","@id":"https:\/\/www.ipiccoliquotidiano.it\/#\/schema\/logo\/image\/","url":"https:\/\/www.ipiccoliquotidiano.it\/wp-content\/uploads\/2024\/05\/ipiccoli-logo.jpg","contentUrl":"https:\/\/www.ipiccoliquotidiano.it\/wp-content\/uploads\/2024\/05\/ipiccoli-logo.jpg","width":300,"height":129,"caption":"IPiccoliQuotidiano.it"},"image":{"@id":"https:\/\/www.ipiccoliquotidiano.it\/#\/schema\/logo\/image\/"},"sameAs":["https:\/\/www.facebook.com\/ipiccoliquotidiano"]},{"@type":"Person","@id":"https:\/\/www.ipiccoliquotidiano.it\/#\/schema\/person\/aa217f3cf90bae1bf2bd5e7c00b2d4c4","name":"Redazione","url":"https:\/\/www.ipiccoliquotidiano.it\/index.php\/author\/redazione\/"}]}},"_links":{"self":[{"href":"https:\/\/www.ipiccoliquotidiano.it\/index.php\/wp-json\/wp\/v2\/posts\/23554","targetHints":{"allow":["GET"]}}],"collection":[{"href":"https:\/\/www.ipiccoliquotidiano.it\/index.php\/wp-json\/wp\/v2\/posts"}],"about":[{"href":"https:\/\/www.ipiccoliquotidiano.it\/index.php\/wp-json\/wp\/v2\/types\/post"}],"author":[{"embeddable":true,"href":"https:\/\/www.ipiccoliquotidiano.it\/index.php\/wp-json\/wp\/v2\/users\/37"}],"replies":[{"embeddable":true,"href":"https:\/\/www.ipiccoliquotidiano.it\/index.php\/wp-json\/wp\/v2\/comments?post=23554"}],"version-history":[{"count":0,"href":"https:\/\/www.ipiccoliquotidiano.it\/index.php\/wp-json\/wp\/v2\/posts\/23554\/revisions"}],"wp:featuredmedia":[{"embeddable":true,"href":"https:\/\/www.ipiccoliquotidiano.it\/index.php\/wp-json\/wp\/v2\/media\/23555"}],"wp:attachment":[{"href":"https:\/\/www.ipiccoliquotidiano.it\/index.php\/wp-json\/wp\/v2\/media?parent=23554"}],"wp:term":[{"taxonomy":"category","embeddable":true,"href":"https:\/\/www.ipiccoliquotidiano.it\/index.php\/wp-json\/wp\/v2\/categories?post=23554"},{"taxonomy":"post_tag","embeddable":true,"href":"https:\/\/www.ipiccoliquotidiano.it\/index.php\/wp-json\/wp\/v2\/tags?post=23554"}],"curies":[{"name":"wp","href":"https:\/\/api.w.org\/{rel}","templated":true}]}}