{"id":23534,"date":"2022-06-07T00:00:00","date_gmt":"2022-06-07T00:00:00","guid":{"rendered":"https:\/\/www.ipiccoliquotidiano.it\/index.php\/2022\/06\/07\/tennis-nadal-a-caccia-della-finale-del-roland-garros-nel-giorno-del-suo-36o-compleanno\/"},"modified":"2022-06-07T00:00:00","modified_gmt":"2022-06-07T00:00:00","slug":"tennis-nadal-a-caccia-della-finale-del-roland-garros-nel-giorno-del-suo-36o-compleanno","status":"publish","type":"post","link":"https:\/\/www.ipiccoliquotidiano.it\/index.php\/2022\/06\/07\/tennis-nadal-a-caccia-della-finale-del-roland-garros-nel-giorno-del-suo-36o-compleanno\/","title":{"rendered":"Tennis, Nadal a caccia della finale del Roland Garros nel giorno del suo 36o compleanno"},"content":{"rendered":"<p>Oggi, 3 giugno 2022, si festeggia il compleanno di uno degli sportivi pi\u00f9 importanti di tutti i tempi. Rafael Nadal compie 36 anni. Il tennista spagnolo non \u00e8 pi\u00f9 in giovane et\u00e0, ma siamo fortunati a vederlo ancora calcare un campo da tennis. 21 tornei del Grande Slam (record assoluto), una medaglia d\u2019oro alle Olimpiadi del 2008 e 91 titoli vinti in carriera lo rendono semplicemente una leggenda dello sport mondiale.<\/p>\n<p>\u00a0<\/p>\n<p>Nadal \u00e8 soprannominato <em>King of Clay <\/em>(\u201cRe della terra\u201d) grazie ai suoi 13 titoli vinti sulla terra rossa del Roland Garros, dove ha perso solo 3 volte in 108 partite, una delle imprese pi\u00f9 grandi di sempre. Inoltre \u00e8 anche l\u2019unico tennista ad essere diventato numero uno del ranking in tre decenni diversi e anche l\u2019unico a non essere mai retrocesso dalla top-10 del suddetto ranking (dal 2005 ad oggi).<\/p>\n<p>\u00a0<\/p>\n<p>Numeri irripetibili di un giocatore che non smette di vincere e che, soprattutto, non sembra sentire il peso dell\u2019et\u00e0. A testimonianza di ci\u00f2, il maiorchino, oggi giocher\u00e0 la sua 15a semifinale al Roland Garros, la 38a in un torneo del Grande Slam, nel giorno del suo compleanno. Proprio lo scorso Marted\u00ec infatti, Nadal aveva battuto 3-1 (6-2, 4-6, 6-2, 7-6) il suo eterno rivale, Novak Djokovic, nella loro 59a battaglia. L\u2019avversario \u00e8 il giovane tedesco Alexander Zverev, 3o nel ranking ATP e vincitore, per due volte, delle ATP Finals.<\/p>\n<p>\u00a0<\/p>\n<p>Zverev \u00e8 un tennista promettente con tanti anni ancora davanti, ma di fronte a lui ci sar\u00e0 un colosso che, come abbiamo detto, a Parigi, non perde praticamente mai. Rafa Nadal va cos\u00ec a caccia di quello che potrebbe essere il suo 22o Slam, forse l\u2019ultimo sulla terra rossa, con la stessa energia di quando aveva 20 anni. La leggenda spagnola \u00e8 quindi solo un altro esempio di longevit\u00e0 e continuit\u00e0, due parole che, nello sport, fanno di un bravo giocatore, un campione. \u00a0<\/p>\n","protected":false},"excerpt":{"rendered":"<p>Oggi, 3 giugno 2022, si festeggia il compleanno di uno degli sportivi pi\u00f9 importanti di tutti i tempi. Rafael Nadal compie 36 anni. Il tennista spagnolo non \u00e8 pi\u00f9 in giovane et\u00e0, ma siamo fortunati a vederlo ancora calcare un campo da tennis. 21 tornei del Grande Slam (record assoluto), una medaglia d\u2019oro alle Olimpiadi<\/p>\n","protected":false},"author":37,"featured_media":23535,"comment_status":"closed","ping_status":"closed","sticky":false,"template":"","format":"standard","meta":{"footnotes":""},"categories":[48],"tags":[],"class_list":["post-23534","post","type-post","status-publish","format-standard","has-post-thumbnail","category-a-tutto-sport"],"yoast_head":"<!-- This site is optimized with the Yoast SEO plugin v28.3 - https:\/\/yoast.com\/product\/yoast-seo-wordpress\/ -->\n<title>Tennis, Nadal a caccia della finale del Roland Garros nel giorno del suo 36o compleanno - IPiccoliQuotidiano.it<\/title>\n<meta name=\"robots\" content=\"index, follow, max-snippet:-1, max-image-preview:large, max-video-preview:-1\" \/>\n<link rel=\"canonical\" href=\"https:\/\/www.ipiccoliquotidiano.it\/index.php\/2022\/06\/07\/tennis-nadal-a-caccia-della-finale-del-roland-garros-nel-giorno-del-suo-36o-compleanno\/\" \/>\n<meta property=\"og:locale\" content=\"it_IT\" \/>\n<meta property=\"og:type\" content=\"article\" \/>\n<meta property=\"og:title\" content=\"Tennis, Nadal a caccia della finale del Roland Garros nel giorno del suo 36o compleanno - IPiccoliQuotidiano.it\" \/>\n<meta property=\"og:description\" content=\"Oggi, 3 giugno 2022, si festeggia il compleanno di uno degli sportivi pi\u00f9 importanti di tutti i tempi. Rafael Nadal compie 36 anni. Il tennista spagnolo non \u00e8 pi\u00f9 in giovane et\u00e0, ma siamo fortunati a vederlo ancora calcare un campo da tennis. 21 tornei del Grande Slam (record assoluto), una medaglia d\u2019oro alle Olimpiadi\" \/>\n<meta property=\"og:url\" content=\"https:\/\/www.ipiccoliquotidiano.it\/index.php\/2022\/06\/07\/tennis-nadal-a-caccia-della-finale-del-roland-garros-nel-giorno-del-suo-36o-compleanno\/\" \/>\n<meta property=\"og:site_name\" content=\"IPiccoliQuotidiano.it\" \/>\n<meta property=\"article:publisher\" content=\"https:\/\/www.facebook.com\/ipiccoliquotidiano\" \/>\n<meta property=\"article:published_time\" content=\"2022-06-07T00:00:00+00:00\" \/>\n<meta property=\"og:image\" content=\"https:\/\/www.ipiccoliquotidiano.it\/wp-content\/uploads\/2024\/05\/a564fd_tennis_HomeIm_799x400-1.jpg\" \/>\n\t<meta property=\"og:image:width\" content=\"799\" \/>\n\t<meta property=\"og:image:height\" content=\"400\" \/>\n\t<meta property=\"og:image:type\" content=\"image\/jpeg\" \/>\n<meta name=\"author\" content=\"Redazione\" \/>\n<meta name=\"twitter:card\" content=\"summary_large_image\" \/>\n<meta name=\"twitter:label1\" content=\"Scritto da\" \/>\n\t<meta name=\"twitter:data1\" content=\"Redazione\" \/>\n\t<meta name=\"twitter:label2\" content=\"Tempo di lettura stimato\" \/>\n\t<meta name=\"twitter:data2\" content=\"2 minuti\" \/>\n<script type=\"application\/ld+json\" class=\"yoast-schema-graph\">{\"@context\":\"https:\\\/\\\/schema.org\",\"@graph\":[{\"@type\":\"Article\",\"@id\":\"https:\\\/\\\/www.ipiccoliquotidiano.it\\\/index.php\\\/2022\\\/06\\\/07\\\/tennis-nadal-a-caccia-della-finale-del-roland-garros-nel-giorno-del-suo-36o-compleanno\\\/#article\",\"isPartOf\":{\"@id\":\"https:\\\/\\\/www.ipiccoliquotidiano.it\\\/index.php\\\/2022\\\/06\\\/07\\\/tennis-nadal-a-caccia-della-finale-del-roland-garros-nel-giorno-del-suo-36o-compleanno\\\/\"},\"author\":{\"name\":\"Redazione\",\"@id\":\"https:\\\/\\\/www.ipiccoliquotidiano.it\\\/#\\\/schema\\\/person\\\/aa217f3cf90bae1bf2bd5e7c00b2d4c4\"},\"headline\":\"Tennis, Nadal a caccia della finale del Roland Garros nel giorno del suo 36o compleanno\",\"datePublished\":\"2022-06-07T00:00:00+00:00\",\"mainEntityOfPage\":{\"@id\":\"https:\\\/\\\/www.ipiccoliquotidiano.it\\\/index.php\\\/2022\\\/06\\\/07\\\/tennis-nadal-a-caccia-della-finale-del-roland-garros-nel-giorno-del-suo-36o-compleanno\\\/\"},\"wordCount\":317,\"publisher\":{\"@id\":\"https:\\\/\\\/www.ipiccoliquotidiano.it\\\/#organization\"},\"image\":{\"@id\":\"https:\\\/\\\/www.ipiccoliquotidiano.it\\\/index.php\\\/2022\\\/06\\\/07\\\/tennis-nadal-a-caccia-della-finale-del-roland-garros-nel-giorno-del-suo-36o-compleanno\\\/#primaryimage\"},\"thumbnailUrl\":\"https:\\\/\\\/www.ipiccoliquotidiano.it\\\/wp-content\\\/uploads\\\/2024\\\/05\\\/a564fd_tennis_HomeIm_799x400-1.jpg\",\"articleSection\":[\"A tutto sport\"],\"inLanguage\":\"it-IT\"},{\"@type\":\"WebPage\",\"@id\":\"https:\\\/\\\/www.ipiccoliquotidiano.it\\\/index.php\\\/2022\\\/06\\\/07\\\/tennis-nadal-a-caccia-della-finale-del-roland-garros-nel-giorno-del-suo-36o-compleanno\\\/\",\"url\":\"https:\\\/\\\/www.ipiccoliquotidiano.it\\\/index.php\\\/2022\\\/06\\\/07\\\/tennis-nadal-a-caccia-della-finale-del-roland-garros-nel-giorno-del-suo-36o-compleanno\\\/\",\"name\":\"Tennis, Nadal a caccia della finale del Roland Garros nel giorno del suo 36o compleanno - IPiccoliQuotidiano.it\",\"isPartOf\":{\"@id\":\"https:\\\/\\\/www.ipiccoliquotidiano.it\\\/#website\"},\"primaryImageOfPage\":{\"@id\":\"https:\\\/\\\/www.ipiccoliquotidiano.it\\\/index.php\\\/2022\\\/06\\\/07\\\/tennis-nadal-a-caccia-della-finale-del-roland-garros-nel-giorno-del-suo-36o-compleanno\\\/#primaryimage\"},\"image\":{\"@id\":\"https:\\\/\\\/www.ipiccoliquotidiano.it\\\/index.php\\\/2022\\\/06\\\/07\\\/tennis-nadal-a-caccia-della-finale-del-roland-garros-nel-giorno-del-suo-36o-compleanno\\\/#primaryimage\"},\"thumbnailUrl\":\"https:\\\/\\\/www.ipiccoliquotidiano.it\\\/wp-content\\\/uploads\\\/2024\\\/05\\\/a564fd_tennis_HomeIm_799x400-1.jpg\",\"datePublished\":\"2022-06-07T00:00:00+00:00\",\"breadcrumb\":{\"@id\":\"https:\\\/\\\/www.ipiccoliquotidiano.it\\\/index.php\\\/2022\\\/06\\\/07\\\/tennis-nadal-a-caccia-della-finale-del-roland-garros-nel-giorno-del-suo-36o-compleanno\\\/#breadcrumb\"},\"inLanguage\":\"it-IT\",\"potentialAction\":[{\"@type\":\"ReadAction\",\"target\":[\"https:\\\/\\\/www.ipiccoliquotidiano.it\\\/index.php\\\/2022\\\/06\\\/07\\\/tennis-nadal-a-caccia-della-finale-del-roland-garros-nel-giorno-del-suo-36o-compleanno\\\/\"]}]},{\"@type\":\"ImageObject\",\"inLanguage\":\"it-IT\",\"@id\":\"https:\\\/\\\/www.ipiccoliquotidiano.it\\\/index.php\\\/2022\\\/06\\\/07\\\/tennis-nadal-a-caccia-della-finale-del-roland-garros-nel-giorno-del-suo-36o-compleanno\\\/#primaryimage\",\"url\":\"https:\\\/\\\/www.ipiccoliquotidiano.it\\\/wp-content\\\/uploads\\\/2024\\\/05\\\/a564fd_tennis_HomeIm_799x400-1.jpg\",\"contentUrl\":\"https:\\\/\\\/www.ipiccoliquotidiano.it\\\/wp-content\\\/uploads\\\/2024\\\/05\\\/a564fd_tennis_HomeIm_799x400-1.jpg\",\"width\":799,\"height\":400},{\"@type\":\"BreadcrumbList\",\"@id\":\"https:\\\/\\\/www.ipiccoliquotidiano.it\\\/index.php\\\/2022\\\/06\\\/07\\\/tennis-nadal-a-caccia-della-finale-del-roland-garros-nel-giorno-del-suo-36o-compleanno\\\/#breadcrumb\",\"itemListElement\":[{\"@type\":\"ListItem\",\"position\":1,\"name\":\"Home\",\"item\":\"https:\\\/\\\/www.ipiccoliquotidiano.it\\\/\"},{\"@type\":\"ListItem\",\"position\":2,\"name\":\"Tennis, Nadal a caccia della finale del Roland Garros nel giorno del suo 36o compleanno\"}]},{\"@type\":\"WebSite\",\"@id\":\"https:\\\/\\\/www.ipiccoliquotidiano.it\\\/#website\",\"url\":\"https:\\\/\\\/www.ipiccoliquotidiano.it\\\/\",\"name\":\"IPiccoliQuotidiano.it\",\"description\":\"Il Quotidiano dei Piccoli\",\"publisher\":{\"@id\":\"https:\\\/\\\/www.ipiccoliquotidiano.it\\\/#organization\"},\"potentialAction\":[{\"@type\":\"SearchAction\",\"target\":{\"@type\":\"EntryPoint\",\"urlTemplate\":\"https:\\\/\\\/www.ipiccoliquotidiano.it\\\/?s={search_term_string}\"},\"query-input\":{\"@type\":\"PropertyValueSpecification\",\"valueRequired\":true,\"valueName\":\"search_term_string\"}}],\"inLanguage\":\"it-IT\"},{\"@type\":\"Organization\",\"@id\":\"https:\\\/\\\/www.ipiccoliquotidiano.it\\\/#organization\",\"name\":\"IPiccoliQuotidiano.it\",\"url\":\"https:\\\/\\\/www.ipiccoliquotidiano.it\\\/\",\"logo\":{\"@type\":\"ImageObject\",\"inLanguage\":\"it-IT\",\"@id\":\"https:\\\/\\\/www.ipiccoliquotidiano.it\\\/#\\\/schema\\\/logo\\\/image\\\/\",\"url\":\"https:\\\/\\\/www.ipiccoliquotidiano.it\\\/wp-content\\\/uploads\\\/2024\\\/05\\\/ipiccoli-logo.jpg\",\"contentUrl\":\"https:\\\/\\\/www.ipiccoliquotidiano.it\\\/wp-content\\\/uploads\\\/2024\\\/05\\\/ipiccoli-logo.jpg\",\"width\":300,\"height\":129,\"caption\":\"IPiccoliQuotidiano.it\"},\"image\":{\"@id\":\"https:\\\/\\\/www.ipiccoliquotidiano.it\\\/#\\\/schema\\\/logo\\\/image\\\/\"},\"sameAs\":[\"https:\\\/\\\/www.facebook.com\\\/ipiccoliquotidiano\"]},{\"@type\":\"Person\",\"@id\":\"https:\\\/\\\/www.ipiccoliquotidiano.it\\\/#\\\/schema\\\/person\\\/aa217f3cf90bae1bf2bd5e7c00b2d4c4\",\"name\":\"Redazione\",\"url\":\"https:\\\/\\\/www.ipiccoliquotidiano.it\\\/index.php\\\/author\\\/redazione\\\/\"}]}<\/script>\n<!-- \/ Yoast SEO plugin. -->","yoast_head_json":{"title":"Tennis, Nadal a caccia della finale del Roland Garros nel giorno del suo 36o compleanno - IPiccoliQuotidiano.it","robots":{"index":"index","follow":"follow","max-snippet":"max-snippet:-1","max-image-preview":"max-image-preview:large","max-video-preview":"max-video-preview:-1"},"canonical":"https:\/\/www.ipiccoliquotidiano.it\/index.php\/2022\/06\/07\/tennis-nadal-a-caccia-della-finale-del-roland-garros-nel-giorno-del-suo-36o-compleanno\/","og_locale":"it_IT","og_type":"article","og_title":"Tennis, Nadal a caccia della finale del Roland Garros nel giorno del suo 36o compleanno - IPiccoliQuotidiano.it","og_description":"Oggi, 3 giugno 2022, si festeggia il compleanno di uno degli sportivi pi\u00f9 importanti di tutti i tempi. Rafael Nadal compie 36 anni. Il tennista spagnolo non \u00e8 pi\u00f9 in giovane et\u00e0, ma siamo fortunati a vederlo ancora calcare un campo da tennis. 21 tornei del Grande Slam (record assoluto), una medaglia d\u2019oro alle Olimpiadi","og_url":"https:\/\/www.ipiccoliquotidiano.it\/index.php\/2022\/06\/07\/tennis-nadal-a-caccia-della-finale-del-roland-garros-nel-giorno-del-suo-36o-compleanno\/","og_site_name":"IPiccoliQuotidiano.it","article_publisher":"https:\/\/www.facebook.com\/ipiccoliquotidiano","article_published_time":"2022-06-07T00:00:00+00:00","og_image":[{"width":799,"height":400,"url":"https:\/\/www.ipiccoliquotidiano.it\/wp-content\/uploads\/2024\/05\/a564fd_tennis_HomeIm_799x400-1.jpg","type":"image\/jpeg"}],"author":"Redazione","twitter_card":"summary_large_image","twitter_misc":{"Scritto da":"Redazione","Tempo di lettura stimato":"2 minuti"},"schema":{"@context":"https:\/\/schema.org","@graph":[{"@type":"Article","@id":"https:\/\/www.ipiccoliquotidiano.it\/index.php\/2022\/06\/07\/tennis-nadal-a-caccia-della-finale-del-roland-garros-nel-giorno-del-suo-36o-compleanno\/#article","isPartOf":{"@id":"https:\/\/www.ipiccoliquotidiano.it\/index.php\/2022\/06\/07\/tennis-nadal-a-caccia-della-finale-del-roland-garros-nel-giorno-del-suo-36o-compleanno\/"},"author":{"name":"Redazione","@id":"https:\/\/www.ipiccoliquotidiano.it\/#\/schema\/person\/aa217f3cf90bae1bf2bd5e7c00b2d4c4"},"headline":"Tennis, Nadal a caccia della finale del Roland Garros nel giorno del suo 36o compleanno","datePublished":"2022-06-07T00:00:00+00:00","mainEntityOfPage":{"@id":"https:\/\/www.ipiccoliquotidiano.it\/index.php\/2022\/06\/07\/tennis-nadal-a-caccia-della-finale-del-roland-garros-nel-giorno-del-suo-36o-compleanno\/"},"wordCount":317,"publisher":{"@id":"https:\/\/www.ipiccoliquotidiano.it\/#organization"},"image":{"@id":"https:\/\/www.ipiccoliquotidiano.it\/index.php\/2022\/06\/07\/tennis-nadal-a-caccia-della-finale-del-roland-garros-nel-giorno-del-suo-36o-compleanno\/#primaryimage"},"thumbnailUrl":"https:\/\/www.ipiccoliquotidiano.it\/wp-content\/uploads\/2024\/05\/a564fd_tennis_HomeIm_799x400-1.jpg","articleSection":["A tutto sport"],"inLanguage":"it-IT"},{"@type":"WebPage","@id":"https:\/\/www.ipiccoliquotidiano.it\/index.php\/2022\/06\/07\/tennis-nadal-a-caccia-della-finale-del-roland-garros-nel-giorno-del-suo-36o-compleanno\/","url":"https:\/\/www.ipiccoliquotidiano.it\/index.php\/2022\/06\/07\/tennis-nadal-a-caccia-della-finale-del-roland-garros-nel-giorno-del-suo-36o-compleanno\/","name":"Tennis, Nadal a caccia della finale del Roland Garros nel giorno del suo 36o compleanno - IPiccoliQuotidiano.it","isPartOf":{"@id":"https:\/\/www.ipiccoliquotidiano.it\/#website"},"primaryImageOfPage":{"@id":"https:\/\/www.ipiccoliquotidiano.it\/index.php\/2022\/06\/07\/tennis-nadal-a-caccia-della-finale-del-roland-garros-nel-giorno-del-suo-36o-compleanno\/#primaryimage"},"image":{"@id":"https:\/\/www.ipiccoliquotidiano.it\/index.php\/2022\/06\/07\/tennis-nadal-a-caccia-della-finale-del-roland-garros-nel-giorno-del-suo-36o-compleanno\/#primaryimage"},"thumbnailUrl":"https:\/\/www.ipiccoliquotidiano.it\/wp-content\/uploads\/2024\/05\/a564fd_tennis_HomeIm_799x400-1.jpg","datePublished":"2022-06-07T00:00:00+00:00","breadcrumb":{"@id":"https:\/\/www.ipiccoliquotidiano.it\/index.php\/2022\/06\/07\/tennis-nadal-a-caccia-della-finale-del-roland-garros-nel-giorno-del-suo-36o-compleanno\/#breadcrumb"},"inLanguage":"it-IT","potentialAction":[{"@type":"ReadAction","target":["https:\/\/www.ipiccoliquotidiano.it\/index.php\/2022\/06\/07\/tennis-nadal-a-caccia-della-finale-del-roland-garros-nel-giorno-del-suo-36o-compleanno\/"]}]},{"@type":"ImageObject","inLanguage":"it-IT","@id":"https:\/\/www.ipiccoliquotidiano.it\/index.php\/2022\/06\/07\/tennis-nadal-a-caccia-della-finale-del-roland-garros-nel-giorno-del-suo-36o-compleanno\/#primaryimage","url":"https:\/\/www.ipiccoliquotidiano.it\/wp-content\/uploads\/2024\/05\/a564fd_tennis_HomeIm_799x400-1.jpg","contentUrl":"https:\/\/www.ipiccoliquotidiano.it\/wp-content\/uploads\/2024\/05\/a564fd_tennis_HomeIm_799x400-1.jpg","width":799,"height":400},{"@type":"BreadcrumbList","@id":"https:\/\/www.ipiccoliquotidiano.it\/index.php\/2022\/06\/07\/tennis-nadal-a-caccia-della-finale-del-roland-garros-nel-giorno-del-suo-36o-compleanno\/#breadcrumb","itemListElement":[{"@type":"ListItem","position":1,"name":"Home","item":"https:\/\/www.ipiccoliquotidiano.it\/"},{"@type":"ListItem","position":2,"name":"Tennis, Nadal a caccia della finale del Roland Garros nel giorno del suo 36o compleanno"}]},{"@type":"WebSite","@id":"https:\/\/www.ipiccoliquotidiano.it\/#website","url":"https:\/\/www.ipiccoliquotidiano.it\/","name":"IPiccoliQuotidiano.it","description":"Il Quotidiano dei Piccoli","publisher":{"@id":"https:\/\/www.ipiccoliquotidiano.it\/#organization"},"potentialAction":[{"@type":"SearchAction","target":{"@type":"EntryPoint","urlTemplate":"https:\/\/www.ipiccoliquotidiano.it\/?s={search_term_string}"},"query-input":{"@type":"PropertyValueSpecification","valueRequired":true,"valueName":"search_term_string"}}],"inLanguage":"it-IT"},{"@type":"Organization","@id":"https:\/\/www.ipiccoliquotidiano.it\/#organization","name":"IPiccoliQuotidiano.it","url":"https:\/\/www.ipiccoliquotidiano.it\/","logo":{"@type":"ImageObject","inLanguage":"it-IT","@id":"https:\/\/www.ipiccoliquotidiano.it\/#\/schema\/logo\/image\/","url":"https:\/\/www.ipiccoliquotidiano.it\/wp-content\/uploads\/2024\/05\/ipiccoli-logo.jpg","contentUrl":"https:\/\/www.ipiccoliquotidiano.it\/wp-content\/uploads\/2024\/05\/ipiccoli-logo.jpg","width":300,"height":129,"caption":"IPiccoliQuotidiano.it"},"image":{"@id":"https:\/\/www.ipiccoliquotidiano.it\/#\/schema\/logo\/image\/"},"sameAs":["https:\/\/www.facebook.com\/ipiccoliquotidiano"]},{"@type":"Person","@id":"https:\/\/www.ipiccoliquotidiano.it\/#\/schema\/person\/aa217f3cf90bae1bf2bd5e7c00b2d4c4","name":"Redazione","url":"https:\/\/www.ipiccoliquotidiano.it\/index.php\/author\/redazione\/"}]}},"_links":{"self":[{"href":"https:\/\/www.ipiccoliquotidiano.it\/index.php\/wp-json\/wp\/v2\/posts\/23534","targetHints":{"allow":["GET"]}}],"collection":[{"href":"https:\/\/www.ipiccoliquotidiano.it\/index.php\/wp-json\/wp\/v2\/posts"}],"about":[{"href":"https:\/\/www.ipiccoliquotidiano.it\/index.php\/wp-json\/wp\/v2\/types\/post"}],"author":[{"embeddable":true,"href":"https:\/\/www.ipiccoliquotidiano.it\/index.php\/wp-json\/wp\/v2\/users\/37"}],"replies":[{"embeddable":true,"href":"https:\/\/www.ipiccoliquotidiano.it\/index.php\/wp-json\/wp\/v2\/comments?post=23534"}],"version-history":[{"count":0,"href":"https:\/\/www.ipiccoliquotidiano.it\/index.php\/wp-json\/wp\/v2\/posts\/23534\/revisions"}],"wp:featuredmedia":[{"embeddable":true,"href":"https:\/\/www.ipiccoliquotidiano.it\/index.php\/wp-json\/wp\/v2\/media\/23535"}],"wp:attachment":[{"href":"https:\/\/www.ipiccoliquotidiano.it\/index.php\/wp-json\/wp\/v2\/media?parent=23534"}],"wp:term":[{"taxonomy":"category","embeddable":true,"href":"https:\/\/www.ipiccoliquotidiano.it\/index.php\/wp-json\/wp\/v2\/categories?post=23534"},{"taxonomy":"post_tag","embeddable":true,"href":"https:\/\/www.ipiccoliquotidiano.it\/index.php\/wp-json\/wp\/v2\/tags?post=23534"}],"curies":[{"name":"wp","href":"https:\/\/api.w.org\/{rel}","templated":true}]}}