{"id":23353,"date":"2026-05-22T21:28:20","date_gmt":"2026-05-22T19:28:20","guid":{"rendered":"https:\/\/www.ipiccoliquotidiano.it\/index.php\/2022\/04\/20\/giuseppe-ungaretti-e-la-sua-lirica-mattina\/"},"modified":"2026-05-22T21:28:21","modified_gmt":"2026-05-22T19:28:21","slug":"giuseppe-ungaretti-e-la-sua-lirica-mattina","status":"publish","type":"post","link":"https:\/\/www.ipiccoliquotidiano.it\/index.php\/2026\/05\/22\/giuseppe-ungaretti-e-la-sua-lirica-mattina\/","title":{"rendered":"Giuseppe Ungaretti e la sua lirica &#8220;Mattina&#8221;"},"content":{"rendered":"<p>Nel Parco de Getsemani, in un pomeriggio di aprile, mi colpisce il disco del sole: illumina la Piana di Paestum che degrada dolcemente verso il mare lontano e&#8230;<\/p>\n<p>M&#8217;illumino d&#8217;immenso<\/p>\n<p>Ungaretti \u00e8 stato il maggiore esponente della &#8220;poesia pura&#8221; da cui si svilupper\u00e0 la corrente vera e propria dell&#8217; Ermetismo. Coerentemente con la poesia ermetica, il testo \u00e8 scarno e il titolo &#8220;Mattina&#8221; diventa parte fondamentale della stessa.<\/p>\n<p>Ungaretti concepisce la poesia come strumento di conoscenza della realt\u00e0 interiore ed esteriore della coscienza, raggiungibile non per via razionale o scientifica, ma per via analogica che consente di scoprire le relazioni esistenti tra gli esseri umani, una coscienza che li mette in armonia con l&#8217;universo giungendo alla percezione dell&#8217;assoluto e della fede in Dio.<\/p>\n<p>Attraverso brevi poesie, ridotte a semplici connotazioni, ma dense di significato, Ungaretti esprime la sua condizione umana di combattente che subisce la guerra con rassegnazione perch\u00e9 essa \u00e8 una fatalit\u00e0 inevitabile che si abbatte sui popoli.<\/p>\n<p>&#8220;Mattina&#8221; \u00e8 la lirica pi\u00f9 rappresentativa della corrente dell&#8217;Ermetismo e il testo \u00e8 composto da solo quattro parole &#8220;M&#8217;illumino d&#8217;immenso&#8221; che ne fanno il componimento pi\u00f9 breve tra tutti quelli di Ungaretti, ma anche il pi\u00f9 famoso.<\/p>\n<p>Scritto il 26 gennaio 1917 sul fronte del Carso, durante la Prima Guerra Mondiale, se pure cos\u00ec breve, contiene molti temi importanti della poetica dell&#8217;autore diventando uno dei componimenti pi\u00f9 dufficili da interpretare. In esso il poeta riesce a descrivere il desiderio di immensit\u00e0 dell&#8217;uomo comunicando l&#8217;incomunicabilit\u00e0 attraverso le quattro parole.<\/p>\n<p>La luce rappresentata nella poesia \u00e8 violenta e copre spazi e distanze sterminate e la mattina, che fa seguito ad una notte oscura, rappresenta la rinascita, ma questo si pu\u00f2 capire solo attraverso un&#8217;immagine di vita vissuta.<\/p>\n<p>Ungaretti vede la notte dalle trincee e la sua immagine aiuta a capire la forte emozione che prova al sorgere del sole dopo essere stato accanto ad un compagno massacrato.<\/p>\n<p>All&#8217;oscurit\u00e0 della notte sopraggiunge l&#8217;alba col sole che prima lentamente e poi pi\u00f9 rapido, si alza nel cielo in un tripudio di luce. La sensazione che prova \u00e8 indescrivibile, intensa e dona un senso di pienezza e grandiosit\u00e0 mentre sente di essere a contatto con qualcosa di immenso e indefinibile: \u00e8 lo spettacolo della vita che risorge dopo il buio di una notte di sofferenza e di dolore, uno spettacolo che tutta l&#8217;umanit\u00e0 porta scritto nel cuore da sempre.<\/p>\n<p>L&#8217;immagine \u00e8 indefinita e si ha bisogno del titolo &#8220;Mattina&#8221; per essere interpretata correttamente. La mattina \u00e8 il momento della rinascita e del rifluire della vita. La mattina \u00e8 il sole che illumina l&#8217;immensit\u00e0 dell&#8217;orizzonte che si pu\u00f2 abbracciare solo chiudendo gli occhi e allargando le braccia verso l&#8217;infinito dando cos\u00ec origine ad un legame tra l&#8217;eterno e l&#8217;effimero, un legame misterioso che l&#8217;uomo vive continuamente nella sua vita.<\/p>\n<p>Ognuno vive la sua notte, ognuno spera nella rinascita.<\/p>\n<p>E mi scopro a pensare al giorno che muore e che mi porta inesorabilmente verso la sera, verso la fine della vita. Sopraggiunge il buio che annuller\u00e0 i contorni delle cose; le ombre della sera non sono per\u00f2 preludio di morte ma quiete di sonno e mentre il cuore stanco riposa nasce l&#8217;alba di un nuovo giorno&#8230;<\/p>\n<p>\u00a0<\/p>\n","protected":false},"excerpt":{"rendered":"<p>Nel Parco de Getsemani, in un pomeriggio di aprile, mi colpisce il disco del sole: illumina la Piana di Paestum che degrada dolcemente verso il mare lontano e&#8230; M&#8217;illumino d&#8217;immenso Ungaretti \u00e8 stato il maggiore esponente della &#8220;poesia pura&#8221; da cui si svilupper\u00e0 la corrente vera e propria dell&#8217; Ermetismo. Coerentemente con la poesia ermetica,<\/p>\n","protected":false},"author":30,"featured_media":23354,"comment_status":"closed","ping_status":"closed","sticky":false,"template":"","format":"standard","meta":{"footnotes":""},"categories":[40],"tags":[],"class_list":["post-23353","post","type-post","status-publish","format-standard","has-post-thumbnail","category-accadde-oggi"],"yoast_head":"<!-- This site is optimized with the Yoast SEO plugin v28.4 - https:\/\/yoast.com\/product\/yoast-seo-wordpress\/ -->\n<title>Giuseppe Ungaretti e la sua lirica &quot;Mattina&quot; - IPiccoliQuotidiano.it<\/title>\n<meta name=\"robots\" content=\"index, follow, max-snippet:-1, max-image-preview:large, max-video-preview:-1\" \/>\n<link rel=\"canonical\" href=\"https:\/\/www.ipiccoliquotidiano.it\/index.php\/2026\/05\/22\/giuseppe-ungaretti-e-la-sua-lirica-mattina\/\" \/>\n<meta property=\"og:locale\" content=\"it_IT\" \/>\n<meta property=\"og:type\" content=\"article\" \/>\n<meta property=\"og:title\" content=\"Giuseppe Ungaretti e la sua lirica &quot;Mattina&quot; - IPiccoliQuotidiano.it\" \/>\n<meta property=\"og:description\" content=\"Nel Parco de Getsemani, in un pomeriggio di aprile, mi colpisce il disco del sole: illumina la Piana di Paestum che degrada dolcemente verso il mare lontano e&#8230; M&#8217;illumino d&#8217;immenso Ungaretti \u00e8 stato il maggiore esponente della &#8220;poesia pura&#8221; da cui si svilupper\u00e0 la corrente vera e propria dell&#8217; Ermetismo. Coerentemente con la poesia ermetica,\" \/>\n<meta property=\"og:url\" content=\"https:\/\/www.ipiccoliquotidiano.it\/index.php\/2026\/05\/22\/giuseppe-ungaretti-e-la-sua-lirica-mattina\/\" \/>\n<meta property=\"og:site_name\" content=\"IPiccoliQuotidiano.it\" \/>\n<meta property=\"article:publisher\" content=\"https:\/\/www.facebook.com\/ipiccoliquotidiano\" \/>\n<meta property=\"article:published_time\" content=\"2026-05-22T19:28:20+00:00\" \/>\n<meta property=\"article:modified_time\" content=\"2026-05-22T19:28:21+00:00\" \/>\n<meta property=\"og:image\" content=\"https:\/\/www.ipiccoliquotidiano.it\/wp-content\/uploads\/2024\/05\/af1708_af6d58736b2fb784a57a067b726b5269_HomeIm_603x400-1.jpg\" \/>\n\t<meta property=\"og:image:width\" content=\"603\" \/>\n\t<meta property=\"og:image:height\" content=\"400\" \/>\n\t<meta property=\"og:image:type\" content=\"image\/jpeg\" \/>\n<meta name=\"author\" content=\"Lucia Gonnella\" \/>\n<meta name=\"twitter:card\" content=\"summary_large_image\" \/>\n<meta name=\"twitter:label1\" content=\"Scritto da\" \/>\n\t<meta name=\"twitter:data1\" content=\"Lucia Gonnella\" \/>\n\t<meta name=\"twitter:label2\" content=\"Tempo di lettura stimato\" \/>\n\t<meta name=\"twitter:data2\" content=\"4 minuti\" \/>\n<script type=\"application\/ld+json\" class=\"yoast-schema-graph\">{\"@context\":\"https:\\\/\\\/schema.org\",\"@graph\":[{\"@type\":\"Article\",\"@id\":\"https:\\\/\\\/www.ipiccoliquotidiano.it\\\/index.php\\\/2026\\\/05\\\/22\\\/giuseppe-ungaretti-e-la-sua-lirica-mattina\\\/#article\",\"isPartOf\":{\"@id\":\"https:\\\/\\\/www.ipiccoliquotidiano.it\\\/index.php\\\/2026\\\/05\\\/22\\\/giuseppe-ungaretti-e-la-sua-lirica-mattina\\\/\"},\"author\":{\"name\":\"Lucia Gonnella\",\"@id\":\"https:\\\/\\\/www.ipiccoliquotidiano.it\\\/#\\\/schema\\\/person\\\/c0dbf5e1911534c980f51b4f6fea36ba\"},\"headline\":\"Giuseppe Ungaretti e la sua lirica &#8220;Mattina&#8221;\",\"datePublished\":\"2026-05-22T19:28:20+00:00\",\"dateModified\":\"2026-05-22T19:28:21+00:00\",\"mainEntityOfPage\":{\"@id\":\"https:\\\/\\\/www.ipiccoliquotidiano.it\\\/index.php\\\/2026\\\/05\\\/22\\\/giuseppe-ungaretti-e-la-sua-lirica-mattina\\\/\"},\"wordCount\":544,\"publisher\":{\"@id\":\"https:\\\/\\\/www.ipiccoliquotidiano.it\\\/#organization\"},\"image\":{\"@id\":\"https:\\\/\\\/www.ipiccoliquotidiano.it\\\/index.php\\\/2026\\\/05\\\/22\\\/giuseppe-ungaretti-e-la-sua-lirica-mattina\\\/#primaryimage\"},\"thumbnailUrl\":\"https:\\\/\\\/www.ipiccoliquotidiano.it\\\/wp-content\\\/uploads\\\/2024\\\/05\\\/af1708_af6d58736b2fb784a57a067b726b5269_HomeIm_603x400-1.jpg\",\"articleSection\":[\"Accadde Oggi\"],\"inLanguage\":\"it-IT\"},{\"@type\":\"WebPage\",\"@id\":\"https:\\\/\\\/www.ipiccoliquotidiano.it\\\/index.php\\\/2026\\\/05\\\/22\\\/giuseppe-ungaretti-e-la-sua-lirica-mattina\\\/\",\"url\":\"https:\\\/\\\/www.ipiccoliquotidiano.it\\\/index.php\\\/2026\\\/05\\\/22\\\/giuseppe-ungaretti-e-la-sua-lirica-mattina\\\/\",\"name\":\"Giuseppe Ungaretti e la sua lirica \\\"Mattina\\\" - IPiccoliQuotidiano.it\",\"isPartOf\":{\"@id\":\"https:\\\/\\\/www.ipiccoliquotidiano.it\\\/#website\"},\"primaryImageOfPage\":{\"@id\":\"https:\\\/\\\/www.ipiccoliquotidiano.it\\\/index.php\\\/2026\\\/05\\\/22\\\/giuseppe-ungaretti-e-la-sua-lirica-mattina\\\/#primaryimage\"},\"image\":{\"@id\":\"https:\\\/\\\/www.ipiccoliquotidiano.it\\\/index.php\\\/2026\\\/05\\\/22\\\/giuseppe-ungaretti-e-la-sua-lirica-mattina\\\/#primaryimage\"},\"thumbnailUrl\":\"https:\\\/\\\/www.ipiccoliquotidiano.it\\\/wp-content\\\/uploads\\\/2024\\\/05\\\/af1708_af6d58736b2fb784a57a067b726b5269_HomeIm_603x400-1.jpg\",\"datePublished\":\"2026-05-22T19:28:20+00:00\",\"dateModified\":\"2026-05-22T19:28:21+00:00\",\"breadcrumb\":{\"@id\":\"https:\\\/\\\/www.ipiccoliquotidiano.it\\\/index.php\\\/2026\\\/05\\\/22\\\/giuseppe-ungaretti-e-la-sua-lirica-mattina\\\/#breadcrumb\"},\"inLanguage\":\"it-IT\",\"potentialAction\":[{\"@type\":\"ReadAction\",\"target\":[\"https:\\\/\\\/www.ipiccoliquotidiano.it\\\/index.php\\\/2026\\\/05\\\/22\\\/giuseppe-ungaretti-e-la-sua-lirica-mattina\\\/\"]}]},{\"@type\":\"ImageObject\",\"inLanguage\":\"it-IT\",\"@id\":\"https:\\\/\\\/www.ipiccoliquotidiano.it\\\/index.php\\\/2026\\\/05\\\/22\\\/giuseppe-ungaretti-e-la-sua-lirica-mattina\\\/#primaryimage\",\"url\":\"https:\\\/\\\/www.ipiccoliquotidiano.it\\\/wp-content\\\/uploads\\\/2024\\\/05\\\/af1708_af6d58736b2fb784a57a067b726b5269_HomeIm_603x400-1.jpg\",\"contentUrl\":\"https:\\\/\\\/www.ipiccoliquotidiano.it\\\/wp-content\\\/uploads\\\/2024\\\/05\\\/af1708_af6d58736b2fb784a57a067b726b5269_HomeIm_603x400-1.jpg\",\"width\":603,\"height\":400},{\"@type\":\"BreadcrumbList\",\"@id\":\"https:\\\/\\\/www.ipiccoliquotidiano.it\\\/index.php\\\/2026\\\/05\\\/22\\\/giuseppe-ungaretti-e-la-sua-lirica-mattina\\\/#breadcrumb\",\"itemListElement\":[{\"@type\":\"ListItem\",\"position\":1,\"name\":\"Home\",\"item\":\"https:\\\/\\\/www.ipiccoliquotidiano.it\\\/\"},{\"@type\":\"ListItem\",\"position\":2,\"name\":\"Giuseppe Ungaretti e la sua lirica &#8220;Mattina&#8221;\"}]},{\"@type\":\"WebSite\",\"@id\":\"https:\\\/\\\/www.ipiccoliquotidiano.it\\\/#website\",\"url\":\"https:\\\/\\\/www.ipiccoliquotidiano.it\\\/\",\"name\":\"IPiccoliQuotidiano.it\",\"description\":\"Il Quotidiano dei Piccoli\",\"publisher\":{\"@id\":\"https:\\\/\\\/www.ipiccoliquotidiano.it\\\/#organization\"},\"potentialAction\":[{\"@type\":\"SearchAction\",\"target\":{\"@type\":\"EntryPoint\",\"urlTemplate\":\"https:\\\/\\\/www.ipiccoliquotidiano.it\\\/?s={search_term_string}\"},\"query-input\":{\"@type\":\"PropertyValueSpecification\",\"valueRequired\":true,\"valueName\":\"search_term_string\"}}],\"inLanguage\":\"it-IT\"},{\"@type\":\"Organization\",\"@id\":\"https:\\\/\\\/www.ipiccoliquotidiano.it\\\/#organization\",\"name\":\"IPiccoliQuotidiano.it\",\"url\":\"https:\\\/\\\/www.ipiccoliquotidiano.it\\\/\",\"logo\":{\"@type\":\"ImageObject\",\"inLanguage\":\"it-IT\",\"@id\":\"https:\\\/\\\/www.ipiccoliquotidiano.it\\\/#\\\/schema\\\/logo\\\/image\\\/\",\"url\":\"https:\\\/\\\/www.ipiccoliquotidiano.it\\\/wp-content\\\/uploads\\\/2024\\\/05\\\/ipiccoli-logo.jpg\",\"contentUrl\":\"https:\\\/\\\/www.ipiccoliquotidiano.it\\\/wp-content\\\/uploads\\\/2024\\\/05\\\/ipiccoli-logo.jpg\",\"width\":300,\"height\":129,\"caption\":\"IPiccoliQuotidiano.it\"},\"image\":{\"@id\":\"https:\\\/\\\/www.ipiccoliquotidiano.it\\\/#\\\/schema\\\/logo\\\/image\\\/\"},\"sameAs\":[\"https:\\\/\\\/www.facebook.com\\\/ipiccoliquotidiano\"]},{\"@type\":\"Person\",\"@id\":\"https:\\\/\\\/www.ipiccoliquotidiano.it\\\/#\\\/schema\\\/person\\\/c0dbf5e1911534c980f51b4f6fea36ba\",\"name\":\"Lucia Gonnella\",\"url\":\"https:\\\/\\\/www.ipiccoliquotidiano.it\\\/index.php\\\/author\\\/lucia-gonnella\\\/\"}]}<\/script>\n<!-- \/ Yoast SEO plugin. -->","yoast_head_json":{"title":"Giuseppe Ungaretti e la sua lirica \"Mattina\" - IPiccoliQuotidiano.it","robots":{"index":"index","follow":"follow","max-snippet":"max-snippet:-1","max-image-preview":"max-image-preview:large","max-video-preview":"max-video-preview:-1"},"canonical":"https:\/\/www.ipiccoliquotidiano.it\/index.php\/2026\/05\/22\/giuseppe-ungaretti-e-la-sua-lirica-mattina\/","og_locale":"it_IT","og_type":"article","og_title":"Giuseppe Ungaretti e la sua lirica \"Mattina\" - IPiccoliQuotidiano.it","og_description":"Nel Parco de Getsemani, in un pomeriggio di aprile, mi colpisce il disco del sole: illumina la Piana di Paestum che degrada dolcemente verso il mare lontano e&#8230; M&#8217;illumino d&#8217;immenso Ungaretti \u00e8 stato il maggiore esponente della &#8220;poesia pura&#8221; da cui si svilupper\u00e0 la corrente vera e propria dell&#8217; Ermetismo. Coerentemente con la poesia ermetica,","og_url":"https:\/\/www.ipiccoliquotidiano.it\/index.php\/2026\/05\/22\/giuseppe-ungaretti-e-la-sua-lirica-mattina\/","og_site_name":"IPiccoliQuotidiano.it","article_publisher":"https:\/\/www.facebook.com\/ipiccoliquotidiano","article_published_time":"2026-05-22T19:28:20+00:00","article_modified_time":"2026-05-22T19:28:21+00:00","og_image":[{"width":603,"height":400,"url":"https:\/\/www.ipiccoliquotidiano.it\/wp-content\/uploads\/2024\/05\/af1708_af6d58736b2fb784a57a067b726b5269_HomeIm_603x400-1.jpg","type":"image\/jpeg"}],"author":"Lucia Gonnella","twitter_card":"summary_large_image","twitter_misc":{"Scritto da":"Lucia Gonnella","Tempo di lettura stimato":"4 minuti"},"schema":{"@context":"https:\/\/schema.org","@graph":[{"@type":"Article","@id":"https:\/\/www.ipiccoliquotidiano.it\/index.php\/2026\/05\/22\/giuseppe-ungaretti-e-la-sua-lirica-mattina\/#article","isPartOf":{"@id":"https:\/\/www.ipiccoliquotidiano.it\/index.php\/2026\/05\/22\/giuseppe-ungaretti-e-la-sua-lirica-mattina\/"},"author":{"name":"Lucia Gonnella","@id":"https:\/\/www.ipiccoliquotidiano.it\/#\/schema\/person\/c0dbf5e1911534c980f51b4f6fea36ba"},"headline":"Giuseppe Ungaretti e la sua lirica &#8220;Mattina&#8221;","datePublished":"2026-05-22T19:28:20+00:00","dateModified":"2026-05-22T19:28:21+00:00","mainEntityOfPage":{"@id":"https:\/\/www.ipiccoliquotidiano.it\/index.php\/2026\/05\/22\/giuseppe-ungaretti-e-la-sua-lirica-mattina\/"},"wordCount":544,"publisher":{"@id":"https:\/\/www.ipiccoliquotidiano.it\/#organization"},"image":{"@id":"https:\/\/www.ipiccoliquotidiano.it\/index.php\/2026\/05\/22\/giuseppe-ungaretti-e-la-sua-lirica-mattina\/#primaryimage"},"thumbnailUrl":"https:\/\/www.ipiccoliquotidiano.it\/wp-content\/uploads\/2024\/05\/af1708_af6d58736b2fb784a57a067b726b5269_HomeIm_603x400-1.jpg","articleSection":["Accadde Oggi"],"inLanguage":"it-IT"},{"@type":"WebPage","@id":"https:\/\/www.ipiccoliquotidiano.it\/index.php\/2026\/05\/22\/giuseppe-ungaretti-e-la-sua-lirica-mattina\/","url":"https:\/\/www.ipiccoliquotidiano.it\/index.php\/2026\/05\/22\/giuseppe-ungaretti-e-la-sua-lirica-mattina\/","name":"Giuseppe Ungaretti e la sua lirica \"Mattina\" - IPiccoliQuotidiano.it","isPartOf":{"@id":"https:\/\/www.ipiccoliquotidiano.it\/#website"},"primaryImageOfPage":{"@id":"https:\/\/www.ipiccoliquotidiano.it\/index.php\/2026\/05\/22\/giuseppe-ungaretti-e-la-sua-lirica-mattina\/#primaryimage"},"image":{"@id":"https:\/\/www.ipiccoliquotidiano.it\/index.php\/2026\/05\/22\/giuseppe-ungaretti-e-la-sua-lirica-mattina\/#primaryimage"},"thumbnailUrl":"https:\/\/www.ipiccoliquotidiano.it\/wp-content\/uploads\/2024\/05\/af1708_af6d58736b2fb784a57a067b726b5269_HomeIm_603x400-1.jpg","datePublished":"2026-05-22T19:28:20+00:00","dateModified":"2026-05-22T19:28:21+00:00","breadcrumb":{"@id":"https:\/\/www.ipiccoliquotidiano.it\/index.php\/2026\/05\/22\/giuseppe-ungaretti-e-la-sua-lirica-mattina\/#breadcrumb"},"inLanguage":"it-IT","potentialAction":[{"@type":"ReadAction","target":["https:\/\/www.ipiccoliquotidiano.it\/index.php\/2026\/05\/22\/giuseppe-ungaretti-e-la-sua-lirica-mattina\/"]}]},{"@type":"ImageObject","inLanguage":"it-IT","@id":"https:\/\/www.ipiccoliquotidiano.it\/index.php\/2026\/05\/22\/giuseppe-ungaretti-e-la-sua-lirica-mattina\/#primaryimage","url":"https:\/\/www.ipiccoliquotidiano.it\/wp-content\/uploads\/2024\/05\/af1708_af6d58736b2fb784a57a067b726b5269_HomeIm_603x400-1.jpg","contentUrl":"https:\/\/www.ipiccoliquotidiano.it\/wp-content\/uploads\/2024\/05\/af1708_af6d58736b2fb784a57a067b726b5269_HomeIm_603x400-1.jpg","width":603,"height":400},{"@type":"BreadcrumbList","@id":"https:\/\/www.ipiccoliquotidiano.it\/index.php\/2026\/05\/22\/giuseppe-ungaretti-e-la-sua-lirica-mattina\/#breadcrumb","itemListElement":[{"@type":"ListItem","position":1,"name":"Home","item":"https:\/\/www.ipiccoliquotidiano.it\/"},{"@type":"ListItem","position":2,"name":"Giuseppe Ungaretti e la sua lirica &#8220;Mattina&#8221;"}]},{"@type":"WebSite","@id":"https:\/\/www.ipiccoliquotidiano.it\/#website","url":"https:\/\/www.ipiccoliquotidiano.it\/","name":"IPiccoliQuotidiano.it","description":"Il Quotidiano dei Piccoli","publisher":{"@id":"https:\/\/www.ipiccoliquotidiano.it\/#organization"},"potentialAction":[{"@type":"SearchAction","target":{"@type":"EntryPoint","urlTemplate":"https:\/\/www.ipiccoliquotidiano.it\/?s={search_term_string}"},"query-input":{"@type":"PropertyValueSpecification","valueRequired":true,"valueName":"search_term_string"}}],"inLanguage":"it-IT"},{"@type":"Organization","@id":"https:\/\/www.ipiccoliquotidiano.it\/#organization","name":"IPiccoliQuotidiano.it","url":"https:\/\/www.ipiccoliquotidiano.it\/","logo":{"@type":"ImageObject","inLanguage":"it-IT","@id":"https:\/\/www.ipiccoliquotidiano.it\/#\/schema\/logo\/image\/","url":"https:\/\/www.ipiccoliquotidiano.it\/wp-content\/uploads\/2024\/05\/ipiccoli-logo.jpg","contentUrl":"https:\/\/www.ipiccoliquotidiano.it\/wp-content\/uploads\/2024\/05\/ipiccoli-logo.jpg","width":300,"height":129,"caption":"IPiccoliQuotidiano.it"},"image":{"@id":"https:\/\/www.ipiccoliquotidiano.it\/#\/schema\/logo\/image\/"},"sameAs":["https:\/\/www.facebook.com\/ipiccoliquotidiano"]},{"@type":"Person","@id":"https:\/\/www.ipiccoliquotidiano.it\/#\/schema\/person\/c0dbf5e1911534c980f51b4f6fea36ba","name":"Lucia Gonnella","url":"https:\/\/www.ipiccoliquotidiano.it\/index.php\/author\/lucia-gonnella\/"}]}},"_links":{"self":[{"href":"https:\/\/www.ipiccoliquotidiano.it\/index.php\/wp-json\/wp\/v2\/posts\/23353","targetHints":{"allow":["GET"]}}],"collection":[{"href":"https:\/\/www.ipiccoliquotidiano.it\/index.php\/wp-json\/wp\/v2\/posts"}],"about":[{"href":"https:\/\/www.ipiccoliquotidiano.it\/index.php\/wp-json\/wp\/v2\/types\/post"}],"author":[{"embeddable":true,"href":"https:\/\/www.ipiccoliquotidiano.it\/index.php\/wp-json\/wp\/v2\/users\/30"}],"replies":[{"embeddable":true,"href":"https:\/\/www.ipiccoliquotidiano.it\/index.php\/wp-json\/wp\/v2\/comments?post=23353"}],"version-history":[{"count":1,"href":"https:\/\/www.ipiccoliquotidiano.it\/index.php\/wp-json\/wp\/v2\/posts\/23353\/revisions"}],"predecessor-version":[{"id":31196,"href":"https:\/\/www.ipiccoliquotidiano.it\/index.php\/wp-json\/wp\/v2\/posts\/23353\/revisions\/31196"}],"wp:featuredmedia":[{"embeddable":true,"href":"https:\/\/www.ipiccoliquotidiano.it\/index.php\/wp-json\/wp\/v2\/media\/23354"}],"wp:attachment":[{"href":"https:\/\/www.ipiccoliquotidiano.it\/index.php\/wp-json\/wp\/v2\/media?parent=23353"}],"wp:term":[{"taxonomy":"category","embeddable":true,"href":"https:\/\/www.ipiccoliquotidiano.it\/index.php\/wp-json\/wp\/v2\/categories?post=23353"},{"taxonomy":"post_tag","embeddable":true,"href":"https:\/\/www.ipiccoliquotidiano.it\/index.php\/wp-json\/wp\/v2\/tags?post=23353"}],"curies":[{"name":"wp","href":"https:\/\/api.w.org\/{rel}","templated":true}]}}