{"id":22788,"date":"2021-11-25T00:00:00","date_gmt":"2021-11-25T00:00:00","guid":{"rendered":"https:\/\/www.ipiccoliquotidiano.it\/index.php\/2021\/11\/25\/jacobs-a-bolt-mi-batti-facciamo-rubabandiera\/"},"modified":"2021-11-25T00:00:00","modified_gmt":"2021-11-25T00:00:00","slug":"jacobs-a-bolt-mi-batti-facciamo-rubabandiera","status":"publish","type":"post","link":"https:\/\/www.ipiccoliquotidiano.it\/index.php\/2021\/11\/25\/jacobs-a-bolt-mi-batti-facciamo-rubabandiera\/","title":{"rendered":"Jacobs a Bolt: &#8216;Mi batti? Facciamo rubabandiera&#8217;"},"content":{"rendered":"<p>Una sfida che sarebbe da sogno ma che, probabilmente, non si far\u00e0 mani, almeno sul serio.<\/p>\n<p>Ma \u00e8 bello immaginare che Usain Bolt e Marcell Jacobs possano un giorno gareggiare uno contro l&#8217;altro in pista.<\/p>\n<p>Tutto \u00e8 nato dalla frase detta dal &#8216;Lampo&#8217;, 8 volte olimpionico, una settimana fa a Dubai nel corso di un evento di uno dei suoi sponsor quando gli \u00e8 stato chiesto se avrebbe potuto vincere i 100 metri alle Olimpiadi di Tokyo, dove invece si \u00e8 imposto Jacobs con il tempo di 9&#8243;80.<\/p>\n<p>&#8220;Tanto di cappello davanti a Jacobs, ma s\u00ec avrei vinto &#8211; la risposta di Bolt &#8211; e lo sprint mi manca molto, perch\u00e9&#8217; vivo per quei momenti, \u00e8 stato difficile per me guardare quella gara&#8221;. &#8220;Quando mi sono ritirato nel 2017, il mio allenatore mi ha detto che i miei avversari non sono pi\u00f9 veloci, sono io che sono pi\u00f9 lento\u201d. Ad agosto, pochi giorni dopo la vittoria di Jacobs, Bolt aveva fatto notare che &#8220;Marcell aveva dato tutto, il meglio di s\u00e9 nei 100 metri, la corsa pi\u00f9 importante e prestigiosa delle Olimpiadi. E questo \u00e8 sicuramente un segno di grande classe, di talento. A lui e all&#8217;Italia vanno i complimenti anche per la vittoria nella staffetta 4X100.<\/p>\n<p>Ora, su Instagram, \u00e8 arrivata la risposta dell&#8217;olimpionico azzurro che al suo predecessore ha guardato sempre come a un idolo, oltre che fonte di ispirazione. &#8220;Sei il mio eroe -scrive Jacobs &#8211; e ti ringrazio per il &#8216;tanto&#8217; di cappello. Ma hai anche detto che avresti vinto tu, quindi sono pronto per la sfida. Che ne dici di un ruba-bandiera di beneficenza? Io porto il mio team, tu il tuo&#8221;. Ora non rimane che vedere se Bolt, trover\u00e0 il tempo di accettare la sfida, magari per donare un sorriso a chi ne ha bisogno. Jacobs non si tirer\u00e0 certo indietro, poi torner\u00e0 a prepararsi a dovere per i Mondiali del prossimo anno a Eugene.<\/p>\n","protected":false},"excerpt":{"rendered":"<p>Una sfida che sarebbe da sogno ma che, probabilmente, non si far\u00e0 mani, almeno sul serio. Ma \u00e8 bello immaginare che Usain Bolt e Marcell Jacobs possano un giorno gareggiare uno contro l&#8217;altro in pista. Tutto \u00e8 nato dalla frase detta dal &#8216;Lampo&#8217;, 8 volte olimpionico, una settimana fa a Dubai nel corso di un<\/p>\n","protected":false},"author":37,"featured_media":22789,"comment_status":"closed","ping_status":"closed","sticky":false,"template":"","format":"standard","meta":{"footnotes":""},"categories":[48],"tags":[],"class_list":["post-22788","post","type-post","status-publish","format-standard","has-post-thumbnail","category-a-tutto-sport"],"yoast_head":"<!-- This site is optimized with the Yoast SEO plugin v28.3 - https:\/\/yoast.com\/product\/yoast-seo-wordpress\/ -->\n<title>Jacobs a Bolt: &#039;Mi batti? Facciamo rubabandiera&#039; - IPiccoliQuotidiano.it<\/title>\n<meta name=\"robots\" content=\"index, follow, max-snippet:-1, max-image-preview:large, max-video-preview:-1\" \/>\n<link rel=\"canonical\" href=\"https:\/\/www.ipiccoliquotidiano.it\/index.php\/2021\/11\/25\/jacobs-a-bolt-mi-batti-facciamo-rubabandiera\/\" \/>\n<meta property=\"og:locale\" content=\"it_IT\" \/>\n<meta property=\"og:type\" content=\"article\" \/>\n<meta property=\"og:title\" content=\"Jacobs a Bolt: &#039;Mi batti? Facciamo rubabandiera&#039; - IPiccoliQuotidiano.it\" \/>\n<meta property=\"og:description\" content=\"Una sfida che sarebbe da sogno ma che, probabilmente, non si far\u00e0 mani, almeno sul serio. Ma \u00e8 bello immaginare che Usain Bolt e Marcell Jacobs possano un giorno gareggiare uno contro l&#8217;altro in pista. Tutto \u00e8 nato dalla frase detta dal &#8216;Lampo&#8217;, 8 volte olimpionico, una settimana fa a Dubai nel corso di un\" \/>\n<meta property=\"og:url\" content=\"https:\/\/www.ipiccoliquotidiano.it\/index.php\/2021\/11\/25\/jacobs-a-bolt-mi-batti-facciamo-rubabandiera\/\" \/>\n<meta property=\"og:site_name\" content=\"IPiccoliQuotidiano.it\" \/>\n<meta property=\"article:publisher\" content=\"https:\/\/www.facebook.com\/ipiccoliquotidiano\" \/>\n<meta property=\"article:published_time\" content=\"2021-11-25T00:00:00+00:00\" \/>\n<meta property=\"og:image\" content=\"https:\/\/www.ipiccoliquotidiano.it\/wp-content\/uploads\/2024\/05\/376fc2_jacobs_Bolt_HomeIm_800x400-1.jpg\" \/>\n\t<meta property=\"og:image:width\" content=\"800\" \/>\n\t<meta property=\"og:image:height\" content=\"400\" \/>\n\t<meta property=\"og:image:type\" content=\"image\/jpeg\" \/>\n<meta name=\"author\" content=\"Redazione\" \/>\n<meta name=\"twitter:card\" content=\"summary_large_image\" \/>\n<meta name=\"twitter:label1\" content=\"Scritto da\" \/>\n\t<meta name=\"twitter:data1\" content=\"Redazione\" \/>\n\t<meta name=\"twitter:label2\" content=\"Tempo di lettura stimato\" \/>\n\t<meta name=\"twitter:data2\" content=\"2 minuti\" \/>\n<script type=\"application\/ld+json\" class=\"yoast-schema-graph\">{\"@context\":\"https:\\\/\\\/schema.org\",\"@graph\":[{\"@type\":\"Article\",\"@id\":\"https:\\\/\\\/www.ipiccoliquotidiano.it\\\/index.php\\\/2021\\\/11\\\/25\\\/jacobs-a-bolt-mi-batti-facciamo-rubabandiera\\\/#article\",\"isPartOf\":{\"@id\":\"https:\\\/\\\/www.ipiccoliquotidiano.it\\\/index.php\\\/2021\\\/11\\\/25\\\/jacobs-a-bolt-mi-batti-facciamo-rubabandiera\\\/\"},\"author\":{\"name\":\"Redazione\",\"@id\":\"https:\\\/\\\/www.ipiccoliquotidiano.it\\\/#\\\/schema\\\/person\\\/aa217f3cf90bae1bf2bd5e7c00b2d4c4\"},\"headline\":\"Jacobs a Bolt: &#8216;Mi batti? Facciamo rubabandiera&#8217;\",\"datePublished\":\"2021-11-25T00:00:00+00:00\",\"mainEntityOfPage\":{\"@id\":\"https:\\\/\\\/www.ipiccoliquotidiano.it\\\/index.php\\\/2021\\\/11\\\/25\\\/jacobs-a-bolt-mi-batti-facciamo-rubabandiera\\\/\"},\"wordCount\":319,\"publisher\":{\"@id\":\"https:\\\/\\\/www.ipiccoliquotidiano.it\\\/#organization\"},\"image\":{\"@id\":\"https:\\\/\\\/www.ipiccoliquotidiano.it\\\/index.php\\\/2021\\\/11\\\/25\\\/jacobs-a-bolt-mi-batti-facciamo-rubabandiera\\\/#primaryimage\"},\"thumbnailUrl\":\"https:\\\/\\\/www.ipiccoliquotidiano.it\\\/wp-content\\\/uploads\\\/2024\\\/05\\\/376fc2_jacobs_Bolt_HomeIm_800x400-1.jpg\",\"articleSection\":[\"A tutto sport\"],\"inLanguage\":\"it-IT\"},{\"@type\":\"WebPage\",\"@id\":\"https:\\\/\\\/www.ipiccoliquotidiano.it\\\/index.php\\\/2021\\\/11\\\/25\\\/jacobs-a-bolt-mi-batti-facciamo-rubabandiera\\\/\",\"url\":\"https:\\\/\\\/www.ipiccoliquotidiano.it\\\/index.php\\\/2021\\\/11\\\/25\\\/jacobs-a-bolt-mi-batti-facciamo-rubabandiera\\\/\",\"name\":\"Jacobs a Bolt: 'Mi batti? Facciamo rubabandiera' - IPiccoliQuotidiano.it\",\"isPartOf\":{\"@id\":\"https:\\\/\\\/www.ipiccoliquotidiano.it\\\/#website\"},\"primaryImageOfPage\":{\"@id\":\"https:\\\/\\\/www.ipiccoliquotidiano.it\\\/index.php\\\/2021\\\/11\\\/25\\\/jacobs-a-bolt-mi-batti-facciamo-rubabandiera\\\/#primaryimage\"},\"image\":{\"@id\":\"https:\\\/\\\/www.ipiccoliquotidiano.it\\\/index.php\\\/2021\\\/11\\\/25\\\/jacobs-a-bolt-mi-batti-facciamo-rubabandiera\\\/#primaryimage\"},\"thumbnailUrl\":\"https:\\\/\\\/www.ipiccoliquotidiano.it\\\/wp-content\\\/uploads\\\/2024\\\/05\\\/376fc2_jacobs_Bolt_HomeIm_800x400-1.jpg\",\"datePublished\":\"2021-11-25T00:00:00+00:00\",\"breadcrumb\":{\"@id\":\"https:\\\/\\\/www.ipiccoliquotidiano.it\\\/index.php\\\/2021\\\/11\\\/25\\\/jacobs-a-bolt-mi-batti-facciamo-rubabandiera\\\/#breadcrumb\"},\"inLanguage\":\"it-IT\",\"potentialAction\":[{\"@type\":\"ReadAction\",\"target\":[\"https:\\\/\\\/www.ipiccoliquotidiano.it\\\/index.php\\\/2021\\\/11\\\/25\\\/jacobs-a-bolt-mi-batti-facciamo-rubabandiera\\\/\"]}]},{\"@type\":\"ImageObject\",\"inLanguage\":\"it-IT\",\"@id\":\"https:\\\/\\\/www.ipiccoliquotidiano.it\\\/index.php\\\/2021\\\/11\\\/25\\\/jacobs-a-bolt-mi-batti-facciamo-rubabandiera\\\/#primaryimage\",\"url\":\"https:\\\/\\\/www.ipiccoliquotidiano.it\\\/wp-content\\\/uploads\\\/2024\\\/05\\\/376fc2_jacobs_Bolt_HomeIm_800x400-1.jpg\",\"contentUrl\":\"https:\\\/\\\/www.ipiccoliquotidiano.it\\\/wp-content\\\/uploads\\\/2024\\\/05\\\/376fc2_jacobs_Bolt_HomeIm_800x400-1.jpg\",\"width\":800,\"height\":400},{\"@type\":\"BreadcrumbList\",\"@id\":\"https:\\\/\\\/www.ipiccoliquotidiano.it\\\/index.php\\\/2021\\\/11\\\/25\\\/jacobs-a-bolt-mi-batti-facciamo-rubabandiera\\\/#breadcrumb\",\"itemListElement\":[{\"@type\":\"ListItem\",\"position\":1,\"name\":\"Home\",\"item\":\"https:\\\/\\\/www.ipiccoliquotidiano.it\\\/\"},{\"@type\":\"ListItem\",\"position\":2,\"name\":\"Jacobs a Bolt: &#8216;Mi batti? Facciamo rubabandiera&#8217;\"}]},{\"@type\":\"WebSite\",\"@id\":\"https:\\\/\\\/www.ipiccoliquotidiano.it\\\/#website\",\"url\":\"https:\\\/\\\/www.ipiccoliquotidiano.it\\\/\",\"name\":\"IPiccoliQuotidiano.it\",\"description\":\"Il Quotidiano dei Piccoli\",\"publisher\":{\"@id\":\"https:\\\/\\\/www.ipiccoliquotidiano.it\\\/#organization\"},\"potentialAction\":[{\"@type\":\"SearchAction\",\"target\":{\"@type\":\"EntryPoint\",\"urlTemplate\":\"https:\\\/\\\/www.ipiccoliquotidiano.it\\\/?s={search_term_string}\"},\"query-input\":{\"@type\":\"PropertyValueSpecification\",\"valueRequired\":true,\"valueName\":\"search_term_string\"}}],\"inLanguage\":\"it-IT\"},{\"@type\":\"Organization\",\"@id\":\"https:\\\/\\\/www.ipiccoliquotidiano.it\\\/#organization\",\"name\":\"IPiccoliQuotidiano.it\",\"url\":\"https:\\\/\\\/www.ipiccoliquotidiano.it\\\/\",\"logo\":{\"@type\":\"ImageObject\",\"inLanguage\":\"it-IT\",\"@id\":\"https:\\\/\\\/www.ipiccoliquotidiano.it\\\/#\\\/schema\\\/logo\\\/image\\\/\",\"url\":\"https:\\\/\\\/www.ipiccoliquotidiano.it\\\/wp-content\\\/uploads\\\/2024\\\/05\\\/ipiccoli-logo.jpg\",\"contentUrl\":\"https:\\\/\\\/www.ipiccoliquotidiano.it\\\/wp-content\\\/uploads\\\/2024\\\/05\\\/ipiccoli-logo.jpg\",\"width\":300,\"height\":129,\"caption\":\"IPiccoliQuotidiano.it\"},\"image\":{\"@id\":\"https:\\\/\\\/www.ipiccoliquotidiano.it\\\/#\\\/schema\\\/logo\\\/image\\\/\"},\"sameAs\":[\"https:\\\/\\\/www.facebook.com\\\/ipiccoliquotidiano\"]},{\"@type\":\"Person\",\"@id\":\"https:\\\/\\\/www.ipiccoliquotidiano.it\\\/#\\\/schema\\\/person\\\/aa217f3cf90bae1bf2bd5e7c00b2d4c4\",\"name\":\"Redazione\",\"url\":\"https:\\\/\\\/www.ipiccoliquotidiano.it\\\/index.php\\\/author\\\/redazione\\\/\"}]}<\/script>\n<!-- \/ Yoast SEO plugin. -->","yoast_head_json":{"title":"Jacobs a Bolt: 'Mi batti? Facciamo rubabandiera' - IPiccoliQuotidiano.it","robots":{"index":"index","follow":"follow","max-snippet":"max-snippet:-1","max-image-preview":"max-image-preview:large","max-video-preview":"max-video-preview:-1"},"canonical":"https:\/\/www.ipiccoliquotidiano.it\/index.php\/2021\/11\/25\/jacobs-a-bolt-mi-batti-facciamo-rubabandiera\/","og_locale":"it_IT","og_type":"article","og_title":"Jacobs a Bolt: 'Mi batti? Facciamo rubabandiera' - IPiccoliQuotidiano.it","og_description":"Una sfida che sarebbe da sogno ma che, probabilmente, non si far\u00e0 mani, almeno sul serio. Ma \u00e8 bello immaginare che Usain Bolt e Marcell Jacobs possano un giorno gareggiare uno contro l&#8217;altro in pista. Tutto \u00e8 nato dalla frase detta dal &#8216;Lampo&#8217;, 8 volte olimpionico, una settimana fa a Dubai nel corso di un","og_url":"https:\/\/www.ipiccoliquotidiano.it\/index.php\/2021\/11\/25\/jacobs-a-bolt-mi-batti-facciamo-rubabandiera\/","og_site_name":"IPiccoliQuotidiano.it","article_publisher":"https:\/\/www.facebook.com\/ipiccoliquotidiano","article_published_time":"2021-11-25T00:00:00+00:00","og_image":[{"width":800,"height":400,"url":"https:\/\/www.ipiccoliquotidiano.it\/wp-content\/uploads\/2024\/05\/376fc2_jacobs_Bolt_HomeIm_800x400-1.jpg","type":"image\/jpeg"}],"author":"Redazione","twitter_card":"summary_large_image","twitter_misc":{"Scritto da":"Redazione","Tempo di lettura stimato":"2 minuti"},"schema":{"@context":"https:\/\/schema.org","@graph":[{"@type":"Article","@id":"https:\/\/www.ipiccoliquotidiano.it\/index.php\/2021\/11\/25\/jacobs-a-bolt-mi-batti-facciamo-rubabandiera\/#article","isPartOf":{"@id":"https:\/\/www.ipiccoliquotidiano.it\/index.php\/2021\/11\/25\/jacobs-a-bolt-mi-batti-facciamo-rubabandiera\/"},"author":{"name":"Redazione","@id":"https:\/\/www.ipiccoliquotidiano.it\/#\/schema\/person\/aa217f3cf90bae1bf2bd5e7c00b2d4c4"},"headline":"Jacobs a Bolt: &#8216;Mi batti? Facciamo rubabandiera&#8217;","datePublished":"2021-11-25T00:00:00+00:00","mainEntityOfPage":{"@id":"https:\/\/www.ipiccoliquotidiano.it\/index.php\/2021\/11\/25\/jacobs-a-bolt-mi-batti-facciamo-rubabandiera\/"},"wordCount":319,"publisher":{"@id":"https:\/\/www.ipiccoliquotidiano.it\/#organization"},"image":{"@id":"https:\/\/www.ipiccoliquotidiano.it\/index.php\/2021\/11\/25\/jacobs-a-bolt-mi-batti-facciamo-rubabandiera\/#primaryimage"},"thumbnailUrl":"https:\/\/www.ipiccoliquotidiano.it\/wp-content\/uploads\/2024\/05\/376fc2_jacobs_Bolt_HomeIm_800x400-1.jpg","articleSection":["A tutto sport"],"inLanguage":"it-IT"},{"@type":"WebPage","@id":"https:\/\/www.ipiccoliquotidiano.it\/index.php\/2021\/11\/25\/jacobs-a-bolt-mi-batti-facciamo-rubabandiera\/","url":"https:\/\/www.ipiccoliquotidiano.it\/index.php\/2021\/11\/25\/jacobs-a-bolt-mi-batti-facciamo-rubabandiera\/","name":"Jacobs a Bolt: 'Mi batti? Facciamo rubabandiera' - IPiccoliQuotidiano.it","isPartOf":{"@id":"https:\/\/www.ipiccoliquotidiano.it\/#website"},"primaryImageOfPage":{"@id":"https:\/\/www.ipiccoliquotidiano.it\/index.php\/2021\/11\/25\/jacobs-a-bolt-mi-batti-facciamo-rubabandiera\/#primaryimage"},"image":{"@id":"https:\/\/www.ipiccoliquotidiano.it\/index.php\/2021\/11\/25\/jacobs-a-bolt-mi-batti-facciamo-rubabandiera\/#primaryimage"},"thumbnailUrl":"https:\/\/www.ipiccoliquotidiano.it\/wp-content\/uploads\/2024\/05\/376fc2_jacobs_Bolt_HomeIm_800x400-1.jpg","datePublished":"2021-11-25T00:00:00+00:00","breadcrumb":{"@id":"https:\/\/www.ipiccoliquotidiano.it\/index.php\/2021\/11\/25\/jacobs-a-bolt-mi-batti-facciamo-rubabandiera\/#breadcrumb"},"inLanguage":"it-IT","potentialAction":[{"@type":"ReadAction","target":["https:\/\/www.ipiccoliquotidiano.it\/index.php\/2021\/11\/25\/jacobs-a-bolt-mi-batti-facciamo-rubabandiera\/"]}]},{"@type":"ImageObject","inLanguage":"it-IT","@id":"https:\/\/www.ipiccoliquotidiano.it\/index.php\/2021\/11\/25\/jacobs-a-bolt-mi-batti-facciamo-rubabandiera\/#primaryimage","url":"https:\/\/www.ipiccoliquotidiano.it\/wp-content\/uploads\/2024\/05\/376fc2_jacobs_Bolt_HomeIm_800x400-1.jpg","contentUrl":"https:\/\/www.ipiccoliquotidiano.it\/wp-content\/uploads\/2024\/05\/376fc2_jacobs_Bolt_HomeIm_800x400-1.jpg","width":800,"height":400},{"@type":"BreadcrumbList","@id":"https:\/\/www.ipiccoliquotidiano.it\/index.php\/2021\/11\/25\/jacobs-a-bolt-mi-batti-facciamo-rubabandiera\/#breadcrumb","itemListElement":[{"@type":"ListItem","position":1,"name":"Home","item":"https:\/\/www.ipiccoliquotidiano.it\/"},{"@type":"ListItem","position":2,"name":"Jacobs a Bolt: &#8216;Mi batti? Facciamo rubabandiera&#8217;"}]},{"@type":"WebSite","@id":"https:\/\/www.ipiccoliquotidiano.it\/#website","url":"https:\/\/www.ipiccoliquotidiano.it\/","name":"IPiccoliQuotidiano.it","description":"Il Quotidiano dei Piccoli","publisher":{"@id":"https:\/\/www.ipiccoliquotidiano.it\/#organization"},"potentialAction":[{"@type":"SearchAction","target":{"@type":"EntryPoint","urlTemplate":"https:\/\/www.ipiccoliquotidiano.it\/?s={search_term_string}"},"query-input":{"@type":"PropertyValueSpecification","valueRequired":true,"valueName":"search_term_string"}}],"inLanguage":"it-IT"},{"@type":"Organization","@id":"https:\/\/www.ipiccoliquotidiano.it\/#organization","name":"IPiccoliQuotidiano.it","url":"https:\/\/www.ipiccoliquotidiano.it\/","logo":{"@type":"ImageObject","inLanguage":"it-IT","@id":"https:\/\/www.ipiccoliquotidiano.it\/#\/schema\/logo\/image\/","url":"https:\/\/www.ipiccoliquotidiano.it\/wp-content\/uploads\/2024\/05\/ipiccoli-logo.jpg","contentUrl":"https:\/\/www.ipiccoliquotidiano.it\/wp-content\/uploads\/2024\/05\/ipiccoli-logo.jpg","width":300,"height":129,"caption":"IPiccoliQuotidiano.it"},"image":{"@id":"https:\/\/www.ipiccoliquotidiano.it\/#\/schema\/logo\/image\/"},"sameAs":["https:\/\/www.facebook.com\/ipiccoliquotidiano"]},{"@type":"Person","@id":"https:\/\/www.ipiccoliquotidiano.it\/#\/schema\/person\/aa217f3cf90bae1bf2bd5e7c00b2d4c4","name":"Redazione","url":"https:\/\/www.ipiccoliquotidiano.it\/index.php\/author\/redazione\/"}]}},"_links":{"self":[{"href":"https:\/\/www.ipiccoliquotidiano.it\/index.php\/wp-json\/wp\/v2\/posts\/22788","targetHints":{"allow":["GET"]}}],"collection":[{"href":"https:\/\/www.ipiccoliquotidiano.it\/index.php\/wp-json\/wp\/v2\/posts"}],"about":[{"href":"https:\/\/www.ipiccoliquotidiano.it\/index.php\/wp-json\/wp\/v2\/types\/post"}],"author":[{"embeddable":true,"href":"https:\/\/www.ipiccoliquotidiano.it\/index.php\/wp-json\/wp\/v2\/users\/37"}],"replies":[{"embeddable":true,"href":"https:\/\/www.ipiccoliquotidiano.it\/index.php\/wp-json\/wp\/v2\/comments?post=22788"}],"version-history":[{"count":0,"href":"https:\/\/www.ipiccoliquotidiano.it\/index.php\/wp-json\/wp\/v2\/posts\/22788\/revisions"}],"wp:featuredmedia":[{"embeddable":true,"href":"https:\/\/www.ipiccoliquotidiano.it\/index.php\/wp-json\/wp\/v2\/media\/22789"}],"wp:attachment":[{"href":"https:\/\/www.ipiccoliquotidiano.it\/index.php\/wp-json\/wp\/v2\/media?parent=22788"}],"wp:term":[{"taxonomy":"category","embeddable":true,"href":"https:\/\/www.ipiccoliquotidiano.it\/index.php\/wp-json\/wp\/v2\/categories?post=22788"},{"taxonomy":"post_tag","embeddable":true,"href":"https:\/\/www.ipiccoliquotidiano.it\/index.php\/wp-json\/wp\/v2\/tags?post=22788"}],"curies":[{"name":"wp","href":"https:\/\/api.w.org\/{rel}","templated":true}]}}