{"id":22731,"date":"2021-11-15T00:00:00","date_gmt":"2021-11-15T00:00:00","guid":{"rendered":"https:\/\/www.ipiccoliquotidiano.it\/index.php\/2021\/11\/15\/gli-uccelli-cambiano-corpo-sono-piu-snelli-ed-hanno-ali-piu-lunghe\/"},"modified":"2021-11-15T00:00:00","modified_gmt":"2021-11-15T00:00:00","slug":"gli-uccelli-cambiano-corpo-sono-piu-snelli-ed-hanno-ali-piu-lunghe","status":"publish","type":"post","link":"https:\/\/www.ipiccoliquotidiano.it\/index.php\/2021\/11\/15\/gli-uccelli-cambiano-corpo-sono-piu-snelli-ed-hanno-ali-piu-lunghe\/","title":{"rendered":"Gli uccelli cambiano corpo, sono pi\u00f9 snelli ed hanno ali pi\u00f9 lunghe"},"content":{"rendered":"<p>Gli uccelli cambiano corpo, sono pi\u00f9 snelli ed hanno ali pi\u00f9 lunghe<\/p>\n<p>\u00c8 il cambiamento climatico a determinare ci\u00f2&#8230;<\/p>\n<p>\u00a0<\/p>\n<p>Alcuni uccelli che vivono nella foresta Amazzonica, in una zona praticamente incontaminata, negli anni i loro corpi sono pi\u00f9 snelli. Tutto ci\u00f2 sembra coincidere con l&#8217;aumento delle temperature e le stagioni sempre pi\u00f9 secche.<\/p>\n<p>Cos\u00ec alcuni uccelli della foresta pluviale incontaminata Amazzonica, hanno risposto ai cambiamenti climatici. Cambiano aspetto e ottimizzano l&#8217;uso delle energie.<\/p>\n<p>In questo caso sono piccoli uccelli di sottobosco, che abitano una zona incontaminata dell&#8217;Amazzonica centrale. Sono uccelli stanziali e i ricercatori hanno raccolto dati negli ultimi quarant&#8217;anni, misurandone la massa e registrandone la lunghezza delle ali. Intanto gli scienziati hanno raccolto i dati climatici della regione dove le precipitazioni sono aumentate del 13% nella stagione umida, e sono diminuite del 16% in quella secca e le temperature sono aumentate in entrambe, rispettivamente di 1\u00b0C e 1,65\u00b0C.<\/p>\n<p>\u00a0<\/p>\n<p>Secondo i ricercatori questi cambiamenti nella morfologia permetterebbero agli uccelli di mantenere un volo efficiente sia in condizioni di scarsit\u00e0 di cibo che sotto stress termico. Infatti, diminuendo la massa e aumentando la lunghezza delle ali, si ha una riduzione del carico alare che abbassa il dispendio calorico e la produzione di calore.<\/p>\n","protected":false},"excerpt":{"rendered":"<p>Gli uccelli cambiano corpo, sono pi\u00f9 snelli ed hanno ali pi\u00f9 lunghe \u00c8 il cambiamento climatico a determinare ci\u00f2&#8230; \u00a0 Alcuni uccelli che vivono nella foresta Amazzonica, in una zona praticamente incontaminata, negli anni i loro corpi sono pi\u00f9 snelli. Tutto ci\u00f2 sembra coincidere con l&#8217;aumento delle temperature e le stagioni sempre pi\u00f9 secche. Cos\u00ec<\/p>\n","protected":false},"author":23,"featured_media":22732,"comment_status":"closed","ping_status":"closed","sticky":false,"template":"","format":"standard","meta":{"footnotes":""},"categories":[44],"tags":[],"class_list":["post-22731","post","type-post","status-publish","format-standard","has-post-thumbnail","category-amiamo-il-pianeta-terra-la-nostra-casa"],"yoast_head":"<!-- This site is optimized with the Yoast SEO plugin v28.4 - https:\/\/yoast.com\/product\/yoast-seo-wordpress\/ -->\n<title>Gli uccelli cambiano corpo, sono pi\u00f9 snelli ed hanno ali pi\u00f9 lunghe - IPiccoliQuotidiano.it<\/title>\n<meta name=\"robots\" content=\"index, follow, max-snippet:-1, max-image-preview:large, max-video-preview:-1\" \/>\n<link rel=\"canonical\" href=\"https:\/\/www.ipiccoliquotidiano.it\/index.php\/2021\/11\/15\/gli-uccelli-cambiano-corpo-sono-piu-snelli-ed-hanno-ali-piu-lunghe\/\" \/>\n<meta property=\"og:locale\" content=\"it_IT\" \/>\n<meta property=\"og:type\" content=\"article\" \/>\n<meta property=\"og:title\" content=\"Gli uccelli cambiano corpo, sono pi\u00f9 snelli ed hanno ali pi\u00f9 lunghe - IPiccoliQuotidiano.it\" \/>\n<meta property=\"og:description\" content=\"Gli uccelli cambiano corpo, sono pi\u00f9 snelli ed hanno ali pi\u00f9 lunghe \u00c8 il cambiamento climatico a determinare ci\u00f2&#8230; \u00a0 Alcuni uccelli che vivono nella foresta Amazzonica, in una zona praticamente incontaminata, negli anni i loro corpi sono pi\u00f9 snelli. Tutto ci\u00f2 sembra coincidere con l&#8217;aumento delle temperature e le stagioni sempre pi\u00f9 secche. Cos\u00ec\" \/>\n<meta property=\"og:url\" content=\"https:\/\/www.ipiccoliquotidiano.it\/index.php\/2021\/11\/15\/gli-uccelli-cambiano-corpo-sono-piu-snelli-ed-hanno-ali-piu-lunghe\/\" \/>\n<meta property=\"og:site_name\" content=\"IPiccoliQuotidiano.it\" \/>\n<meta property=\"article:publisher\" content=\"https:\/\/www.facebook.com\/ipiccoliquotidiano\" \/>\n<meta property=\"article:published_time\" content=\"2021-11-15T00:00:00+00:00\" \/>\n<meta property=\"og:image\" content=\"https:\/\/www.ipiccoliquotidiano.it\/wp-content\/uploads\/2024\/05\/6ed980_uccelli_HomeIm_800x400-1.jpg\" \/>\n\t<meta property=\"og:image:width\" content=\"800\" \/>\n\t<meta property=\"og:image:height\" content=\"400\" \/>\n\t<meta property=\"og:image:type\" content=\"image\/jpeg\" \/>\n<meta name=\"author\" content=\"Gina Chiacchiaro\" \/>\n<meta name=\"twitter:card\" content=\"summary_large_image\" \/>\n<meta name=\"twitter:label1\" content=\"Scritto da\" \/>\n\t<meta name=\"twitter:data1\" content=\"Gina Chiacchiaro\" \/>\n\t<meta name=\"twitter:label2\" content=\"Tempo di lettura stimato\" \/>\n\t<meta name=\"twitter:data2\" content=\"1 minuto\" \/>\n<script type=\"application\/ld+json\" class=\"yoast-schema-graph\">{\"@context\":\"https:\\\/\\\/schema.org\",\"@graph\":[{\"@type\":\"Article\",\"@id\":\"https:\\\/\\\/www.ipiccoliquotidiano.it\\\/index.php\\\/2021\\\/11\\\/15\\\/gli-uccelli-cambiano-corpo-sono-piu-snelli-ed-hanno-ali-piu-lunghe\\\/#article\",\"isPartOf\":{\"@id\":\"https:\\\/\\\/www.ipiccoliquotidiano.it\\\/index.php\\\/2021\\\/11\\\/15\\\/gli-uccelli-cambiano-corpo-sono-piu-snelli-ed-hanno-ali-piu-lunghe\\\/\"},\"author\":{\"name\":\"Gina Chiacchiaro\",\"@id\":\"https:\\\/\\\/www.ipiccoliquotidiano.it\\\/#\\\/schema\\\/person\\\/e33b93e40079fc717202992994f9a60b\"},\"headline\":\"Gli uccelli cambiano corpo, sono pi\u00f9 snelli ed hanno ali pi\u00f9 lunghe\",\"datePublished\":\"2021-11-15T00:00:00+00:00\",\"mainEntityOfPage\":{\"@id\":\"https:\\\/\\\/www.ipiccoliquotidiano.it\\\/index.php\\\/2021\\\/11\\\/15\\\/gli-uccelli-cambiano-corpo-sono-piu-snelli-ed-hanno-ali-piu-lunghe\\\/\"},\"wordCount\":215,\"publisher\":{\"@id\":\"https:\\\/\\\/www.ipiccoliquotidiano.it\\\/#organization\"},\"image\":{\"@id\":\"https:\\\/\\\/www.ipiccoliquotidiano.it\\\/index.php\\\/2021\\\/11\\\/15\\\/gli-uccelli-cambiano-corpo-sono-piu-snelli-ed-hanno-ali-piu-lunghe\\\/#primaryimage\"},\"thumbnailUrl\":\"https:\\\/\\\/www.ipiccoliquotidiano.it\\\/wp-content\\\/uploads\\\/2024\\\/05\\\/6ed980_uccelli_HomeIm_800x400-1.jpg\",\"articleSection\":[\"Amiamo il Pianeta Terra...la nostra Casa!\"],\"inLanguage\":\"it-IT\"},{\"@type\":\"WebPage\",\"@id\":\"https:\\\/\\\/www.ipiccoliquotidiano.it\\\/index.php\\\/2021\\\/11\\\/15\\\/gli-uccelli-cambiano-corpo-sono-piu-snelli-ed-hanno-ali-piu-lunghe\\\/\",\"url\":\"https:\\\/\\\/www.ipiccoliquotidiano.it\\\/index.php\\\/2021\\\/11\\\/15\\\/gli-uccelli-cambiano-corpo-sono-piu-snelli-ed-hanno-ali-piu-lunghe\\\/\",\"name\":\"Gli uccelli cambiano corpo, sono pi\u00f9 snelli ed hanno ali pi\u00f9 lunghe - IPiccoliQuotidiano.it\",\"isPartOf\":{\"@id\":\"https:\\\/\\\/www.ipiccoliquotidiano.it\\\/#website\"},\"primaryImageOfPage\":{\"@id\":\"https:\\\/\\\/www.ipiccoliquotidiano.it\\\/index.php\\\/2021\\\/11\\\/15\\\/gli-uccelli-cambiano-corpo-sono-piu-snelli-ed-hanno-ali-piu-lunghe\\\/#primaryimage\"},\"image\":{\"@id\":\"https:\\\/\\\/www.ipiccoliquotidiano.it\\\/index.php\\\/2021\\\/11\\\/15\\\/gli-uccelli-cambiano-corpo-sono-piu-snelli-ed-hanno-ali-piu-lunghe\\\/#primaryimage\"},\"thumbnailUrl\":\"https:\\\/\\\/www.ipiccoliquotidiano.it\\\/wp-content\\\/uploads\\\/2024\\\/05\\\/6ed980_uccelli_HomeIm_800x400-1.jpg\",\"datePublished\":\"2021-11-15T00:00:00+00:00\",\"breadcrumb\":{\"@id\":\"https:\\\/\\\/www.ipiccoliquotidiano.it\\\/index.php\\\/2021\\\/11\\\/15\\\/gli-uccelli-cambiano-corpo-sono-piu-snelli-ed-hanno-ali-piu-lunghe\\\/#breadcrumb\"},\"inLanguage\":\"it-IT\",\"potentialAction\":[{\"@type\":\"ReadAction\",\"target\":[\"https:\\\/\\\/www.ipiccoliquotidiano.it\\\/index.php\\\/2021\\\/11\\\/15\\\/gli-uccelli-cambiano-corpo-sono-piu-snelli-ed-hanno-ali-piu-lunghe\\\/\"]}]},{\"@type\":\"ImageObject\",\"inLanguage\":\"it-IT\",\"@id\":\"https:\\\/\\\/www.ipiccoliquotidiano.it\\\/index.php\\\/2021\\\/11\\\/15\\\/gli-uccelli-cambiano-corpo-sono-piu-snelli-ed-hanno-ali-piu-lunghe\\\/#primaryimage\",\"url\":\"https:\\\/\\\/www.ipiccoliquotidiano.it\\\/wp-content\\\/uploads\\\/2024\\\/05\\\/6ed980_uccelli_HomeIm_800x400-1.jpg\",\"contentUrl\":\"https:\\\/\\\/www.ipiccoliquotidiano.it\\\/wp-content\\\/uploads\\\/2024\\\/05\\\/6ed980_uccelli_HomeIm_800x400-1.jpg\",\"width\":800,\"height\":400},{\"@type\":\"BreadcrumbList\",\"@id\":\"https:\\\/\\\/www.ipiccoliquotidiano.it\\\/index.php\\\/2021\\\/11\\\/15\\\/gli-uccelli-cambiano-corpo-sono-piu-snelli-ed-hanno-ali-piu-lunghe\\\/#breadcrumb\",\"itemListElement\":[{\"@type\":\"ListItem\",\"position\":1,\"name\":\"Home\",\"item\":\"https:\\\/\\\/www.ipiccoliquotidiano.it\\\/\"},{\"@type\":\"ListItem\",\"position\":2,\"name\":\"Gli uccelli cambiano corpo, sono pi\u00f9 snelli ed hanno ali pi\u00f9 lunghe\"}]},{\"@type\":\"WebSite\",\"@id\":\"https:\\\/\\\/www.ipiccoliquotidiano.it\\\/#website\",\"url\":\"https:\\\/\\\/www.ipiccoliquotidiano.it\\\/\",\"name\":\"IPiccoliQuotidiano.it\",\"description\":\"Il Quotidiano dei Piccoli\",\"publisher\":{\"@id\":\"https:\\\/\\\/www.ipiccoliquotidiano.it\\\/#organization\"},\"potentialAction\":[{\"@type\":\"SearchAction\",\"target\":{\"@type\":\"EntryPoint\",\"urlTemplate\":\"https:\\\/\\\/www.ipiccoliquotidiano.it\\\/?s={search_term_string}\"},\"query-input\":{\"@type\":\"PropertyValueSpecification\",\"valueRequired\":true,\"valueName\":\"search_term_string\"}}],\"inLanguage\":\"it-IT\"},{\"@type\":\"Organization\",\"@id\":\"https:\\\/\\\/www.ipiccoliquotidiano.it\\\/#organization\",\"name\":\"IPiccoliQuotidiano.it\",\"url\":\"https:\\\/\\\/www.ipiccoliquotidiano.it\\\/\",\"logo\":{\"@type\":\"ImageObject\",\"inLanguage\":\"it-IT\",\"@id\":\"https:\\\/\\\/www.ipiccoliquotidiano.it\\\/#\\\/schema\\\/logo\\\/image\\\/\",\"url\":\"https:\\\/\\\/www.ipiccoliquotidiano.it\\\/wp-content\\\/uploads\\\/2024\\\/05\\\/ipiccoli-logo.jpg\",\"contentUrl\":\"https:\\\/\\\/www.ipiccoliquotidiano.it\\\/wp-content\\\/uploads\\\/2024\\\/05\\\/ipiccoli-logo.jpg\",\"width\":300,\"height\":129,\"caption\":\"IPiccoliQuotidiano.it\"},\"image\":{\"@id\":\"https:\\\/\\\/www.ipiccoliquotidiano.it\\\/#\\\/schema\\\/logo\\\/image\\\/\"},\"sameAs\":[\"https:\\\/\\\/www.facebook.com\\\/ipiccoliquotidiano\"]},{\"@type\":\"Person\",\"@id\":\"https:\\\/\\\/www.ipiccoliquotidiano.it\\\/#\\\/schema\\\/person\\\/e33b93e40079fc717202992994f9a60b\",\"name\":\"Gina Chiacchiaro\",\"description\":\"Anna Maria Chiacchiaro, per tutti Gina! Sono una donna di 65 anni che ha sempre mostrato interesse per la vita sotto ogni sua forma. Sono stata figlia di due splendidi genitori, sono moglie sposata ad un uomo da 43 anni e ancora felice di esserlo, sono madre di due figli quarantenni, e nonna di simpatici nipoti. Insegnante di scuola elementare per 38 anni, impegnata a Varese dal 1978 fino al 1993 e poi a Roccadaspide, il comune dove sono nata, dove mi sono trasferita con la mia famiglia. Sono giornalista pubblicista da 20 anni, ideatrice e direttrice editoriale de \u201cI Piccoli\u201d, un giornale destinato ai bambini in et\u00e0 scolare da 6 a 11 anni, che ha raggiunto la maggiore et\u00e0 passando per varie fasi e vivendo tutti i cambiamenti che l\u2019ultimo ventennio ci ha regalato!\",\"url\":\"https:\\\/\\\/www.ipiccoliquotidiano.it\\\/index.php\\\/author\\\/gina-chiacchiaro\\\/\"}]}<\/script>\n<!-- \/ Yoast SEO plugin. -->","yoast_head_json":{"title":"Gli uccelli cambiano corpo, sono pi\u00f9 snelli ed hanno ali pi\u00f9 lunghe - IPiccoliQuotidiano.it","robots":{"index":"index","follow":"follow","max-snippet":"max-snippet:-1","max-image-preview":"max-image-preview:large","max-video-preview":"max-video-preview:-1"},"canonical":"https:\/\/www.ipiccoliquotidiano.it\/index.php\/2021\/11\/15\/gli-uccelli-cambiano-corpo-sono-piu-snelli-ed-hanno-ali-piu-lunghe\/","og_locale":"it_IT","og_type":"article","og_title":"Gli uccelli cambiano corpo, sono pi\u00f9 snelli ed hanno ali pi\u00f9 lunghe - IPiccoliQuotidiano.it","og_description":"Gli uccelli cambiano corpo, sono pi\u00f9 snelli ed hanno ali pi\u00f9 lunghe \u00c8 il cambiamento climatico a determinare ci\u00f2&#8230; \u00a0 Alcuni uccelli che vivono nella foresta Amazzonica, in una zona praticamente incontaminata, negli anni i loro corpi sono pi\u00f9 snelli. Tutto ci\u00f2 sembra coincidere con l&#8217;aumento delle temperature e le stagioni sempre pi\u00f9 secche. Cos\u00ec","og_url":"https:\/\/www.ipiccoliquotidiano.it\/index.php\/2021\/11\/15\/gli-uccelli-cambiano-corpo-sono-piu-snelli-ed-hanno-ali-piu-lunghe\/","og_site_name":"IPiccoliQuotidiano.it","article_publisher":"https:\/\/www.facebook.com\/ipiccoliquotidiano","article_published_time":"2021-11-15T00:00:00+00:00","og_image":[{"width":800,"height":400,"url":"https:\/\/www.ipiccoliquotidiano.it\/wp-content\/uploads\/2024\/05\/6ed980_uccelli_HomeIm_800x400-1.jpg","type":"image\/jpeg"}],"author":"Gina Chiacchiaro","twitter_card":"summary_large_image","twitter_misc":{"Scritto da":"Gina Chiacchiaro","Tempo di lettura stimato":"1 minuto"},"schema":{"@context":"https:\/\/schema.org","@graph":[{"@type":"Article","@id":"https:\/\/www.ipiccoliquotidiano.it\/index.php\/2021\/11\/15\/gli-uccelli-cambiano-corpo-sono-piu-snelli-ed-hanno-ali-piu-lunghe\/#article","isPartOf":{"@id":"https:\/\/www.ipiccoliquotidiano.it\/index.php\/2021\/11\/15\/gli-uccelli-cambiano-corpo-sono-piu-snelli-ed-hanno-ali-piu-lunghe\/"},"author":{"name":"Gina Chiacchiaro","@id":"https:\/\/www.ipiccoliquotidiano.it\/#\/schema\/person\/e33b93e40079fc717202992994f9a60b"},"headline":"Gli uccelli cambiano corpo, sono pi\u00f9 snelli ed hanno ali pi\u00f9 lunghe","datePublished":"2021-11-15T00:00:00+00:00","mainEntityOfPage":{"@id":"https:\/\/www.ipiccoliquotidiano.it\/index.php\/2021\/11\/15\/gli-uccelli-cambiano-corpo-sono-piu-snelli-ed-hanno-ali-piu-lunghe\/"},"wordCount":215,"publisher":{"@id":"https:\/\/www.ipiccoliquotidiano.it\/#organization"},"image":{"@id":"https:\/\/www.ipiccoliquotidiano.it\/index.php\/2021\/11\/15\/gli-uccelli-cambiano-corpo-sono-piu-snelli-ed-hanno-ali-piu-lunghe\/#primaryimage"},"thumbnailUrl":"https:\/\/www.ipiccoliquotidiano.it\/wp-content\/uploads\/2024\/05\/6ed980_uccelli_HomeIm_800x400-1.jpg","articleSection":["Amiamo il Pianeta Terra...la nostra Casa!"],"inLanguage":"it-IT"},{"@type":"WebPage","@id":"https:\/\/www.ipiccoliquotidiano.it\/index.php\/2021\/11\/15\/gli-uccelli-cambiano-corpo-sono-piu-snelli-ed-hanno-ali-piu-lunghe\/","url":"https:\/\/www.ipiccoliquotidiano.it\/index.php\/2021\/11\/15\/gli-uccelli-cambiano-corpo-sono-piu-snelli-ed-hanno-ali-piu-lunghe\/","name":"Gli uccelli cambiano corpo, sono pi\u00f9 snelli ed hanno ali pi\u00f9 lunghe - IPiccoliQuotidiano.it","isPartOf":{"@id":"https:\/\/www.ipiccoliquotidiano.it\/#website"},"primaryImageOfPage":{"@id":"https:\/\/www.ipiccoliquotidiano.it\/index.php\/2021\/11\/15\/gli-uccelli-cambiano-corpo-sono-piu-snelli-ed-hanno-ali-piu-lunghe\/#primaryimage"},"image":{"@id":"https:\/\/www.ipiccoliquotidiano.it\/index.php\/2021\/11\/15\/gli-uccelli-cambiano-corpo-sono-piu-snelli-ed-hanno-ali-piu-lunghe\/#primaryimage"},"thumbnailUrl":"https:\/\/www.ipiccoliquotidiano.it\/wp-content\/uploads\/2024\/05\/6ed980_uccelli_HomeIm_800x400-1.jpg","datePublished":"2021-11-15T00:00:00+00:00","breadcrumb":{"@id":"https:\/\/www.ipiccoliquotidiano.it\/index.php\/2021\/11\/15\/gli-uccelli-cambiano-corpo-sono-piu-snelli-ed-hanno-ali-piu-lunghe\/#breadcrumb"},"inLanguage":"it-IT","potentialAction":[{"@type":"ReadAction","target":["https:\/\/www.ipiccoliquotidiano.it\/index.php\/2021\/11\/15\/gli-uccelli-cambiano-corpo-sono-piu-snelli-ed-hanno-ali-piu-lunghe\/"]}]},{"@type":"ImageObject","inLanguage":"it-IT","@id":"https:\/\/www.ipiccoliquotidiano.it\/index.php\/2021\/11\/15\/gli-uccelli-cambiano-corpo-sono-piu-snelli-ed-hanno-ali-piu-lunghe\/#primaryimage","url":"https:\/\/www.ipiccoliquotidiano.it\/wp-content\/uploads\/2024\/05\/6ed980_uccelli_HomeIm_800x400-1.jpg","contentUrl":"https:\/\/www.ipiccoliquotidiano.it\/wp-content\/uploads\/2024\/05\/6ed980_uccelli_HomeIm_800x400-1.jpg","width":800,"height":400},{"@type":"BreadcrumbList","@id":"https:\/\/www.ipiccoliquotidiano.it\/index.php\/2021\/11\/15\/gli-uccelli-cambiano-corpo-sono-piu-snelli-ed-hanno-ali-piu-lunghe\/#breadcrumb","itemListElement":[{"@type":"ListItem","position":1,"name":"Home","item":"https:\/\/www.ipiccoliquotidiano.it\/"},{"@type":"ListItem","position":2,"name":"Gli uccelli cambiano corpo, sono pi\u00f9 snelli ed hanno ali pi\u00f9 lunghe"}]},{"@type":"WebSite","@id":"https:\/\/www.ipiccoliquotidiano.it\/#website","url":"https:\/\/www.ipiccoliquotidiano.it\/","name":"IPiccoliQuotidiano.it","description":"Il Quotidiano dei Piccoli","publisher":{"@id":"https:\/\/www.ipiccoliquotidiano.it\/#organization"},"potentialAction":[{"@type":"SearchAction","target":{"@type":"EntryPoint","urlTemplate":"https:\/\/www.ipiccoliquotidiano.it\/?s={search_term_string}"},"query-input":{"@type":"PropertyValueSpecification","valueRequired":true,"valueName":"search_term_string"}}],"inLanguage":"it-IT"},{"@type":"Organization","@id":"https:\/\/www.ipiccoliquotidiano.it\/#organization","name":"IPiccoliQuotidiano.it","url":"https:\/\/www.ipiccoliquotidiano.it\/","logo":{"@type":"ImageObject","inLanguage":"it-IT","@id":"https:\/\/www.ipiccoliquotidiano.it\/#\/schema\/logo\/image\/","url":"https:\/\/www.ipiccoliquotidiano.it\/wp-content\/uploads\/2024\/05\/ipiccoli-logo.jpg","contentUrl":"https:\/\/www.ipiccoliquotidiano.it\/wp-content\/uploads\/2024\/05\/ipiccoli-logo.jpg","width":300,"height":129,"caption":"IPiccoliQuotidiano.it"},"image":{"@id":"https:\/\/www.ipiccoliquotidiano.it\/#\/schema\/logo\/image\/"},"sameAs":["https:\/\/www.facebook.com\/ipiccoliquotidiano"]},{"@type":"Person","@id":"https:\/\/www.ipiccoliquotidiano.it\/#\/schema\/person\/e33b93e40079fc717202992994f9a60b","name":"Gina Chiacchiaro","description":"Anna Maria Chiacchiaro, per tutti Gina! Sono una donna di 65 anni che ha sempre mostrato interesse per la vita sotto ogni sua forma. Sono stata figlia di due splendidi genitori, sono moglie sposata ad un uomo da 43 anni e ancora felice di esserlo, sono madre di due figli quarantenni, e nonna di simpatici nipoti. Insegnante di scuola elementare per 38 anni, impegnata a Varese dal 1978 fino al 1993 e poi a Roccadaspide, il comune dove sono nata, dove mi sono trasferita con la mia famiglia. Sono giornalista pubblicista da 20 anni, ideatrice e direttrice editoriale de \u201cI Piccoli\u201d, un giornale destinato ai bambini in et\u00e0 scolare da 6 a 11 anni, che ha raggiunto la maggiore et\u00e0 passando per varie fasi e vivendo tutti i cambiamenti che l\u2019ultimo ventennio ci ha regalato!","url":"https:\/\/www.ipiccoliquotidiano.it\/index.php\/author\/gina-chiacchiaro\/"}]}},"_links":{"self":[{"href":"https:\/\/www.ipiccoliquotidiano.it\/index.php\/wp-json\/wp\/v2\/posts\/22731","targetHints":{"allow":["GET"]}}],"collection":[{"href":"https:\/\/www.ipiccoliquotidiano.it\/index.php\/wp-json\/wp\/v2\/posts"}],"about":[{"href":"https:\/\/www.ipiccoliquotidiano.it\/index.php\/wp-json\/wp\/v2\/types\/post"}],"author":[{"embeddable":true,"href":"https:\/\/www.ipiccoliquotidiano.it\/index.php\/wp-json\/wp\/v2\/users\/23"}],"replies":[{"embeddable":true,"href":"https:\/\/www.ipiccoliquotidiano.it\/index.php\/wp-json\/wp\/v2\/comments?post=22731"}],"version-history":[{"count":0,"href":"https:\/\/www.ipiccoliquotidiano.it\/index.php\/wp-json\/wp\/v2\/posts\/22731\/revisions"}],"wp:featuredmedia":[{"embeddable":true,"href":"https:\/\/www.ipiccoliquotidiano.it\/index.php\/wp-json\/wp\/v2\/media\/22732"}],"wp:attachment":[{"href":"https:\/\/www.ipiccoliquotidiano.it\/index.php\/wp-json\/wp\/v2\/media?parent=22731"}],"wp:term":[{"taxonomy":"category","embeddable":true,"href":"https:\/\/www.ipiccoliquotidiano.it\/index.php\/wp-json\/wp\/v2\/categories?post=22731"},{"taxonomy":"post_tag","embeddable":true,"href":"https:\/\/www.ipiccoliquotidiano.it\/index.php\/wp-json\/wp\/v2\/tags?post=22731"}],"curies":[{"name":"wp","href":"https:\/\/api.w.org\/{rel}","templated":true}]}}