{"id":22595,"date":"2021-10-17T00:00:00","date_gmt":"2021-10-17T00:00:00","guid":{"rendered":"https:\/\/www.ipiccoliquotidiano.it\/index.php\/2021\/10\/17\/nello-pagani-il-pittore-delle-due-ruote\/"},"modified":"2021-10-17T00:00:00","modified_gmt":"2021-10-17T00:00:00","slug":"nello-pagani-il-pittore-delle-due-ruote","status":"publish","type":"post","link":"https:\/\/www.ipiccoliquotidiano.it\/index.php\/2021\/10\/17\/nello-pagani-il-pittore-delle-due-ruote\/","title":{"rendered":"Nello Pagani, il \u201cpittore\u201d delle due ruote"},"content":{"rendered":"<p>La data 11 ottobre ha segnato, da poco, l\u2019anniversario della nascita di Nello Pagani, esattamente centodieci anni fa, nel 1911, nasceva colui soprannominato il \u201cpittore\u201d che ha segnato un\u2019epoca del Motomondiale e che ha scoperto tanti fenomeni delle due ruote.<\/p>\n<p>Pilota e manager, pagani riusc\u00ec, vicino ai 40 anni, a conquistare il primo titolo di campione del mondo della 125 diventando il primo italiano ad ottenere questo titolo.<\/p>\n<p>L\u2019avventura del motomondiale era iniziata il 13 giugno 1949 al Tourist Trophy dell\u2019isola di Man, con il dominio dei piloti inglesi. Dopo due settimane, per\u00f2, nella foresta del Bremgarten per il GP di Svizzera, sar\u00e0 dominio italiano: sei italiani nei primi sei posti. Su tutti Bruno Ruffo primo nella 250 e Pagani primo nella 125.<\/p>\n<p>Nello \u00e8 stato il pilota pi\u00f9 longevo in attivit\u00e0 con 30 anni ai vertici oltre che il pi\u00f9 vittorioso, con oltre 300 successi, questo \u00e8 un record tutt\u2019ora imbattuto.<\/p>\n<p>Il debutto di Nello Pagani avviene a soli 16 anni, nel 1927, in sella ad una Orione 125. Nello fu pilota eclettico e versatile, dalla mentalit\u00e0 vincente, oltremodo rigoroso persino con s\u00e9 stesso. Vinse di tutto e corse in ogni categoria e tipo di gara e con marche di moto differenti. Inoltre, tent\u00f2, non con poche soddisfazioni, anche l\u2019avventura su quattro ruote con Maserati.<\/p>\n<p>Nello, nella sua mirabolante carriera, conquist\u00f2 due record mondiali di velocit\u00e0 (5, 10, 50, 100 km e dell\u2019ora: Monza 1938), cinque titoli di campione italiano, una Milano-Taranto e il titolo mondiale 125 sopracitato. Oltre che vittorie di corse internazionali a non finire.<\/p>\n<p>Pagani costruiva \u201cda fermo\u201d la sua preparazione, curando con meticolosit\u00e0 unica ogni particolare delle moto e anche di s\u00e9 stesso: passava ore sulla moto da corsa sul cavalletto, davanti allo specchio, per \u201cfondersi\u201d con la propria cavalcatura. Uno dei tanti particolari che poi Nello ritrovava in corsa, dimostrando intelligenza tattica unica, mietendo successi a non finire. \u00c8 cos\u00ec che ha costruito la carriera che l\u2019ha fatto entrare nella storia.<\/p>\n<p style=\"text-align:right\">Andrea Della Rocca<\/p>\n","protected":false},"excerpt":{"rendered":"<p>La data 11 ottobre ha segnato, da poco, l\u2019anniversario della nascita di Nello Pagani, esattamente centodieci anni fa, nel 1911, nasceva colui soprannominato il \u201cpittore\u201d che ha segnato un\u2019epoca del Motomondiale e che ha scoperto tanti fenomeni delle due ruote. Pilota e manager, pagani riusc\u00ec, vicino ai 40 anni, a conquistare il primo titolo di<\/p>\n","protected":false},"author":37,"featured_media":22596,"comment_status":"closed","ping_status":"closed","sticky":false,"template":"","format":"standard","meta":{"footnotes":""},"categories":[48],"tags":[],"class_list":["post-22595","post","type-post","status-publish","format-standard","has-post-thumbnail","category-a-tutto-sport"],"yoast_head":"<!-- This site is optimized with the Yoast SEO plugin v28.3 - https:\/\/yoast.com\/product\/yoast-seo-wordpress\/ -->\n<title>Nello Pagani, il \u201cpittore\u201d delle due ruote - IPiccoliQuotidiano.it<\/title>\n<meta name=\"robots\" content=\"index, follow, max-snippet:-1, max-image-preview:large, max-video-preview:-1\" \/>\n<link rel=\"canonical\" href=\"https:\/\/www.ipiccoliquotidiano.it\/index.php\/2021\/10\/17\/nello-pagani-il-pittore-delle-due-ruote\/\" \/>\n<meta property=\"og:locale\" content=\"it_IT\" \/>\n<meta property=\"og:type\" content=\"article\" \/>\n<meta property=\"og:title\" content=\"Nello Pagani, il \u201cpittore\u201d delle due ruote - IPiccoliQuotidiano.it\" \/>\n<meta property=\"og:description\" content=\"La data 11 ottobre ha segnato, da poco, l\u2019anniversario della nascita di Nello Pagani, esattamente centodieci anni fa, nel 1911, nasceva colui soprannominato il \u201cpittore\u201d che ha segnato un\u2019epoca del Motomondiale e che ha scoperto tanti fenomeni delle due ruote. Pilota e manager, pagani riusc\u00ec, vicino ai 40 anni, a conquistare il primo titolo di\" \/>\n<meta property=\"og:url\" content=\"https:\/\/www.ipiccoliquotidiano.it\/index.php\/2021\/10\/17\/nello-pagani-il-pittore-delle-due-ruote\/\" \/>\n<meta property=\"og:site_name\" content=\"IPiccoliQuotidiano.it\" \/>\n<meta property=\"article:publisher\" content=\"https:\/\/www.facebook.com\/ipiccoliquotidiano\" \/>\n<meta property=\"article:published_time\" content=\"2021-10-17T00:00:00+00:00\" \/>\n<meta property=\"og:image\" content=\"https:\/\/www.ipiccoliquotidiano.it\/wp-content\/uploads\/2024\/05\/dd8348_nello_pagani_HomeIm_800x400-1.jpg\" \/>\n\t<meta property=\"og:image:width\" content=\"800\" \/>\n\t<meta property=\"og:image:height\" content=\"400\" \/>\n\t<meta property=\"og:image:type\" content=\"image\/jpeg\" \/>\n<meta name=\"author\" content=\"Redazione\" \/>\n<meta name=\"twitter:card\" content=\"summary_large_image\" \/>\n<meta name=\"twitter:label1\" content=\"Scritto da\" \/>\n\t<meta name=\"twitter:data1\" content=\"Redazione\" \/>\n\t<meta name=\"twitter:label2\" content=\"Tempo di lettura stimato\" \/>\n\t<meta name=\"twitter:data2\" content=\"2 minuti\" \/>\n<script type=\"application\/ld+json\" class=\"yoast-schema-graph\">{\"@context\":\"https:\\\/\\\/schema.org\",\"@graph\":[{\"@type\":\"Article\",\"@id\":\"https:\\\/\\\/www.ipiccoliquotidiano.it\\\/index.php\\\/2021\\\/10\\\/17\\\/nello-pagani-il-pittore-delle-due-ruote\\\/#article\",\"isPartOf\":{\"@id\":\"https:\\\/\\\/www.ipiccoliquotidiano.it\\\/index.php\\\/2021\\\/10\\\/17\\\/nello-pagani-il-pittore-delle-due-ruote\\\/\"},\"author\":{\"name\":\"Redazione\",\"@id\":\"https:\\\/\\\/www.ipiccoliquotidiano.it\\\/#\\\/schema\\\/person\\\/aa217f3cf90bae1bf2bd5e7c00b2d4c4\"},\"headline\":\"Nello Pagani, il \u201cpittore\u201d delle due ruote\",\"datePublished\":\"2021-10-17T00:00:00+00:00\",\"mainEntityOfPage\":{\"@id\":\"https:\\\/\\\/www.ipiccoliquotidiano.it\\\/index.php\\\/2021\\\/10\\\/17\\\/nello-pagani-il-pittore-delle-due-ruote\\\/\"},\"wordCount\":323,\"publisher\":{\"@id\":\"https:\\\/\\\/www.ipiccoliquotidiano.it\\\/#organization\"},\"image\":{\"@id\":\"https:\\\/\\\/www.ipiccoliquotidiano.it\\\/index.php\\\/2021\\\/10\\\/17\\\/nello-pagani-il-pittore-delle-due-ruote\\\/#primaryimage\"},\"thumbnailUrl\":\"https:\\\/\\\/www.ipiccoliquotidiano.it\\\/wp-content\\\/uploads\\\/2024\\\/05\\\/dd8348_nello_pagani_HomeIm_800x400-1.jpg\",\"articleSection\":[\"A tutto sport\"],\"inLanguage\":\"it-IT\"},{\"@type\":\"WebPage\",\"@id\":\"https:\\\/\\\/www.ipiccoliquotidiano.it\\\/index.php\\\/2021\\\/10\\\/17\\\/nello-pagani-il-pittore-delle-due-ruote\\\/\",\"url\":\"https:\\\/\\\/www.ipiccoliquotidiano.it\\\/index.php\\\/2021\\\/10\\\/17\\\/nello-pagani-il-pittore-delle-due-ruote\\\/\",\"name\":\"Nello Pagani, il \u201cpittore\u201d delle due ruote - IPiccoliQuotidiano.it\",\"isPartOf\":{\"@id\":\"https:\\\/\\\/www.ipiccoliquotidiano.it\\\/#website\"},\"primaryImageOfPage\":{\"@id\":\"https:\\\/\\\/www.ipiccoliquotidiano.it\\\/index.php\\\/2021\\\/10\\\/17\\\/nello-pagani-il-pittore-delle-due-ruote\\\/#primaryimage\"},\"image\":{\"@id\":\"https:\\\/\\\/www.ipiccoliquotidiano.it\\\/index.php\\\/2021\\\/10\\\/17\\\/nello-pagani-il-pittore-delle-due-ruote\\\/#primaryimage\"},\"thumbnailUrl\":\"https:\\\/\\\/www.ipiccoliquotidiano.it\\\/wp-content\\\/uploads\\\/2024\\\/05\\\/dd8348_nello_pagani_HomeIm_800x400-1.jpg\",\"datePublished\":\"2021-10-17T00:00:00+00:00\",\"breadcrumb\":{\"@id\":\"https:\\\/\\\/www.ipiccoliquotidiano.it\\\/index.php\\\/2021\\\/10\\\/17\\\/nello-pagani-il-pittore-delle-due-ruote\\\/#breadcrumb\"},\"inLanguage\":\"it-IT\",\"potentialAction\":[{\"@type\":\"ReadAction\",\"target\":[\"https:\\\/\\\/www.ipiccoliquotidiano.it\\\/index.php\\\/2021\\\/10\\\/17\\\/nello-pagani-il-pittore-delle-due-ruote\\\/\"]}]},{\"@type\":\"ImageObject\",\"inLanguage\":\"it-IT\",\"@id\":\"https:\\\/\\\/www.ipiccoliquotidiano.it\\\/index.php\\\/2021\\\/10\\\/17\\\/nello-pagani-il-pittore-delle-due-ruote\\\/#primaryimage\",\"url\":\"https:\\\/\\\/www.ipiccoliquotidiano.it\\\/wp-content\\\/uploads\\\/2024\\\/05\\\/dd8348_nello_pagani_HomeIm_800x400-1.jpg\",\"contentUrl\":\"https:\\\/\\\/www.ipiccoliquotidiano.it\\\/wp-content\\\/uploads\\\/2024\\\/05\\\/dd8348_nello_pagani_HomeIm_800x400-1.jpg\",\"width\":800,\"height\":400},{\"@type\":\"BreadcrumbList\",\"@id\":\"https:\\\/\\\/www.ipiccoliquotidiano.it\\\/index.php\\\/2021\\\/10\\\/17\\\/nello-pagani-il-pittore-delle-due-ruote\\\/#breadcrumb\",\"itemListElement\":[{\"@type\":\"ListItem\",\"position\":1,\"name\":\"Home\",\"item\":\"https:\\\/\\\/www.ipiccoliquotidiano.it\\\/\"},{\"@type\":\"ListItem\",\"position\":2,\"name\":\"Nello Pagani, il \u201cpittore\u201d delle due ruote\"}]},{\"@type\":\"WebSite\",\"@id\":\"https:\\\/\\\/www.ipiccoliquotidiano.it\\\/#website\",\"url\":\"https:\\\/\\\/www.ipiccoliquotidiano.it\\\/\",\"name\":\"IPiccoliQuotidiano.it\",\"description\":\"Il Quotidiano dei Piccoli\",\"publisher\":{\"@id\":\"https:\\\/\\\/www.ipiccoliquotidiano.it\\\/#organization\"},\"potentialAction\":[{\"@type\":\"SearchAction\",\"target\":{\"@type\":\"EntryPoint\",\"urlTemplate\":\"https:\\\/\\\/www.ipiccoliquotidiano.it\\\/?s={search_term_string}\"},\"query-input\":{\"@type\":\"PropertyValueSpecification\",\"valueRequired\":true,\"valueName\":\"search_term_string\"}}],\"inLanguage\":\"it-IT\"},{\"@type\":\"Organization\",\"@id\":\"https:\\\/\\\/www.ipiccoliquotidiano.it\\\/#organization\",\"name\":\"IPiccoliQuotidiano.it\",\"url\":\"https:\\\/\\\/www.ipiccoliquotidiano.it\\\/\",\"logo\":{\"@type\":\"ImageObject\",\"inLanguage\":\"it-IT\",\"@id\":\"https:\\\/\\\/www.ipiccoliquotidiano.it\\\/#\\\/schema\\\/logo\\\/image\\\/\",\"url\":\"https:\\\/\\\/www.ipiccoliquotidiano.it\\\/wp-content\\\/uploads\\\/2024\\\/05\\\/ipiccoli-logo.jpg\",\"contentUrl\":\"https:\\\/\\\/www.ipiccoliquotidiano.it\\\/wp-content\\\/uploads\\\/2024\\\/05\\\/ipiccoli-logo.jpg\",\"width\":300,\"height\":129,\"caption\":\"IPiccoliQuotidiano.it\"},\"image\":{\"@id\":\"https:\\\/\\\/www.ipiccoliquotidiano.it\\\/#\\\/schema\\\/logo\\\/image\\\/\"},\"sameAs\":[\"https:\\\/\\\/www.facebook.com\\\/ipiccoliquotidiano\"]},{\"@type\":\"Person\",\"@id\":\"https:\\\/\\\/www.ipiccoliquotidiano.it\\\/#\\\/schema\\\/person\\\/aa217f3cf90bae1bf2bd5e7c00b2d4c4\",\"name\":\"Redazione\",\"url\":\"https:\\\/\\\/www.ipiccoliquotidiano.it\\\/index.php\\\/author\\\/redazione\\\/\"}]}<\/script>\n<!-- \/ Yoast SEO plugin. -->","yoast_head_json":{"title":"Nello Pagani, il \u201cpittore\u201d delle due ruote - IPiccoliQuotidiano.it","robots":{"index":"index","follow":"follow","max-snippet":"max-snippet:-1","max-image-preview":"max-image-preview:large","max-video-preview":"max-video-preview:-1"},"canonical":"https:\/\/www.ipiccoliquotidiano.it\/index.php\/2021\/10\/17\/nello-pagani-il-pittore-delle-due-ruote\/","og_locale":"it_IT","og_type":"article","og_title":"Nello Pagani, il \u201cpittore\u201d delle due ruote - IPiccoliQuotidiano.it","og_description":"La data 11 ottobre ha segnato, da poco, l\u2019anniversario della nascita di Nello Pagani, esattamente centodieci anni fa, nel 1911, nasceva colui soprannominato il \u201cpittore\u201d che ha segnato un\u2019epoca del Motomondiale e che ha scoperto tanti fenomeni delle due ruote. Pilota e manager, pagani riusc\u00ec, vicino ai 40 anni, a conquistare il primo titolo di","og_url":"https:\/\/www.ipiccoliquotidiano.it\/index.php\/2021\/10\/17\/nello-pagani-il-pittore-delle-due-ruote\/","og_site_name":"IPiccoliQuotidiano.it","article_publisher":"https:\/\/www.facebook.com\/ipiccoliquotidiano","article_published_time":"2021-10-17T00:00:00+00:00","og_image":[{"width":800,"height":400,"url":"https:\/\/www.ipiccoliquotidiano.it\/wp-content\/uploads\/2024\/05\/dd8348_nello_pagani_HomeIm_800x400-1.jpg","type":"image\/jpeg"}],"author":"Redazione","twitter_card":"summary_large_image","twitter_misc":{"Scritto da":"Redazione","Tempo di lettura stimato":"2 minuti"},"schema":{"@context":"https:\/\/schema.org","@graph":[{"@type":"Article","@id":"https:\/\/www.ipiccoliquotidiano.it\/index.php\/2021\/10\/17\/nello-pagani-il-pittore-delle-due-ruote\/#article","isPartOf":{"@id":"https:\/\/www.ipiccoliquotidiano.it\/index.php\/2021\/10\/17\/nello-pagani-il-pittore-delle-due-ruote\/"},"author":{"name":"Redazione","@id":"https:\/\/www.ipiccoliquotidiano.it\/#\/schema\/person\/aa217f3cf90bae1bf2bd5e7c00b2d4c4"},"headline":"Nello Pagani, il \u201cpittore\u201d delle due ruote","datePublished":"2021-10-17T00:00:00+00:00","mainEntityOfPage":{"@id":"https:\/\/www.ipiccoliquotidiano.it\/index.php\/2021\/10\/17\/nello-pagani-il-pittore-delle-due-ruote\/"},"wordCount":323,"publisher":{"@id":"https:\/\/www.ipiccoliquotidiano.it\/#organization"},"image":{"@id":"https:\/\/www.ipiccoliquotidiano.it\/index.php\/2021\/10\/17\/nello-pagani-il-pittore-delle-due-ruote\/#primaryimage"},"thumbnailUrl":"https:\/\/www.ipiccoliquotidiano.it\/wp-content\/uploads\/2024\/05\/dd8348_nello_pagani_HomeIm_800x400-1.jpg","articleSection":["A tutto sport"],"inLanguage":"it-IT"},{"@type":"WebPage","@id":"https:\/\/www.ipiccoliquotidiano.it\/index.php\/2021\/10\/17\/nello-pagani-il-pittore-delle-due-ruote\/","url":"https:\/\/www.ipiccoliquotidiano.it\/index.php\/2021\/10\/17\/nello-pagani-il-pittore-delle-due-ruote\/","name":"Nello Pagani, il \u201cpittore\u201d delle due ruote - IPiccoliQuotidiano.it","isPartOf":{"@id":"https:\/\/www.ipiccoliquotidiano.it\/#website"},"primaryImageOfPage":{"@id":"https:\/\/www.ipiccoliquotidiano.it\/index.php\/2021\/10\/17\/nello-pagani-il-pittore-delle-due-ruote\/#primaryimage"},"image":{"@id":"https:\/\/www.ipiccoliquotidiano.it\/index.php\/2021\/10\/17\/nello-pagani-il-pittore-delle-due-ruote\/#primaryimage"},"thumbnailUrl":"https:\/\/www.ipiccoliquotidiano.it\/wp-content\/uploads\/2024\/05\/dd8348_nello_pagani_HomeIm_800x400-1.jpg","datePublished":"2021-10-17T00:00:00+00:00","breadcrumb":{"@id":"https:\/\/www.ipiccoliquotidiano.it\/index.php\/2021\/10\/17\/nello-pagani-il-pittore-delle-due-ruote\/#breadcrumb"},"inLanguage":"it-IT","potentialAction":[{"@type":"ReadAction","target":["https:\/\/www.ipiccoliquotidiano.it\/index.php\/2021\/10\/17\/nello-pagani-il-pittore-delle-due-ruote\/"]}]},{"@type":"ImageObject","inLanguage":"it-IT","@id":"https:\/\/www.ipiccoliquotidiano.it\/index.php\/2021\/10\/17\/nello-pagani-il-pittore-delle-due-ruote\/#primaryimage","url":"https:\/\/www.ipiccoliquotidiano.it\/wp-content\/uploads\/2024\/05\/dd8348_nello_pagani_HomeIm_800x400-1.jpg","contentUrl":"https:\/\/www.ipiccoliquotidiano.it\/wp-content\/uploads\/2024\/05\/dd8348_nello_pagani_HomeIm_800x400-1.jpg","width":800,"height":400},{"@type":"BreadcrumbList","@id":"https:\/\/www.ipiccoliquotidiano.it\/index.php\/2021\/10\/17\/nello-pagani-il-pittore-delle-due-ruote\/#breadcrumb","itemListElement":[{"@type":"ListItem","position":1,"name":"Home","item":"https:\/\/www.ipiccoliquotidiano.it\/"},{"@type":"ListItem","position":2,"name":"Nello Pagani, il \u201cpittore\u201d delle due ruote"}]},{"@type":"WebSite","@id":"https:\/\/www.ipiccoliquotidiano.it\/#website","url":"https:\/\/www.ipiccoliquotidiano.it\/","name":"IPiccoliQuotidiano.it","description":"Il Quotidiano dei Piccoli","publisher":{"@id":"https:\/\/www.ipiccoliquotidiano.it\/#organization"},"potentialAction":[{"@type":"SearchAction","target":{"@type":"EntryPoint","urlTemplate":"https:\/\/www.ipiccoliquotidiano.it\/?s={search_term_string}"},"query-input":{"@type":"PropertyValueSpecification","valueRequired":true,"valueName":"search_term_string"}}],"inLanguage":"it-IT"},{"@type":"Organization","@id":"https:\/\/www.ipiccoliquotidiano.it\/#organization","name":"IPiccoliQuotidiano.it","url":"https:\/\/www.ipiccoliquotidiano.it\/","logo":{"@type":"ImageObject","inLanguage":"it-IT","@id":"https:\/\/www.ipiccoliquotidiano.it\/#\/schema\/logo\/image\/","url":"https:\/\/www.ipiccoliquotidiano.it\/wp-content\/uploads\/2024\/05\/ipiccoli-logo.jpg","contentUrl":"https:\/\/www.ipiccoliquotidiano.it\/wp-content\/uploads\/2024\/05\/ipiccoli-logo.jpg","width":300,"height":129,"caption":"IPiccoliQuotidiano.it"},"image":{"@id":"https:\/\/www.ipiccoliquotidiano.it\/#\/schema\/logo\/image\/"},"sameAs":["https:\/\/www.facebook.com\/ipiccoliquotidiano"]},{"@type":"Person","@id":"https:\/\/www.ipiccoliquotidiano.it\/#\/schema\/person\/aa217f3cf90bae1bf2bd5e7c00b2d4c4","name":"Redazione","url":"https:\/\/www.ipiccoliquotidiano.it\/index.php\/author\/redazione\/"}]}},"_links":{"self":[{"href":"https:\/\/www.ipiccoliquotidiano.it\/index.php\/wp-json\/wp\/v2\/posts\/22595","targetHints":{"allow":["GET"]}}],"collection":[{"href":"https:\/\/www.ipiccoliquotidiano.it\/index.php\/wp-json\/wp\/v2\/posts"}],"about":[{"href":"https:\/\/www.ipiccoliquotidiano.it\/index.php\/wp-json\/wp\/v2\/types\/post"}],"author":[{"embeddable":true,"href":"https:\/\/www.ipiccoliquotidiano.it\/index.php\/wp-json\/wp\/v2\/users\/37"}],"replies":[{"embeddable":true,"href":"https:\/\/www.ipiccoliquotidiano.it\/index.php\/wp-json\/wp\/v2\/comments?post=22595"}],"version-history":[{"count":0,"href":"https:\/\/www.ipiccoliquotidiano.it\/index.php\/wp-json\/wp\/v2\/posts\/22595\/revisions"}],"wp:featuredmedia":[{"embeddable":true,"href":"https:\/\/www.ipiccoliquotidiano.it\/index.php\/wp-json\/wp\/v2\/media\/22596"}],"wp:attachment":[{"href":"https:\/\/www.ipiccoliquotidiano.it\/index.php\/wp-json\/wp\/v2\/media?parent=22595"}],"wp:term":[{"taxonomy":"category","embeddable":true,"href":"https:\/\/www.ipiccoliquotidiano.it\/index.php\/wp-json\/wp\/v2\/categories?post=22595"},{"taxonomy":"post_tag","embeddable":true,"href":"https:\/\/www.ipiccoliquotidiano.it\/index.php\/wp-json\/wp\/v2\/tags?post=22595"}],"curies":[{"name":"wp","href":"https:\/\/api.w.org\/{rel}","templated":true}]}}