{"id":22397,"date":"2021-09-04T00:00:00","date_gmt":"2021-09-04T00:00:00","guid":{"rendered":"https:\/\/www.ipiccoliquotidiano.it\/index.php\/2021\/09\/04\/stelle-cadenti-anche-a-settembre\/"},"modified":"2021-09-04T00:00:00","modified_gmt":"2021-09-04T00:00:00","slug":"stelle-cadenti-anche-a-settembre","status":"publish","type":"post","link":"https:\/\/www.ipiccoliquotidiano.it\/index.php\/2021\/09\/04\/stelle-cadenti-anche-a-settembre\/","title":{"rendered":"Stelle cadenti anche a settembre"},"content":{"rendered":"<p>Stelle cadenti anche a settembre<\/p>\n<p>Il cielo di settembre ci regaler\u00e0 una pioggia di stelle cadenti, che potremmo osservare tranquillamente grazie alle giornate pi\u00f9 brevi che annunciano l&#8217;arrivo dell&#8217;autunno.<\/p>\n<p>Settembre \u00e8 il mese perfetto per osservare le stelle cadenti, con le notti iniziano ad allungarsi, il clima ancora mite e il numero di meteore sporadiche, che si sommano ai vari sciami e raggiunge nel nostro emisfero l\u2019apice: fino a 10-20 stelle cadenti ogni ora.<\/p>\n<p>L&#8217;Equinozio d&#8217;autunno \u00e8 previsto alle ore 21.21 del 22 settembre, anche se le giornate avranno gi\u00e0 iniziato ad accorciarsi in media fino a 1 ora e 21 minuti. Se infatti nei giorni vicini al solstizio d&#8217;estate il Sole tramontava intorno alle ore 20.52, il giorno dell&#8217;Equinozio lo far\u00e0 alle ore 19.09.<\/p>\n<p>Con le notti pi\u00f9 lunghe, gli appassionati di stelle hanno pi\u00f9 tempo per ammirare pianeti e costellazioni. In particolare Venere allunga di alcuni minuti il proprio intervallo di osservabilit\u00e0 quando tramonta a Sud-Ovest, mentre Giove e Saturno si accingono a culminare a Sud. La configurazione pi\u00f9 suggestiva di pianeti si avr\u00e0 la notte del 17 settembre, con un incontro tra Luna, Giove e Saturno.<\/p>\n","protected":false},"excerpt":{"rendered":"<p>Stelle cadenti anche a settembre Il cielo di settembre ci regaler\u00e0 una pioggia di stelle cadenti, che potremmo osservare tranquillamente grazie alle giornate pi\u00f9 brevi che annunciano l&#8217;arrivo dell&#8217;autunno. Settembre \u00e8 il mese perfetto per osservare le stelle cadenti, con le notti iniziano ad allungarsi, il clima ancora mite e il numero di meteore sporadiche,<\/p>\n","protected":false},"author":23,"featured_media":22398,"comment_status":"closed","ping_status":"closed","sticky":false,"template":"","format":"standard","meta":{"footnotes":""},"categories":[44],"tags":[],"class_list":["post-22397","post","type-post","status-publish","format-standard","has-post-thumbnail","category-amiamo-il-pianeta-terra-la-nostra-casa"],"yoast_head":"<!-- This site is optimized with the Yoast SEO plugin v28.4 - https:\/\/yoast.com\/product\/yoast-seo-wordpress\/ -->\n<title>Stelle cadenti anche a settembre - IPiccoliQuotidiano.it<\/title>\n<meta name=\"robots\" content=\"index, follow, max-snippet:-1, max-image-preview:large, max-video-preview:-1\" \/>\n<link rel=\"canonical\" href=\"https:\/\/www.ipiccoliquotidiano.it\/index.php\/2021\/09\/04\/stelle-cadenti-anche-a-settembre\/\" \/>\n<meta property=\"og:locale\" content=\"it_IT\" \/>\n<meta property=\"og:type\" content=\"article\" \/>\n<meta property=\"og:title\" content=\"Stelle cadenti anche a settembre - IPiccoliQuotidiano.it\" \/>\n<meta property=\"og:description\" content=\"Stelle cadenti anche a settembre Il cielo di settembre ci regaler\u00e0 una pioggia di stelle cadenti, che potremmo osservare tranquillamente grazie alle giornate pi\u00f9 brevi che annunciano l&#8217;arrivo dell&#8217;autunno. Settembre \u00e8 il mese perfetto per osservare le stelle cadenti, con le notti iniziano ad allungarsi, il clima ancora mite e il numero di meteore sporadiche,\" \/>\n<meta property=\"og:url\" content=\"https:\/\/www.ipiccoliquotidiano.it\/index.php\/2021\/09\/04\/stelle-cadenti-anche-a-settembre\/\" \/>\n<meta property=\"og:site_name\" content=\"IPiccoliQuotidiano.it\" \/>\n<meta property=\"article:publisher\" content=\"https:\/\/www.facebook.com\/ipiccoliquotidiano\" \/>\n<meta property=\"article:published_time\" content=\"2021-09-04T00:00:00+00:00\" \/>\n<meta property=\"og:image\" content=\"https:\/\/www.ipiccoliquotidiano.it\/wp-content\/uploads\/2024\/05\/ff8c8f_Stelle_cadenti_HomeIm_735x400-1.jpg\" \/>\n\t<meta property=\"og:image:width\" content=\"735\" \/>\n\t<meta property=\"og:image:height\" content=\"400\" \/>\n\t<meta property=\"og:image:type\" content=\"image\/jpeg\" \/>\n<meta name=\"author\" content=\"Gina Chiacchiaro\" \/>\n<meta name=\"twitter:card\" content=\"summary_large_image\" \/>\n<meta name=\"twitter:label1\" content=\"Scritto da\" \/>\n\t<meta name=\"twitter:data1\" content=\"Gina Chiacchiaro\" \/>\n\t<meta name=\"twitter:label2\" content=\"Tempo di lettura stimato\" \/>\n\t<meta name=\"twitter:data2\" content=\"1 minuto\" \/>\n<script type=\"application\/ld+json\" class=\"yoast-schema-graph\">{\"@context\":\"https:\\\/\\\/schema.org\",\"@graph\":[{\"@type\":\"Article\",\"@id\":\"https:\\\/\\\/www.ipiccoliquotidiano.it\\\/index.php\\\/2021\\\/09\\\/04\\\/stelle-cadenti-anche-a-settembre\\\/#article\",\"isPartOf\":{\"@id\":\"https:\\\/\\\/www.ipiccoliquotidiano.it\\\/index.php\\\/2021\\\/09\\\/04\\\/stelle-cadenti-anche-a-settembre\\\/\"},\"author\":{\"name\":\"Gina Chiacchiaro\",\"@id\":\"https:\\\/\\\/www.ipiccoliquotidiano.it\\\/#\\\/schema\\\/person\\\/e33b93e40079fc717202992994f9a60b\"},\"headline\":\"Stelle cadenti anche a settembre\",\"datePublished\":\"2021-09-04T00:00:00+00:00\",\"mainEntityOfPage\":{\"@id\":\"https:\\\/\\\/www.ipiccoliquotidiano.it\\\/index.php\\\/2021\\\/09\\\/04\\\/stelle-cadenti-anche-a-settembre\\\/\"},\"wordCount\":192,\"publisher\":{\"@id\":\"https:\\\/\\\/www.ipiccoliquotidiano.it\\\/#organization\"},\"image\":{\"@id\":\"https:\\\/\\\/www.ipiccoliquotidiano.it\\\/index.php\\\/2021\\\/09\\\/04\\\/stelle-cadenti-anche-a-settembre\\\/#primaryimage\"},\"thumbnailUrl\":\"https:\\\/\\\/www.ipiccoliquotidiano.it\\\/wp-content\\\/uploads\\\/2024\\\/05\\\/ff8c8f_Stelle_cadenti_HomeIm_735x400-1.jpg\",\"articleSection\":[\"Amiamo il Pianeta Terra...la nostra Casa!\"],\"inLanguage\":\"it-IT\"},{\"@type\":\"WebPage\",\"@id\":\"https:\\\/\\\/www.ipiccoliquotidiano.it\\\/index.php\\\/2021\\\/09\\\/04\\\/stelle-cadenti-anche-a-settembre\\\/\",\"url\":\"https:\\\/\\\/www.ipiccoliquotidiano.it\\\/index.php\\\/2021\\\/09\\\/04\\\/stelle-cadenti-anche-a-settembre\\\/\",\"name\":\"Stelle cadenti anche a settembre - IPiccoliQuotidiano.it\",\"isPartOf\":{\"@id\":\"https:\\\/\\\/www.ipiccoliquotidiano.it\\\/#website\"},\"primaryImageOfPage\":{\"@id\":\"https:\\\/\\\/www.ipiccoliquotidiano.it\\\/index.php\\\/2021\\\/09\\\/04\\\/stelle-cadenti-anche-a-settembre\\\/#primaryimage\"},\"image\":{\"@id\":\"https:\\\/\\\/www.ipiccoliquotidiano.it\\\/index.php\\\/2021\\\/09\\\/04\\\/stelle-cadenti-anche-a-settembre\\\/#primaryimage\"},\"thumbnailUrl\":\"https:\\\/\\\/www.ipiccoliquotidiano.it\\\/wp-content\\\/uploads\\\/2024\\\/05\\\/ff8c8f_Stelle_cadenti_HomeIm_735x400-1.jpg\",\"datePublished\":\"2021-09-04T00:00:00+00:00\",\"breadcrumb\":{\"@id\":\"https:\\\/\\\/www.ipiccoliquotidiano.it\\\/index.php\\\/2021\\\/09\\\/04\\\/stelle-cadenti-anche-a-settembre\\\/#breadcrumb\"},\"inLanguage\":\"it-IT\",\"potentialAction\":[{\"@type\":\"ReadAction\",\"target\":[\"https:\\\/\\\/www.ipiccoliquotidiano.it\\\/index.php\\\/2021\\\/09\\\/04\\\/stelle-cadenti-anche-a-settembre\\\/\"]}]},{\"@type\":\"ImageObject\",\"inLanguage\":\"it-IT\",\"@id\":\"https:\\\/\\\/www.ipiccoliquotidiano.it\\\/index.php\\\/2021\\\/09\\\/04\\\/stelle-cadenti-anche-a-settembre\\\/#primaryimage\",\"url\":\"https:\\\/\\\/www.ipiccoliquotidiano.it\\\/wp-content\\\/uploads\\\/2024\\\/05\\\/ff8c8f_Stelle_cadenti_HomeIm_735x400-1.jpg\",\"contentUrl\":\"https:\\\/\\\/www.ipiccoliquotidiano.it\\\/wp-content\\\/uploads\\\/2024\\\/05\\\/ff8c8f_Stelle_cadenti_HomeIm_735x400-1.jpg\",\"width\":735,\"height\":400},{\"@type\":\"BreadcrumbList\",\"@id\":\"https:\\\/\\\/www.ipiccoliquotidiano.it\\\/index.php\\\/2021\\\/09\\\/04\\\/stelle-cadenti-anche-a-settembre\\\/#breadcrumb\",\"itemListElement\":[{\"@type\":\"ListItem\",\"position\":1,\"name\":\"Home\",\"item\":\"https:\\\/\\\/www.ipiccoliquotidiano.it\\\/\"},{\"@type\":\"ListItem\",\"position\":2,\"name\":\"Stelle cadenti anche a settembre\"}]},{\"@type\":\"WebSite\",\"@id\":\"https:\\\/\\\/www.ipiccoliquotidiano.it\\\/#website\",\"url\":\"https:\\\/\\\/www.ipiccoliquotidiano.it\\\/\",\"name\":\"IPiccoliQuotidiano.it\",\"description\":\"Il Quotidiano dei Piccoli\",\"publisher\":{\"@id\":\"https:\\\/\\\/www.ipiccoliquotidiano.it\\\/#organization\"},\"potentialAction\":[{\"@type\":\"SearchAction\",\"target\":{\"@type\":\"EntryPoint\",\"urlTemplate\":\"https:\\\/\\\/www.ipiccoliquotidiano.it\\\/?s={search_term_string}\"},\"query-input\":{\"@type\":\"PropertyValueSpecification\",\"valueRequired\":true,\"valueName\":\"search_term_string\"}}],\"inLanguage\":\"it-IT\"},{\"@type\":\"Organization\",\"@id\":\"https:\\\/\\\/www.ipiccoliquotidiano.it\\\/#organization\",\"name\":\"IPiccoliQuotidiano.it\",\"url\":\"https:\\\/\\\/www.ipiccoliquotidiano.it\\\/\",\"logo\":{\"@type\":\"ImageObject\",\"inLanguage\":\"it-IT\",\"@id\":\"https:\\\/\\\/www.ipiccoliquotidiano.it\\\/#\\\/schema\\\/logo\\\/image\\\/\",\"url\":\"https:\\\/\\\/www.ipiccoliquotidiano.it\\\/wp-content\\\/uploads\\\/2024\\\/05\\\/ipiccoli-logo.jpg\",\"contentUrl\":\"https:\\\/\\\/www.ipiccoliquotidiano.it\\\/wp-content\\\/uploads\\\/2024\\\/05\\\/ipiccoli-logo.jpg\",\"width\":300,\"height\":129,\"caption\":\"IPiccoliQuotidiano.it\"},\"image\":{\"@id\":\"https:\\\/\\\/www.ipiccoliquotidiano.it\\\/#\\\/schema\\\/logo\\\/image\\\/\"},\"sameAs\":[\"https:\\\/\\\/www.facebook.com\\\/ipiccoliquotidiano\"]},{\"@type\":\"Person\",\"@id\":\"https:\\\/\\\/www.ipiccoliquotidiano.it\\\/#\\\/schema\\\/person\\\/e33b93e40079fc717202992994f9a60b\",\"name\":\"Gina Chiacchiaro\",\"description\":\"Anna Maria Chiacchiaro, per tutti Gina! Sono una donna di 65 anni che ha sempre mostrato interesse per la vita sotto ogni sua forma. Sono stata figlia di due splendidi genitori, sono moglie sposata ad un uomo da 43 anni e ancora felice di esserlo, sono madre di due figli quarantenni, e nonna di simpatici nipoti. Insegnante di scuola elementare per 38 anni, impegnata a Varese dal 1978 fino al 1993 e poi a Roccadaspide, il comune dove sono nata, dove mi sono trasferita con la mia famiglia. Sono giornalista pubblicista da 20 anni, ideatrice e direttrice editoriale de \u201cI Piccoli\u201d, un giornale destinato ai bambini in et\u00e0 scolare da 6 a 11 anni, che ha raggiunto la maggiore et\u00e0 passando per varie fasi e vivendo tutti i cambiamenti che l\u2019ultimo ventennio ci ha regalato!\",\"url\":\"https:\\\/\\\/www.ipiccoliquotidiano.it\\\/index.php\\\/author\\\/gina-chiacchiaro\\\/\"}]}<\/script>\n<!-- \/ Yoast SEO plugin. -->","yoast_head_json":{"title":"Stelle cadenti anche a settembre - IPiccoliQuotidiano.it","robots":{"index":"index","follow":"follow","max-snippet":"max-snippet:-1","max-image-preview":"max-image-preview:large","max-video-preview":"max-video-preview:-1"},"canonical":"https:\/\/www.ipiccoliquotidiano.it\/index.php\/2021\/09\/04\/stelle-cadenti-anche-a-settembre\/","og_locale":"it_IT","og_type":"article","og_title":"Stelle cadenti anche a settembre - IPiccoliQuotidiano.it","og_description":"Stelle cadenti anche a settembre Il cielo di settembre ci regaler\u00e0 una pioggia di stelle cadenti, che potremmo osservare tranquillamente grazie alle giornate pi\u00f9 brevi che annunciano l&#8217;arrivo dell&#8217;autunno. Settembre \u00e8 il mese perfetto per osservare le stelle cadenti, con le notti iniziano ad allungarsi, il clima ancora mite e il numero di meteore sporadiche,","og_url":"https:\/\/www.ipiccoliquotidiano.it\/index.php\/2021\/09\/04\/stelle-cadenti-anche-a-settembre\/","og_site_name":"IPiccoliQuotidiano.it","article_publisher":"https:\/\/www.facebook.com\/ipiccoliquotidiano","article_published_time":"2021-09-04T00:00:00+00:00","og_image":[{"width":735,"height":400,"url":"https:\/\/www.ipiccoliquotidiano.it\/wp-content\/uploads\/2024\/05\/ff8c8f_Stelle_cadenti_HomeIm_735x400-1.jpg","type":"image\/jpeg"}],"author":"Gina Chiacchiaro","twitter_card":"summary_large_image","twitter_misc":{"Scritto da":"Gina Chiacchiaro","Tempo di lettura stimato":"1 minuto"},"schema":{"@context":"https:\/\/schema.org","@graph":[{"@type":"Article","@id":"https:\/\/www.ipiccoliquotidiano.it\/index.php\/2021\/09\/04\/stelle-cadenti-anche-a-settembre\/#article","isPartOf":{"@id":"https:\/\/www.ipiccoliquotidiano.it\/index.php\/2021\/09\/04\/stelle-cadenti-anche-a-settembre\/"},"author":{"name":"Gina Chiacchiaro","@id":"https:\/\/www.ipiccoliquotidiano.it\/#\/schema\/person\/e33b93e40079fc717202992994f9a60b"},"headline":"Stelle cadenti anche a settembre","datePublished":"2021-09-04T00:00:00+00:00","mainEntityOfPage":{"@id":"https:\/\/www.ipiccoliquotidiano.it\/index.php\/2021\/09\/04\/stelle-cadenti-anche-a-settembre\/"},"wordCount":192,"publisher":{"@id":"https:\/\/www.ipiccoliquotidiano.it\/#organization"},"image":{"@id":"https:\/\/www.ipiccoliquotidiano.it\/index.php\/2021\/09\/04\/stelle-cadenti-anche-a-settembre\/#primaryimage"},"thumbnailUrl":"https:\/\/www.ipiccoliquotidiano.it\/wp-content\/uploads\/2024\/05\/ff8c8f_Stelle_cadenti_HomeIm_735x400-1.jpg","articleSection":["Amiamo il Pianeta Terra...la nostra Casa!"],"inLanguage":"it-IT"},{"@type":"WebPage","@id":"https:\/\/www.ipiccoliquotidiano.it\/index.php\/2021\/09\/04\/stelle-cadenti-anche-a-settembre\/","url":"https:\/\/www.ipiccoliquotidiano.it\/index.php\/2021\/09\/04\/stelle-cadenti-anche-a-settembre\/","name":"Stelle cadenti anche a settembre - IPiccoliQuotidiano.it","isPartOf":{"@id":"https:\/\/www.ipiccoliquotidiano.it\/#website"},"primaryImageOfPage":{"@id":"https:\/\/www.ipiccoliquotidiano.it\/index.php\/2021\/09\/04\/stelle-cadenti-anche-a-settembre\/#primaryimage"},"image":{"@id":"https:\/\/www.ipiccoliquotidiano.it\/index.php\/2021\/09\/04\/stelle-cadenti-anche-a-settembre\/#primaryimage"},"thumbnailUrl":"https:\/\/www.ipiccoliquotidiano.it\/wp-content\/uploads\/2024\/05\/ff8c8f_Stelle_cadenti_HomeIm_735x400-1.jpg","datePublished":"2021-09-04T00:00:00+00:00","breadcrumb":{"@id":"https:\/\/www.ipiccoliquotidiano.it\/index.php\/2021\/09\/04\/stelle-cadenti-anche-a-settembre\/#breadcrumb"},"inLanguage":"it-IT","potentialAction":[{"@type":"ReadAction","target":["https:\/\/www.ipiccoliquotidiano.it\/index.php\/2021\/09\/04\/stelle-cadenti-anche-a-settembre\/"]}]},{"@type":"ImageObject","inLanguage":"it-IT","@id":"https:\/\/www.ipiccoliquotidiano.it\/index.php\/2021\/09\/04\/stelle-cadenti-anche-a-settembre\/#primaryimage","url":"https:\/\/www.ipiccoliquotidiano.it\/wp-content\/uploads\/2024\/05\/ff8c8f_Stelle_cadenti_HomeIm_735x400-1.jpg","contentUrl":"https:\/\/www.ipiccoliquotidiano.it\/wp-content\/uploads\/2024\/05\/ff8c8f_Stelle_cadenti_HomeIm_735x400-1.jpg","width":735,"height":400},{"@type":"BreadcrumbList","@id":"https:\/\/www.ipiccoliquotidiano.it\/index.php\/2021\/09\/04\/stelle-cadenti-anche-a-settembre\/#breadcrumb","itemListElement":[{"@type":"ListItem","position":1,"name":"Home","item":"https:\/\/www.ipiccoliquotidiano.it\/"},{"@type":"ListItem","position":2,"name":"Stelle cadenti anche a settembre"}]},{"@type":"WebSite","@id":"https:\/\/www.ipiccoliquotidiano.it\/#website","url":"https:\/\/www.ipiccoliquotidiano.it\/","name":"IPiccoliQuotidiano.it","description":"Il Quotidiano dei Piccoli","publisher":{"@id":"https:\/\/www.ipiccoliquotidiano.it\/#organization"},"potentialAction":[{"@type":"SearchAction","target":{"@type":"EntryPoint","urlTemplate":"https:\/\/www.ipiccoliquotidiano.it\/?s={search_term_string}"},"query-input":{"@type":"PropertyValueSpecification","valueRequired":true,"valueName":"search_term_string"}}],"inLanguage":"it-IT"},{"@type":"Organization","@id":"https:\/\/www.ipiccoliquotidiano.it\/#organization","name":"IPiccoliQuotidiano.it","url":"https:\/\/www.ipiccoliquotidiano.it\/","logo":{"@type":"ImageObject","inLanguage":"it-IT","@id":"https:\/\/www.ipiccoliquotidiano.it\/#\/schema\/logo\/image\/","url":"https:\/\/www.ipiccoliquotidiano.it\/wp-content\/uploads\/2024\/05\/ipiccoli-logo.jpg","contentUrl":"https:\/\/www.ipiccoliquotidiano.it\/wp-content\/uploads\/2024\/05\/ipiccoli-logo.jpg","width":300,"height":129,"caption":"IPiccoliQuotidiano.it"},"image":{"@id":"https:\/\/www.ipiccoliquotidiano.it\/#\/schema\/logo\/image\/"},"sameAs":["https:\/\/www.facebook.com\/ipiccoliquotidiano"]},{"@type":"Person","@id":"https:\/\/www.ipiccoliquotidiano.it\/#\/schema\/person\/e33b93e40079fc717202992994f9a60b","name":"Gina Chiacchiaro","description":"Anna Maria Chiacchiaro, per tutti Gina! Sono una donna di 65 anni che ha sempre mostrato interesse per la vita sotto ogni sua forma. Sono stata figlia di due splendidi genitori, sono moglie sposata ad un uomo da 43 anni e ancora felice di esserlo, sono madre di due figli quarantenni, e nonna di simpatici nipoti. Insegnante di scuola elementare per 38 anni, impegnata a Varese dal 1978 fino al 1993 e poi a Roccadaspide, il comune dove sono nata, dove mi sono trasferita con la mia famiglia. Sono giornalista pubblicista da 20 anni, ideatrice e direttrice editoriale de \u201cI Piccoli\u201d, un giornale destinato ai bambini in et\u00e0 scolare da 6 a 11 anni, che ha raggiunto la maggiore et\u00e0 passando per varie fasi e vivendo tutti i cambiamenti che l\u2019ultimo ventennio ci ha regalato!","url":"https:\/\/www.ipiccoliquotidiano.it\/index.php\/author\/gina-chiacchiaro\/"}]}},"_links":{"self":[{"href":"https:\/\/www.ipiccoliquotidiano.it\/index.php\/wp-json\/wp\/v2\/posts\/22397","targetHints":{"allow":["GET"]}}],"collection":[{"href":"https:\/\/www.ipiccoliquotidiano.it\/index.php\/wp-json\/wp\/v2\/posts"}],"about":[{"href":"https:\/\/www.ipiccoliquotidiano.it\/index.php\/wp-json\/wp\/v2\/types\/post"}],"author":[{"embeddable":true,"href":"https:\/\/www.ipiccoliquotidiano.it\/index.php\/wp-json\/wp\/v2\/users\/23"}],"replies":[{"embeddable":true,"href":"https:\/\/www.ipiccoliquotidiano.it\/index.php\/wp-json\/wp\/v2\/comments?post=22397"}],"version-history":[{"count":0,"href":"https:\/\/www.ipiccoliquotidiano.it\/index.php\/wp-json\/wp\/v2\/posts\/22397\/revisions"}],"wp:featuredmedia":[{"embeddable":true,"href":"https:\/\/www.ipiccoliquotidiano.it\/index.php\/wp-json\/wp\/v2\/media\/22398"}],"wp:attachment":[{"href":"https:\/\/www.ipiccoliquotidiano.it\/index.php\/wp-json\/wp\/v2\/media?parent=22397"}],"wp:term":[{"taxonomy":"category","embeddable":true,"href":"https:\/\/www.ipiccoliquotidiano.it\/index.php\/wp-json\/wp\/v2\/categories?post=22397"},{"taxonomy":"post_tag","embeddable":true,"href":"https:\/\/www.ipiccoliquotidiano.it\/index.php\/wp-json\/wp\/v2\/tags?post=22397"}],"curies":[{"name":"wp","href":"https:\/\/api.w.org\/{rel}","templated":true}]}}