{"id":21129,"date":"2022-07-22T00:00:00","date_gmt":"2022-07-22T00:00:00","guid":{"rendered":"https:\/\/www.ipiccoliquotidiano.it\/index.php\/2022\/07\/22\/francia-inghiottiti-i-suoi-boschi\/"},"modified":"2022-07-22T00:00:00","modified_gmt":"2022-07-22T00:00:00","slug":"francia-inghiottiti-i-suoi-boschi","status":"publish","type":"post","link":"https:\/\/www.ipiccoliquotidiano.it\/index.php\/2022\/07\/22\/francia-inghiottiti-i-suoi-boschi\/","title":{"rendered":"Francia, inghiottiti i suoi boschi"},"content":{"rendered":"<p>&#8220;Era una bella giornata di sole e nel giro di 30 minuti tutto \u00e8 diventato buio ed ha cominciato a piovere cenere. Era strano, sembrava di stare a Pompei. Quando \u00e8 arrivato l&#8217;ordine di evacuazione ho preso solo l&#8217;essenziale. In 10 minuti siamo scappati, questo \u00e8 il tempo che ci hanno dato. Quindi abbiamo preso quello che potevamo, qualche vestito. Volevo prendere il gatto ma non l&#8217;ho trovato&#8221; \u2013 \u00e8 quanto racconta uno degli evacuati della Gironda francese.<\/p>\n<p>Il dipartimento francese, regione nel sud ovest, \u00e8 stato, infatti, colpito da due incendi che dal 12 luglio hanno travolto i suoi boschi: circa diciannovemila ettari di terreno ridotti in cenere.<\/p>\n<p>\u00abGli alberi verranno ripiantati &#8211; promette il presidente francese Macron ai cittadini della Gironda. E di fronte alla critica di non fare abbastanza per il clima, risponde: \u00abPosso dire che nel mio primo mandato abbiamo ridotto le emissioni due volte pi\u00f9 velocemente rispetto a prima. Faremo ancora meglio e ancora pi\u00f9 velocemente. Ho raddoppiato gli sforzi negli ultimi cinque anni e li raddoppier\u00f2 anche nei prossimi cinque. Questo \u00e8 il mio obiettivo\u00bb.<\/p>\n<p>Proprio il forte vento, insieme alla siccit\u00e0, hanno determinato una situazione disperata, che ha costretto i tanti cittadini, 36mila, a fuggire.\u00a0<\/p>\n","protected":false},"excerpt":{"rendered":"<p>Macron promette il rimboschimento<\/p>\n","protected":false},"author":4,"featured_media":21130,"comment_status":"closed","ping_status":"closed","sticky":false,"template":"","format":"standard","meta":{"footnotes":""},"categories":[32],"tags":[],"class_list":["post-21129","post","type-post","status-publish","format-standard","has-post-thumbnail","category-europa"],"yoast_head":"<!-- This site is optimized with the Yoast SEO plugin v28.4 - https:\/\/yoast.com\/product\/yoast-seo-wordpress\/ -->\n<title>Francia, inghiottiti i suoi boschi - IPiccoliQuotidiano.it<\/title>\n<meta name=\"robots\" content=\"index, follow, max-snippet:-1, max-image-preview:large, max-video-preview:-1\" \/>\n<link rel=\"canonical\" href=\"https:\/\/www.ipiccoliquotidiano.it\/index.php\/2022\/07\/22\/francia-inghiottiti-i-suoi-boschi\/\" \/>\n<meta property=\"og:locale\" content=\"it_IT\" \/>\n<meta property=\"og:type\" content=\"article\" \/>\n<meta property=\"og:title\" content=\"Francia, inghiottiti i suoi boschi - IPiccoliQuotidiano.it\" \/>\n<meta property=\"og:description\" content=\"Macron promette il rimboschimento\" \/>\n<meta property=\"og:url\" content=\"https:\/\/www.ipiccoliquotidiano.it\/index.php\/2022\/07\/22\/francia-inghiottiti-i-suoi-boschi\/\" \/>\n<meta property=\"og:site_name\" content=\"IPiccoliQuotidiano.it\" \/>\n<meta property=\"article:publisher\" content=\"https:\/\/www.facebook.com\/ipiccoliquotidiano\" \/>\n<meta property=\"article:published_time\" content=\"2022-07-22T00:00:00+00:00\" \/>\n<meta property=\"og:image\" content=\"https:\/\/www.ipiccoliquotidiano.it\/wp-content\/uploads\/2024\/05\/768437_panorama_HomeIm_800x400.jpg\" \/>\n\t<meta property=\"og:image:width\" content=\"800\" \/>\n\t<meta property=\"og:image:height\" content=\"400\" \/>\n\t<meta property=\"og:image:type\" content=\"image\/jpeg\" \/>\n<meta name=\"author\" content=\"Anais Di Stefano\" \/>\n<meta name=\"twitter:card\" content=\"summary_large_image\" \/>\n<meta name=\"twitter:label1\" content=\"Scritto da\" \/>\n\t<meta name=\"twitter:data1\" content=\"Anais Di Stefano\" \/>\n\t<meta name=\"twitter:label2\" content=\"Tempo di lettura stimato\" \/>\n\t<meta name=\"twitter:data2\" content=\"1 minuto\" \/>\n<script type=\"application\/ld+json\" class=\"yoast-schema-graph\">{\"@context\":\"https:\\\/\\\/schema.org\",\"@graph\":[{\"@type\":\"Article\",\"@id\":\"https:\\\/\\\/www.ipiccoliquotidiano.it\\\/index.php\\\/2022\\\/07\\\/22\\\/francia-inghiottiti-i-suoi-boschi\\\/#article\",\"isPartOf\":{\"@id\":\"https:\\\/\\\/www.ipiccoliquotidiano.it\\\/index.php\\\/2022\\\/07\\\/22\\\/francia-inghiottiti-i-suoi-boschi\\\/\"},\"author\":{\"name\":\"Anais Di Stefano\",\"@id\":\"https:\\\/\\\/www.ipiccoliquotidiano.it\\\/#\\\/schema\\\/person\\\/4bf17ab59d5aa7238abb4d8c3d8a7815\"},\"headline\":\"Francia, inghiottiti i suoi boschi\",\"datePublished\":\"2022-07-22T00:00:00+00:00\",\"mainEntityOfPage\":{\"@id\":\"https:\\\/\\\/www.ipiccoliquotidiano.it\\\/index.php\\\/2022\\\/07\\\/22\\\/francia-inghiottiti-i-suoi-boschi\\\/\"},\"wordCount\":200,\"publisher\":{\"@id\":\"https:\\\/\\\/www.ipiccoliquotidiano.it\\\/#organization\"},\"image\":{\"@id\":\"https:\\\/\\\/www.ipiccoliquotidiano.it\\\/index.php\\\/2022\\\/07\\\/22\\\/francia-inghiottiti-i-suoi-boschi\\\/#primaryimage\"},\"thumbnailUrl\":\"https:\\\/\\\/www.ipiccoliquotidiano.it\\\/wp-content\\\/uploads\\\/2024\\\/05\\\/768437_panorama_HomeIm_800x400.jpg\",\"articleSection\":[\"Europa\"],\"inLanguage\":\"it-IT\"},{\"@type\":\"WebPage\",\"@id\":\"https:\\\/\\\/www.ipiccoliquotidiano.it\\\/index.php\\\/2022\\\/07\\\/22\\\/francia-inghiottiti-i-suoi-boschi\\\/\",\"url\":\"https:\\\/\\\/www.ipiccoliquotidiano.it\\\/index.php\\\/2022\\\/07\\\/22\\\/francia-inghiottiti-i-suoi-boschi\\\/\",\"name\":\"Francia, inghiottiti i suoi boschi - IPiccoliQuotidiano.it\",\"isPartOf\":{\"@id\":\"https:\\\/\\\/www.ipiccoliquotidiano.it\\\/#website\"},\"primaryImageOfPage\":{\"@id\":\"https:\\\/\\\/www.ipiccoliquotidiano.it\\\/index.php\\\/2022\\\/07\\\/22\\\/francia-inghiottiti-i-suoi-boschi\\\/#primaryimage\"},\"image\":{\"@id\":\"https:\\\/\\\/www.ipiccoliquotidiano.it\\\/index.php\\\/2022\\\/07\\\/22\\\/francia-inghiottiti-i-suoi-boschi\\\/#primaryimage\"},\"thumbnailUrl\":\"https:\\\/\\\/www.ipiccoliquotidiano.it\\\/wp-content\\\/uploads\\\/2024\\\/05\\\/768437_panorama_HomeIm_800x400.jpg\",\"datePublished\":\"2022-07-22T00:00:00+00:00\",\"breadcrumb\":{\"@id\":\"https:\\\/\\\/www.ipiccoliquotidiano.it\\\/index.php\\\/2022\\\/07\\\/22\\\/francia-inghiottiti-i-suoi-boschi\\\/#breadcrumb\"},\"inLanguage\":\"it-IT\",\"potentialAction\":[{\"@type\":\"ReadAction\",\"target\":[\"https:\\\/\\\/www.ipiccoliquotidiano.it\\\/index.php\\\/2022\\\/07\\\/22\\\/francia-inghiottiti-i-suoi-boschi\\\/\"]}]},{\"@type\":\"ImageObject\",\"inLanguage\":\"it-IT\",\"@id\":\"https:\\\/\\\/www.ipiccoliquotidiano.it\\\/index.php\\\/2022\\\/07\\\/22\\\/francia-inghiottiti-i-suoi-boschi\\\/#primaryimage\",\"url\":\"https:\\\/\\\/www.ipiccoliquotidiano.it\\\/wp-content\\\/uploads\\\/2024\\\/05\\\/768437_panorama_HomeIm_800x400.jpg\",\"contentUrl\":\"https:\\\/\\\/www.ipiccoliquotidiano.it\\\/wp-content\\\/uploads\\\/2024\\\/05\\\/768437_panorama_HomeIm_800x400.jpg\",\"width\":800,\"height\":400},{\"@type\":\"BreadcrumbList\",\"@id\":\"https:\\\/\\\/www.ipiccoliquotidiano.it\\\/index.php\\\/2022\\\/07\\\/22\\\/francia-inghiottiti-i-suoi-boschi\\\/#breadcrumb\",\"itemListElement\":[{\"@type\":\"ListItem\",\"position\":1,\"name\":\"Home\",\"item\":\"https:\\\/\\\/www.ipiccoliquotidiano.it\\\/\"},{\"@type\":\"ListItem\",\"position\":2,\"name\":\"Francia, inghiottiti i suoi boschi\"}]},{\"@type\":\"WebSite\",\"@id\":\"https:\\\/\\\/www.ipiccoliquotidiano.it\\\/#website\",\"url\":\"https:\\\/\\\/www.ipiccoliquotidiano.it\\\/\",\"name\":\"IPiccoliQuotidiano.it\",\"description\":\"Il Quotidiano dei Piccoli\",\"publisher\":{\"@id\":\"https:\\\/\\\/www.ipiccoliquotidiano.it\\\/#organization\"},\"potentialAction\":[{\"@type\":\"SearchAction\",\"target\":{\"@type\":\"EntryPoint\",\"urlTemplate\":\"https:\\\/\\\/www.ipiccoliquotidiano.it\\\/?s={search_term_string}\"},\"query-input\":{\"@type\":\"PropertyValueSpecification\",\"valueRequired\":true,\"valueName\":\"search_term_string\"}}],\"inLanguage\":\"it-IT\"},{\"@type\":\"Organization\",\"@id\":\"https:\\\/\\\/www.ipiccoliquotidiano.it\\\/#organization\",\"name\":\"IPiccoliQuotidiano.it\",\"url\":\"https:\\\/\\\/www.ipiccoliquotidiano.it\\\/\",\"logo\":{\"@type\":\"ImageObject\",\"inLanguage\":\"it-IT\",\"@id\":\"https:\\\/\\\/www.ipiccoliquotidiano.it\\\/#\\\/schema\\\/logo\\\/image\\\/\",\"url\":\"https:\\\/\\\/www.ipiccoliquotidiano.it\\\/wp-content\\\/uploads\\\/2024\\\/05\\\/ipiccoli-logo.jpg\",\"contentUrl\":\"https:\\\/\\\/www.ipiccoliquotidiano.it\\\/wp-content\\\/uploads\\\/2024\\\/05\\\/ipiccoli-logo.jpg\",\"width\":300,\"height\":129,\"caption\":\"IPiccoliQuotidiano.it\"},\"image\":{\"@id\":\"https:\\\/\\\/www.ipiccoliquotidiano.it\\\/#\\\/schema\\\/logo\\\/image\\\/\"},\"sameAs\":[\"https:\\\/\\\/www.facebook.com\\\/ipiccoliquotidiano\"]},{\"@type\":\"Person\",\"@id\":\"https:\\\/\\\/www.ipiccoliquotidiano.it\\\/#\\\/schema\\\/person\\\/4bf17ab59d5aa7238abb4d8c3d8a7815\",\"name\":\"Anais Di Stefano\",\"url\":\"https:\\\/\\\/www.ipiccoliquotidiano.it\\\/index.php\\\/author\\\/anais-di-stefano\\\/\"}]}<\/script>\n<!-- \/ Yoast SEO plugin. -->","yoast_head_json":{"title":"Francia, inghiottiti i suoi boschi - IPiccoliQuotidiano.it","robots":{"index":"index","follow":"follow","max-snippet":"max-snippet:-1","max-image-preview":"max-image-preview:large","max-video-preview":"max-video-preview:-1"},"canonical":"https:\/\/www.ipiccoliquotidiano.it\/index.php\/2022\/07\/22\/francia-inghiottiti-i-suoi-boschi\/","og_locale":"it_IT","og_type":"article","og_title":"Francia, inghiottiti i suoi boschi - IPiccoliQuotidiano.it","og_description":"Macron promette il rimboschimento","og_url":"https:\/\/www.ipiccoliquotidiano.it\/index.php\/2022\/07\/22\/francia-inghiottiti-i-suoi-boschi\/","og_site_name":"IPiccoliQuotidiano.it","article_publisher":"https:\/\/www.facebook.com\/ipiccoliquotidiano","article_published_time":"2022-07-22T00:00:00+00:00","og_image":[{"width":800,"height":400,"url":"https:\/\/www.ipiccoliquotidiano.it\/wp-content\/uploads\/2024\/05\/768437_panorama_HomeIm_800x400.jpg","type":"image\/jpeg"}],"author":"Anais Di Stefano","twitter_card":"summary_large_image","twitter_misc":{"Scritto da":"Anais Di Stefano","Tempo di lettura stimato":"1 minuto"},"schema":{"@context":"https:\/\/schema.org","@graph":[{"@type":"Article","@id":"https:\/\/www.ipiccoliquotidiano.it\/index.php\/2022\/07\/22\/francia-inghiottiti-i-suoi-boschi\/#article","isPartOf":{"@id":"https:\/\/www.ipiccoliquotidiano.it\/index.php\/2022\/07\/22\/francia-inghiottiti-i-suoi-boschi\/"},"author":{"name":"Anais Di Stefano","@id":"https:\/\/www.ipiccoliquotidiano.it\/#\/schema\/person\/4bf17ab59d5aa7238abb4d8c3d8a7815"},"headline":"Francia, inghiottiti i suoi boschi","datePublished":"2022-07-22T00:00:00+00:00","mainEntityOfPage":{"@id":"https:\/\/www.ipiccoliquotidiano.it\/index.php\/2022\/07\/22\/francia-inghiottiti-i-suoi-boschi\/"},"wordCount":200,"publisher":{"@id":"https:\/\/www.ipiccoliquotidiano.it\/#organization"},"image":{"@id":"https:\/\/www.ipiccoliquotidiano.it\/index.php\/2022\/07\/22\/francia-inghiottiti-i-suoi-boschi\/#primaryimage"},"thumbnailUrl":"https:\/\/www.ipiccoliquotidiano.it\/wp-content\/uploads\/2024\/05\/768437_panorama_HomeIm_800x400.jpg","articleSection":["Europa"],"inLanguage":"it-IT"},{"@type":"WebPage","@id":"https:\/\/www.ipiccoliquotidiano.it\/index.php\/2022\/07\/22\/francia-inghiottiti-i-suoi-boschi\/","url":"https:\/\/www.ipiccoliquotidiano.it\/index.php\/2022\/07\/22\/francia-inghiottiti-i-suoi-boschi\/","name":"Francia, inghiottiti i suoi boschi - IPiccoliQuotidiano.it","isPartOf":{"@id":"https:\/\/www.ipiccoliquotidiano.it\/#website"},"primaryImageOfPage":{"@id":"https:\/\/www.ipiccoliquotidiano.it\/index.php\/2022\/07\/22\/francia-inghiottiti-i-suoi-boschi\/#primaryimage"},"image":{"@id":"https:\/\/www.ipiccoliquotidiano.it\/index.php\/2022\/07\/22\/francia-inghiottiti-i-suoi-boschi\/#primaryimage"},"thumbnailUrl":"https:\/\/www.ipiccoliquotidiano.it\/wp-content\/uploads\/2024\/05\/768437_panorama_HomeIm_800x400.jpg","datePublished":"2022-07-22T00:00:00+00:00","breadcrumb":{"@id":"https:\/\/www.ipiccoliquotidiano.it\/index.php\/2022\/07\/22\/francia-inghiottiti-i-suoi-boschi\/#breadcrumb"},"inLanguage":"it-IT","potentialAction":[{"@type":"ReadAction","target":["https:\/\/www.ipiccoliquotidiano.it\/index.php\/2022\/07\/22\/francia-inghiottiti-i-suoi-boschi\/"]}]},{"@type":"ImageObject","inLanguage":"it-IT","@id":"https:\/\/www.ipiccoliquotidiano.it\/index.php\/2022\/07\/22\/francia-inghiottiti-i-suoi-boschi\/#primaryimage","url":"https:\/\/www.ipiccoliquotidiano.it\/wp-content\/uploads\/2024\/05\/768437_panorama_HomeIm_800x400.jpg","contentUrl":"https:\/\/www.ipiccoliquotidiano.it\/wp-content\/uploads\/2024\/05\/768437_panorama_HomeIm_800x400.jpg","width":800,"height":400},{"@type":"BreadcrumbList","@id":"https:\/\/www.ipiccoliquotidiano.it\/index.php\/2022\/07\/22\/francia-inghiottiti-i-suoi-boschi\/#breadcrumb","itemListElement":[{"@type":"ListItem","position":1,"name":"Home","item":"https:\/\/www.ipiccoliquotidiano.it\/"},{"@type":"ListItem","position":2,"name":"Francia, inghiottiti i suoi boschi"}]},{"@type":"WebSite","@id":"https:\/\/www.ipiccoliquotidiano.it\/#website","url":"https:\/\/www.ipiccoliquotidiano.it\/","name":"IPiccoliQuotidiano.it","description":"Il Quotidiano dei Piccoli","publisher":{"@id":"https:\/\/www.ipiccoliquotidiano.it\/#organization"},"potentialAction":[{"@type":"SearchAction","target":{"@type":"EntryPoint","urlTemplate":"https:\/\/www.ipiccoliquotidiano.it\/?s={search_term_string}"},"query-input":{"@type":"PropertyValueSpecification","valueRequired":true,"valueName":"search_term_string"}}],"inLanguage":"it-IT"},{"@type":"Organization","@id":"https:\/\/www.ipiccoliquotidiano.it\/#organization","name":"IPiccoliQuotidiano.it","url":"https:\/\/www.ipiccoliquotidiano.it\/","logo":{"@type":"ImageObject","inLanguage":"it-IT","@id":"https:\/\/www.ipiccoliquotidiano.it\/#\/schema\/logo\/image\/","url":"https:\/\/www.ipiccoliquotidiano.it\/wp-content\/uploads\/2024\/05\/ipiccoli-logo.jpg","contentUrl":"https:\/\/www.ipiccoliquotidiano.it\/wp-content\/uploads\/2024\/05\/ipiccoli-logo.jpg","width":300,"height":129,"caption":"IPiccoliQuotidiano.it"},"image":{"@id":"https:\/\/www.ipiccoliquotidiano.it\/#\/schema\/logo\/image\/"},"sameAs":["https:\/\/www.facebook.com\/ipiccoliquotidiano"]},{"@type":"Person","@id":"https:\/\/www.ipiccoliquotidiano.it\/#\/schema\/person\/4bf17ab59d5aa7238abb4d8c3d8a7815","name":"Anais Di Stefano","url":"https:\/\/www.ipiccoliquotidiano.it\/index.php\/author\/anais-di-stefano\/"}]}},"_links":{"self":[{"href":"https:\/\/www.ipiccoliquotidiano.it\/index.php\/wp-json\/wp\/v2\/posts\/21129","targetHints":{"allow":["GET"]}}],"collection":[{"href":"https:\/\/www.ipiccoliquotidiano.it\/index.php\/wp-json\/wp\/v2\/posts"}],"about":[{"href":"https:\/\/www.ipiccoliquotidiano.it\/index.php\/wp-json\/wp\/v2\/types\/post"}],"author":[{"embeddable":true,"href":"https:\/\/www.ipiccoliquotidiano.it\/index.php\/wp-json\/wp\/v2\/users\/4"}],"replies":[{"embeddable":true,"href":"https:\/\/www.ipiccoliquotidiano.it\/index.php\/wp-json\/wp\/v2\/comments?post=21129"}],"version-history":[{"count":0,"href":"https:\/\/www.ipiccoliquotidiano.it\/index.php\/wp-json\/wp\/v2\/posts\/21129\/revisions"}],"wp:featuredmedia":[{"embeddable":true,"href":"https:\/\/www.ipiccoliquotidiano.it\/index.php\/wp-json\/wp\/v2\/media\/21130"}],"wp:attachment":[{"href":"https:\/\/www.ipiccoliquotidiano.it\/index.php\/wp-json\/wp\/v2\/media?parent=21129"}],"wp:term":[{"taxonomy":"category","embeddable":true,"href":"https:\/\/www.ipiccoliquotidiano.it\/index.php\/wp-json\/wp\/v2\/categories?post=21129"},{"taxonomy":"post_tag","embeddable":true,"href":"https:\/\/www.ipiccoliquotidiano.it\/index.php\/wp-json\/wp\/v2\/tags?post=21129"}],"curies":[{"name":"wp","href":"https:\/\/api.w.org\/{rel}","templated":true}]}}