{"id":20424,"date":"2024-03-25T00:00:00","date_gmt":"2024-03-25T00:00:00","guid":{"rendered":"https:\/\/www.ipiccoliquotidiano.it\/index.php\/2024\/03\/25\/cartoni-per-la-pace\/"},"modified":"2024-03-25T00:00:00","modified_gmt":"2024-03-25T00:00:00","slug":"cartoni-per-la-pace","status":"publish","type":"post","link":"https:\/\/www.ipiccoliquotidiano.it\/index.php\/2024\/03\/25\/cartoni-per-la-pace\/","title":{"rendered":"Cartoni per la pace"},"content":{"rendered":"<p>Gli autori, Francesco e Sergio Manfio, rendono disponibili e gratis a tutte le tv i 26 corti ideati dai piccoli di tutto il mondo prodotti in collaborazione con Rai e Unesco.<\/p>\n<p>Educare alla pace \u00e8 possibile, a partire dai pi\u00f9 giovani: \u00e8 quanto sostiene il Gruppo Alcuni che ripropone la serie Cartoons for Peace, ideata nel 2000 con un gruppo di studenti delle Scuole Associate dell\u2019Unesco, in coproduzione con Rai.<\/p>\n<p>L\u2019anno 2000 e il suo intero primo decennio sono stati proclamati dall\u2019Assemblea Generale delle Nazioni Unite \u201cDecennio internazionale per una Cultura di Pace e Non-Violenza per i Bambini nel Mondo\u201d.<\/p>\n<p>Sono stati raccolti oltre 1.000 storyboard sul tema della pace ideati da studenti in paesi come Ecuador, Egitto, Indonesia, Libano, Messico, Filippine, Qatar, Uganda e sono diventati una serie animata per la regia di Sergio Manfio.<\/p>\n<p>A distanza di anni questi brevi cartoon, rivisti ai giorni nostri, si rivelano, purtroppo, straordinariamente attuali. Per questo motivo i co-produttori di <a href=\"https:\/\/cutt.ly\/6AdmAL5\" target=\"_blank\" rel=\"noopener\"><em>Cartoons for Peace<\/em><\/a> stanno rendendo questa miniserie disponibile gratuitamente per qualsiasi canale televisivo interessato a mandarla in onda, con il vantaggio che non \u00e8 necessario il doppiaggio.<\/p>\n<p><strong>La playlist di cartoni<\/strong><\/p>\n<p>Sulla playlist \u201cCartoons for Peace\u201d del nostro canale YouTube\u00a0(<a href=\"https:\/\/cutt.ly\/6AdmAL5\">https:\/\/cutt.ly\/6AdmAL5<\/a>)\u00a0si possono visualizzare i primi 4 brevi cartoni, ideati da bambini e ragazzi delle Scuole Associate Unesco nel mondo, e presto verranno caricati altri contenuti:<\/p>\n<p><strong>La guerra \u2013 Egitto\u00a0<\/strong><a href=\"https:\/\/cutt.ly\/FAdoeYh\">https:\/\/cutt.ly\/FAdoeYh<\/a><\/p>\n<p><em>La guerra viene impersonata da un terribile drago metallico che incenerisce tutto quello che incontra. Un fiore nasce dalle macerie e riesce a fermarlo\u2026<\/em><\/p>\n<p><strong>L\u2019elmetto \u2013 Ecuador<\/strong>\u00a0<a href=\"https:\/\/cutt.ly\/EAdi4AC\">https:\/\/cutt.ly\/EAdi4AC<\/a><\/p>\n<p><em>In un desolato paesaggio di fine conflitto, un bambino usa un elmo come vaso per piantare un seme. Un soldato lo aiuta e da una massa di elmetti abbandonati assistiamo alla crescita di centinaia di piante verdi.<\/em><\/p>\n<p><strong>La colomba della pace \u2013 Libano<\/strong>\u00a0<a href=\"https:\/\/cutt.ly\/YAdopXn\">https:\/\/cutt.ly\/YAdopXn<\/a><\/p>\n<p><em>Una colomba sorvola una zona di guerra e viene colpita da un soldato. Viene venduta ed esposta in una teca nel \u201cMuseo degli uccelli estinti\u201d, ma un soffio di vento fa riprendere il volo al ramoscello di ulivo simbolo di pace\u2026<\/em><\/p>\n<p><strong>La libert\u00e0 \u2013 Filippine\u00a0<\/strong><a href=\"https:\/\/cutt.ly\/nAdogiC\">https:\/\/cutt.ly\/nAdogiC<\/a><\/p>\n<p><em>Un ragazzino sta cercando di liberare una colomba dalla gabbia in cui \u00e8 imprigionata, ma non riesce a farlo da solo. Con l\u2019aiuto di altri due bambini, la colomba viene liberata.<\/em><\/p>\n<p>Gruppo Alcuni auspica che le scuole possano utilizzare questi materiali per sensibilizzare i giovani, grazie alle potenti immagini ideate dai bambini e ragazzi che raccontano la loro idea di pace.<\/p>\n<p>\u00abI bambini \u2013 spiega Francesco Manfio \u2013 hanno colto la guerra come mancanza di pace, ma anche come il non poter mangiare, il non rispettare l\u2019ambiente e il non poter andare a scuola. Noi abbiamo tratto i cartoni direttamente dai loro disegni che erano fortissimi. Appena \u00e8 scoppiata la guerra in Ucraina mio fratello Sergio ed io ci siamo domandati: cosa farne. La cosa migliore era regalarli a tutte le televisioni che li vogliono. Presto anche Rai Ragazzi li metter\u00e0 in onda\u00bb.<\/p>\n","protected":false},"excerpt":{"rendered":"<p>Gruppo Alcuni auspica che le scuole possano utilizzare questi materiali per sensibilizzare i giovani, grazie alle potenti immagini ideate dai bambini e ragazzi che raccontano la loro idea di pace<\/p>\n","protected":false},"author":37,"featured_media":20425,"comment_status":"closed","ping_status":"closed","sticky":false,"template":"","format":"standard","meta":{"footnotes":""},"categories":[33],"tags":[],"class_list":["post-20424","post","type-post","status-publish","format-standard","has-post-thumbnail","category-mondo"],"yoast_head":"<!-- This site is optimized with the Yoast SEO plugin v28.3 - https:\/\/yoast.com\/product\/yoast-seo-wordpress\/ -->\n<title>Cartoni per la pace - IPiccoliQuotidiano.it<\/title>\n<meta name=\"robots\" content=\"index, follow, max-snippet:-1, max-image-preview:large, max-video-preview:-1\" \/>\n<link rel=\"canonical\" href=\"https:\/\/www.ipiccoliquotidiano.it\/index.php\/2024\/03\/25\/cartoni-per-la-pace\/\" \/>\n<meta property=\"og:locale\" content=\"it_IT\" \/>\n<meta property=\"og:type\" content=\"article\" \/>\n<meta property=\"og:title\" content=\"Cartoni per la pace - IPiccoliQuotidiano.it\" \/>\n<meta property=\"og:description\" content=\"Gruppo Alcuni auspica che le scuole possano utilizzare questi materiali per sensibilizzare i giovani, grazie alle potenti immagini ideate dai bambini e ragazzi che raccontano la loro idea di pace\" \/>\n<meta property=\"og:url\" content=\"https:\/\/www.ipiccoliquotidiano.it\/index.php\/2024\/03\/25\/cartoni-per-la-pace\/\" \/>\n<meta property=\"og:site_name\" content=\"IPiccoliQuotidiano.it\" \/>\n<meta property=\"article:publisher\" content=\"https:\/\/www.facebook.com\/ipiccoliquotidiano\" \/>\n<meta property=\"article:published_time\" content=\"2024-03-25T00:00:00+00:00\" \/>\n<meta property=\"og:image\" content=\"https:\/\/www.ipiccoliquotidiano.it\/wp-content\/uploads\/2024\/05\/dd460b_l_elmetto_HomeIm_807x400.jpg\" \/>\n\t<meta property=\"og:image:width\" content=\"807\" \/>\n\t<meta property=\"og:image:height\" content=\"400\" \/>\n\t<meta property=\"og:image:type\" content=\"image\/jpeg\" \/>\n<meta name=\"author\" content=\"Redazione\" \/>\n<meta name=\"twitter:card\" content=\"summary_large_image\" \/>\n<meta name=\"twitter:label1\" content=\"Scritto da\" \/>\n\t<meta name=\"twitter:data1\" content=\"Redazione\" \/>\n\t<meta name=\"twitter:label2\" content=\"Tempo di lettura stimato\" \/>\n\t<meta name=\"twitter:data2\" content=\"2 minuti\" \/>\n<script type=\"application\/ld+json\" class=\"yoast-schema-graph\">{\"@context\":\"https:\\\/\\\/schema.org\",\"@graph\":[{\"@type\":\"Article\",\"@id\":\"https:\\\/\\\/www.ipiccoliquotidiano.it\\\/index.php\\\/2024\\\/03\\\/25\\\/cartoni-per-la-pace\\\/#article\",\"isPartOf\":{\"@id\":\"https:\\\/\\\/www.ipiccoliquotidiano.it\\\/index.php\\\/2024\\\/03\\\/25\\\/cartoni-per-la-pace\\\/\"},\"author\":{\"name\":\"Redazione\",\"@id\":\"https:\\\/\\\/www.ipiccoliquotidiano.it\\\/#\\\/schema\\\/person\\\/aa217f3cf90bae1bf2bd5e7c00b2d4c4\"},\"headline\":\"Cartoni per la pace\",\"datePublished\":\"2024-03-25T00:00:00+00:00\",\"mainEntityOfPage\":{\"@id\":\"https:\\\/\\\/www.ipiccoliquotidiano.it\\\/index.php\\\/2024\\\/03\\\/25\\\/cartoni-per-la-pace\\\/\"},\"wordCount\":500,\"publisher\":{\"@id\":\"https:\\\/\\\/www.ipiccoliquotidiano.it\\\/#organization\"},\"image\":{\"@id\":\"https:\\\/\\\/www.ipiccoliquotidiano.it\\\/index.php\\\/2024\\\/03\\\/25\\\/cartoni-per-la-pace\\\/#primaryimage\"},\"thumbnailUrl\":\"https:\\\/\\\/www.ipiccoliquotidiano.it\\\/wp-content\\\/uploads\\\/2024\\\/05\\\/dd460b_l_elmetto_HomeIm_807x400.jpg\",\"articleSection\":[\"Dal Mondo\"],\"inLanguage\":\"it-IT\"},{\"@type\":\"WebPage\",\"@id\":\"https:\\\/\\\/www.ipiccoliquotidiano.it\\\/index.php\\\/2024\\\/03\\\/25\\\/cartoni-per-la-pace\\\/\",\"url\":\"https:\\\/\\\/www.ipiccoliquotidiano.it\\\/index.php\\\/2024\\\/03\\\/25\\\/cartoni-per-la-pace\\\/\",\"name\":\"Cartoni per la pace - IPiccoliQuotidiano.it\",\"isPartOf\":{\"@id\":\"https:\\\/\\\/www.ipiccoliquotidiano.it\\\/#website\"},\"primaryImageOfPage\":{\"@id\":\"https:\\\/\\\/www.ipiccoliquotidiano.it\\\/index.php\\\/2024\\\/03\\\/25\\\/cartoni-per-la-pace\\\/#primaryimage\"},\"image\":{\"@id\":\"https:\\\/\\\/www.ipiccoliquotidiano.it\\\/index.php\\\/2024\\\/03\\\/25\\\/cartoni-per-la-pace\\\/#primaryimage\"},\"thumbnailUrl\":\"https:\\\/\\\/www.ipiccoliquotidiano.it\\\/wp-content\\\/uploads\\\/2024\\\/05\\\/dd460b_l_elmetto_HomeIm_807x400.jpg\",\"datePublished\":\"2024-03-25T00:00:00+00:00\",\"breadcrumb\":{\"@id\":\"https:\\\/\\\/www.ipiccoliquotidiano.it\\\/index.php\\\/2024\\\/03\\\/25\\\/cartoni-per-la-pace\\\/#breadcrumb\"},\"inLanguage\":\"it-IT\",\"potentialAction\":[{\"@type\":\"ReadAction\",\"target\":[\"https:\\\/\\\/www.ipiccoliquotidiano.it\\\/index.php\\\/2024\\\/03\\\/25\\\/cartoni-per-la-pace\\\/\"]}]},{\"@type\":\"ImageObject\",\"inLanguage\":\"it-IT\",\"@id\":\"https:\\\/\\\/www.ipiccoliquotidiano.it\\\/index.php\\\/2024\\\/03\\\/25\\\/cartoni-per-la-pace\\\/#primaryimage\",\"url\":\"https:\\\/\\\/www.ipiccoliquotidiano.it\\\/wp-content\\\/uploads\\\/2024\\\/05\\\/dd460b_l_elmetto_HomeIm_807x400.jpg\",\"contentUrl\":\"https:\\\/\\\/www.ipiccoliquotidiano.it\\\/wp-content\\\/uploads\\\/2024\\\/05\\\/dd460b_l_elmetto_HomeIm_807x400.jpg\",\"width\":807,\"height\":400},{\"@type\":\"BreadcrumbList\",\"@id\":\"https:\\\/\\\/www.ipiccoliquotidiano.it\\\/index.php\\\/2024\\\/03\\\/25\\\/cartoni-per-la-pace\\\/#breadcrumb\",\"itemListElement\":[{\"@type\":\"ListItem\",\"position\":1,\"name\":\"Home\",\"item\":\"https:\\\/\\\/www.ipiccoliquotidiano.it\\\/\"},{\"@type\":\"ListItem\",\"position\":2,\"name\":\"Cartoni per la pace\"}]},{\"@type\":\"WebSite\",\"@id\":\"https:\\\/\\\/www.ipiccoliquotidiano.it\\\/#website\",\"url\":\"https:\\\/\\\/www.ipiccoliquotidiano.it\\\/\",\"name\":\"IPiccoliQuotidiano.it\",\"description\":\"Il Quotidiano dei Piccoli\",\"publisher\":{\"@id\":\"https:\\\/\\\/www.ipiccoliquotidiano.it\\\/#organization\"},\"potentialAction\":[{\"@type\":\"SearchAction\",\"target\":{\"@type\":\"EntryPoint\",\"urlTemplate\":\"https:\\\/\\\/www.ipiccoliquotidiano.it\\\/?s={search_term_string}\"},\"query-input\":{\"@type\":\"PropertyValueSpecification\",\"valueRequired\":true,\"valueName\":\"search_term_string\"}}],\"inLanguage\":\"it-IT\"},{\"@type\":\"Organization\",\"@id\":\"https:\\\/\\\/www.ipiccoliquotidiano.it\\\/#organization\",\"name\":\"IPiccoliQuotidiano.it\",\"url\":\"https:\\\/\\\/www.ipiccoliquotidiano.it\\\/\",\"logo\":{\"@type\":\"ImageObject\",\"inLanguage\":\"it-IT\",\"@id\":\"https:\\\/\\\/www.ipiccoliquotidiano.it\\\/#\\\/schema\\\/logo\\\/image\\\/\",\"url\":\"https:\\\/\\\/www.ipiccoliquotidiano.it\\\/wp-content\\\/uploads\\\/2024\\\/05\\\/ipiccoli-logo.jpg\",\"contentUrl\":\"https:\\\/\\\/www.ipiccoliquotidiano.it\\\/wp-content\\\/uploads\\\/2024\\\/05\\\/ipiccoli-logo.jpg\",\"width\":300,\"height\":129,\"caption\":\"IPiccoliQuotidiano.it\"},\"image\":{\"@id\":\"https:\\\/\\\/www.ipiccoliquotidiano.it\\\/#\\\/schema\\\/logo\\\/image\\\/\"},\"sameAs\":[\"https:\\\/\\\/www.facebook.com\\\/ipiccoliquotidiano\"]},{\"@type\":\"Person\",\"@id\":\"https:\\\/\\\/www.ipiccoliquotidiano.it\\\/#\\\/schema\\\/person\\\/aa217f3cf90bae1bf2bd5e7c00b2d4c4\",\"name\":\"Redazione\",\"url\":\"https:\\\/\\\/www.ipiccoliquotidiano.it\\\/index.php\\\/author\\\/redazione\\\/\"}]}<\/script>\n<!-- \/ Yoast SEO plugin. -->","yoast_head_json":{"title":"Cartoni per la pace - IPiccoliQuotidiano.it","robots":{"index":"index","follow":"follow","max-snippet":"max-snippet:-1","max-image-preview":"max-image-preview:large","max-video-preview":"max-video-preview:-1"},"canonical":"https:\/\/www.ipiccoliquotidiano.it\/index.php\/2024\/03\/25\/cartoni-per-la-pace\/","og_locale":"it_IT","og_type":"article","og_title":"Cartoni per la pace - IPiccoliQuotidiano.it","og_description":"Gruppo Alcuni auspica che le scuole possano utilizzare questi materiali per sensibilizzare i giovani, grazie alle potenti immagini ideate dai bambini e ragazzi che raccontano la loro idea di pace","og_url":"https:\/\/www.ipiccoliquotidiano.it\/index.php\/2024\/03\/25\/cartoni-per-la-pace\/","og_site_name":"IPiccoliQuotidiano.it","article_publisher":"https:\/\/www.facebook.com\/ipiccoliquotidiano","article_published_time":"2024-03-25T00:00:00+00:00","og_image":[{"width":807,"height":400,"url":"https:\/\/www.ipiccoliquotidiano.it\/wp-content\/uploads\/2024\/05\/dd460b_l_elmetto_HomeIm_807x400.jpg","type":"image\/jpeg"}],"author":"Redazione","twitter_card":"summary_large_image","twitter_misc":{"Scritto da":"Redazione","Tempo di lettura stimato":"2 minuti"},"schema":{"@context":"https:\/\/schema.org","@graph":[{"@type":"Article","@id":"https:\/\/www.ipiccoliquotidiano.it\/index.php\/2024\/03\/25\/cartoni-per-la-pace\/#article","isPartOf":{"@id":"https:\/\/www.ipiccoliquotidiano.it\/index.php\/2024\/03\/25\/cartoni-per-la-pace\/"},"author":{"name":"Redazione","@id":"https:\/\/www.ipiccoliquotidiano.it\/#\/schema\/person\/aa217f3cf90bae1bf2bd5e7c00b2d4c4"},"headline":"Cartoni per la pace","datePublished":"2024-03-25T00:00:00+00:00","mainEntityOfPage":{"@id":"https:\/\/www.ipiccoliquotidiano.it\/index.php\/2024\/03\/25\/cartoni-per-la-pace\/"},"wordCount":500,"publisher":{"@id":"https:\/\/www.ipiccoliquotidiano.it\/#organization"},"image":{"@id":"https:\/\/www.ipiccoliquotidiano.it\/index.php\/2024\/03\/25\/cartoni-per-la-pace\/#primaryimage"},"thumbnailUrl":"https:\/\/www.ipiccoliquotidiano.it\/wp-content\/uploads\/2024\/05\/dd460b_l_elmetto_HomeIm_807x400.jpg","articleSection":["Dal Mondo"],"inLanguage":"it-IT"},{"@type":"WebPage","@id":"https:\/\/www.ipiccoliquotidiano.it\/index.php\/2024\/03\/25\/cartoni-per-la-pace\/","url":"https:\/\/www.ipiccoliquotidiano.it\/index.php\/2024\/03\/25\/cartoni-per-la-pace\/","name":"Cartoni per la pace - IPiccoliQuotidiano.it","isPartOf":{"@id":"https:\/\/www.ipiccoliquotidiano.it\/#website"},"primaryImageOfPage":{"@id":"https:\/\/www.ipiccoliquotidiano.it\/index.php\/2024\/03\/25\/cartoni-per-la-pace\/#primaryimage"},"image":{"@id":"https:\/\/www.ipiccoliquotidiano.it\/index.php\/2024\/03\/25\/cartoni-per-la-pace\/#primaryimage"},"thumbnailUrl":"https:\/\/www.ipiccoliquotidiano.it\/wp-content\/uploads\/2024\/05\/dd460b_l_elmetto_HomeIm_807x400.jpg","datePublished":"2024-03-25T00:00:00+00:00","breadcrumb":{"@id":"https:\/\/www.ipiccoliquotidiano.it\/index.php\/2024\/03\/25\/cartoni-per-la-pace\/#breadcrumb"},"inLanguage":"it-IT","potentialAction":[{"@type":"ReadAction","target":["https:\/\/www.ipiccoliquotidiano.it\/index.php\/2024\/03\/25\/cartoni-per-la-pace\/"]}]},{"@type":"ImageObject","inLanguage":"it-IT","@id":"https:\/\/www.ipiccoliquotidiano.it\/index.php\/2024\/03\/25\/cartoni-per-la-pace\/#primaryimage","url":"https:\/\/www.ipiccoliquotidiano.it\/wp-content\/uploads\/2024\/05\/dd460b_l_elmetto_HomeIm_807x400.jpg","contentUrl":"https:\/\/www.ipiccoliquotidiano.it\/wp-content\/uploads\/2024\/05\/dd460b_l_elmetto_HomeIm_807x400.jpg","width":807,"height":400},{"@type":"BreadcrumbList","@id":"https:\/\/www.ipiccoliquotidiano.it\/index.php\/2024\/03\/25\/cartoni-per-la-pace\/#breadcrumb","itemListElement":[{"@type":"ListItem","position":1,"name":"Home","item":"https:\/\/www.ipiccoliquotidiano.it\/"},{"@type":"ListItem","position":2,"name":"Cartoni per la pace"}]},{"@type":"WebSite","@id":"https:\/\/www.ipiccoliquotidiano.it\/#website","url":"https:\/\/www.ipiccoliquotidiano.it\/","name":"IPiccoliQuotidiano.it","description":"Il Quotidiano dei Piccoli","publisher":{"@id":"https:\/\/www.ipiccoliquotidiano.it\/#organization"},"potentialAction":[{"@type":"SearchAction","target":{"@type":"EntryPoint","urlTemplate":"https:\/\/www.ipiccoliquotidiano.it\/?s={search_term_string}"},"query-input":{"@type":"PropertyValueSpecification","valueRequired":true,"valueName":"search_term_string"}}],"inLanguage":"it-IT"},{"@type":"Organization","@id":"https:\/\/www.ipiccoliquotidiano.it\/#organization","name":"IPiccoliQuotidiano.it","url":"https:\/\/www.ipiccoliquotidiano.it\/","logo":{"@type":"ImageObject","inLanguage":"it-IT","@id":"https:\/\/www.ipiccoliquotidiano.it\/#\/schema\/logo\/image\/","url":"https:\/\/www.ipiccoliquotidiano.it\/wp-content\/uploads\/2024\/05\/ipiccoli-logo.jpg","contentUrl":"https:\/\/www.ipiccoliquotidiano.it\/wp-content\/uploads\/2024\/05\/ipiccoli-logo.jpg","width":300,"height":129,"caption":"IPiccoliQuotidiano.it"},"image":{"@id":"https:\/\/www.ipiccoliquotidiano.it\/#\/schema\/logo\/image\/"},"sameAs":["https:\/\/www.facebook.com\/ipiccoliquotidiano"]},{"@type":"Person","@id":"https:\/\/www.ipiccoliquotidiano.it\/#\/schema\/person\/aa217f3cf90bae1bf2bd5e7c00b2d4c4","name":"Redazione","url":"https:\/\/www.ipiccoliquotidiano.it\/index.php\/author\/redazione\/"}]}},"_links":{"self":[{"href":"https:\/\/www.ipiccoliquotidiano.it\/index.php\/wp-json\/wp\/v2\/posts\/20424","targetHints":{"allow":["GET"]}}],"collection":[{"href":"https:\/\/www.ipiccoliquotidiano.it\/index.php\/wp-json\/wp\/v2\/posts"}],"about":[{"href":"https:\/\/www.ipiccoliquotidiano.it\/index.php\/wp-json\/wp\/v2\/types\/post"}],"author":[{"embeddable":true,"href":"https:\/\/www.ipiccoliquotidiano.it\/index.php\/wp-json\/wp\/v2\/users\/37"}],"replies":[{"embeddable":true,"href":"https:\/\/www.ipiccoliquotidiano.it\/index.php\/wp-json\/wp\/v2\/comments?post=20424"}],"version-history":[{"count":0,"href":"https:\/\/www.ipiccoliquotidiano.it\/index.php\/wp-json\/wp\/v2\/posts\/20424\/revisions"}],"wp:featuredmedia":[{"embeddable":true,"href":"https:\/\/www.ipiccoliquotidiano.it\/index.php\/wp-json\/wp\/v2\/media\/20425"}],"wp:attachment":[{"href":"https:\/\/www.ipiccoliquotidiano.it\/index.php\/wp-json\/wp\/v2\/media?parent=20424"}],"wp:term":[{"taxonomy":"category","embeddable":true,"href":"https:\/\/www.ipiccoliquotidiano.it\/index.php\/wp-json\/wp\/v2\/categories?post=20424"},{"taxonomy":"post_tag","embeddable":true,"href":"https:\/\/www.ipiccoliquotidiano.it\/index.php\/wp-json\/wp\/v2\/tags?post=20424"}],"curies":[{"name":"wp","href":"https:\/\/api.w.org\/{rel}","templated":true}]}}