{"id":20244,"date":"2022-02-01T00:00:00","date_gmt":"2022-02-01T00:00:00","guid":{"rendered":"https:\/\/www.ipiccoliquotidiano.it\/index.php\/2022\/02\/01\/scuola-e-covid-regole-vecchie-e-nuove\/"},"modified":"2022-02-01T00:00:00","modified_gmt":"2022-02-01T00:00:00","slug":"scuola-e-covid-regole-vecchie-e-nuove","status":"publish","type":"post","link":"https:\/\/www.ipiccoliquotidiano.it\/index.php\/2022\/02\/01\/scuola-e-covid-regole-vecchie-e-nuove\/","title":{"rendered":"Scuola e Covid: regole vecchie e nuove"},"content":{"rendered":"<p>La necessit\u00e0 di contenere la diffusione del Covid ha avuto ripercussioni serie sul\u00a0mondo della scuola,\u00a0mettendo in difficolt\u00e0 bambini, ragazzi, insegnanti e\u00a0famiglie. La confusione \u00e8 tanta e le regole da rispettare non sono ancora chiare a tutti, in particolare rispetto\u00a0alla<strong>\u00a0<\/strong>Dad\u00a0(didattica a distanza) e ai tamponi da farsi in caso di positivi in classe. Il sottosegretario alla Salute Andrea Costa, ha annunciato che in questa settimana\u00a0dovrebbe essere approvato un nuovo Dpcm per semplificare le norme di contenimento sul fronte istruzione, mettendo un freno alla Dad.<\/p>\n<p>Prima di capire le nuove proposte, ripassiamo le regole attualmente in vigore nelle scuole.<\/p>\n<p><strong>Scuole elementari<\/strong><\/p>\n<p>In\u00a0caso di positivit\u00e0 al Covid si attiva la sorveglianza con test: le attivit\u00e0 proseguono in presenza effettuando un test antigenico rapido o molecolare appena si viene a conoscenza del bambino positivo. Il test deve essere poi ripetuto dopo cinque giorni. In presenza di due o pi\u00f9 positivi in classe \u00e8 prevista per tutti i bambini la DAD per la durata di dieci giorni, con tampone al termine del periodo di DAD.<\/p>\n<p><strong>Scuole medie e superiori<\/strong><\/p>\n<p>Per quanto riguarda la scuola secondaria di I e II grado, con\u00a0un positivo in classe \u00e8 prevista l\u2019auto-sorveglianza. Le\u00a0attivit\u00e0 proseguono in presenza e con l\u2019uso delle mascherine FFP2. Con due casi\u00a0nella stessa classe scatta la didattica digitale integrata, ma solo\u00a0per gli studenti\u00a0che non hanno avuto la dose di richiamo e per quelli che hanno completato il ciclo vaccinale da pi\u00f9 di 120 giorni o\u00a0sono guariti dal Covid da pi\u00f9 di 120 giorni. Per tutti gli altri proseguono le attivit\u00e0 in presenza, con l\u2019obbligo di indossare le mascherine FFP2 per 10 giorni. Infine, con almeno tre casi nella stessa classe \u00e8 prevista la didattica a distanza per dieci giorni per tutti gli studenti della classe.<\/p>\n<p><strong>Le nuove proposte\u00a0<\/strong><\/p>\n<p>&#8211;\u00a0eliminare l\u2019obbligo del tampone per gli studenti che hanno completato il ciclo vaccinale anche se\u00a0sono stati a contatto con dei positivi a scuola;<\/p>\n<p>&#8211;\u00a0eliminare\u00a0l\u2019obbligo di presentare il\u00a0certificato rilasciato dall\u2019Asl o del medico di base al rientro a scuola dopo le assenze.\u00a0Baster\u00e0 esibire un tampone negativo, eseguito anche in farmacia, per rientrare a scuola;<\/p>\n<p>&#8211;\u00a0portare la quarantena a 7 giorni, invece che 10, per gli alunni vaccinati di scuole medie e superiori in caso di studenti positivi in classe.<\/p>\n","protected":false},"excerpt":{"rendered":"<p>Il sottosegretario alla Salute Andrea Costa, ha annunciato che in questa settimana dovrebbe essere approvato un nuovo Dpcm per semplificare le norme di contenimento sul fronte istruzione<\/p>\n","protected":false},"author":28,"featured_media":20245,"comment_status":"closed","ping_status":"closed","sticky":false,"template":"","format":"standard","meta":{"footnotes":""},"categories":[31],"tags":[],"class_list":["post-20244","post","type-post","status-publish","format-standard","has-post-thumbnail","category-italia"],"yoast_head":"<!-- This site is optimized with the Yoast SEO plugin v28.4 - https:\/\/yoast.com\/product\/yoast-seo-wordpress\/ -->\n<title>Scuola e Covid: regole vecchie e nuove - IPiccoliQuotidiano.it<\/title>\n<meta name=\"robots\" content=\"index, follow, max-snippet:-1, max-image-preview:large, max-video-preview:-1\" \/>\n<link rel=\"canonical\" href=\"https:\/\/www.ipiccoliquotidiano.it\/index.php\/2022\/02\/01\/scuola-e-covid-regole-vecchie-e-nuove\/\" \/>\n<meta property=\"og:locale\" content=\"it_IT\" \/>\n<meta property=\"og:type\" content=\"article\" \/>\n<meta property=\"og:title\" content=\"Scuola e Covid: regole vecchie e nuove - IPiccoliQuotidiano.it\" \/>\n<meta property=\"og:description\" content=\"Il sottosegretario alla Salute Andrea Costa, ha annunciato che in questa settimana dovrebbe essere approvato un nuovo Dpcm per semplificare le norme di contenimento sul fronte istruzione\" \/>\n<meta property=\"og:url\" content=\"https:\/\/www.ipiccoliquotidiano.it\/index.php\/2022\/02\/01\/scuola-e-covid-regole-vecchie-e-nuove\/\" \/>\n<meta property=\"og:site_name\" content=\"IPiccoliQuotidiano.it\" \/>\n<meta property=\"article:publisher\" content=\"https:\/\/www.facebook.com\/ipiccoliquotidiano\" \/>\n<meta property=\"article:published_time\" content=\"2022-02-01T00:00:00+00:00\" \/>\n<meta property=\"og:image\" content=\"https:\/\/www.ipiccoliquotidiano.it\/wp-content\/uploads\/2024\/05\/f52110_scuola_e_covid_HomeIm_800x400.jpg\" \/>\n\t<meta property=\"og:image:width\" content=\"800\" \/>\n\t<meta property=\"og:image:height\" content=\"400\" \/>\n\t<meta property=\"og:image:type\" content=\"image\/jpeg\" \/>\n<meta name=\"author\" content=\"La Redazione\" \/>\n<meta name=\"twitter:card\" content=\"summary_large_image\" \/>\n<meta name=\"twitter:label1\" content=\"Scritto da\" \/>\n\t<meta name=\"twitter:data1\" content=\"La Redazione\" \/>\n\t<meta name=\"twitter:label2\" content=\"Tempo di lettura stimato\" \/>\n\t<meta name=\"twitter:data2\" content=\"2 minuti\" \/>\n<script type=\"application\/ld+json\" class=\"yoast-schema-graph\">{\"@context\":\"https:\\\/\\\/schema.org\",\"@graph\":[{\"@type\":\"Article\",\"@id\":\"https:\\\/\\\/www.ipiccoliquotidiano.it\\\/index.php\\\/2022\\\/02\\\/01\\\/scuola-e-covid-regole-vecchie-e-nuove\\\/#article\",\"isPartOf\":{\"@id\":\"https:\\\/\\\/www.ipiccoliquotidiano.it\\\/index.php\\\/2022\\\/02\\\/01\\\/scuola-e-covid-regole-vecchie-e-nuove\\\/\"},\"author\":{\"name\":\"La Redazione\",\"@id\":\"https:\\\/\\\/www.ipiccoliquotidiano.it\\\/#\\\/schema\\\/person\\\/173e9c5d7e4380741603f4a4b6d8bb1a\"},\"headline\":\"Scuola e Covid: regole vecchie e nuove\",\"datePublished\":\"2022-02-01T00:00:00+00:00\",\"mainEntityOfPage\":{\"@id\":\"https:\\\/\\\/www.ipiccoliquotidiano.it\\\/index.php\\\/2022\\\/02\\\/01\\\/scuola-e-covid-regole-vecchie-e-nuove\\\/\"},\"wordCount\":394,\"publisher\":{\"@id\":\"https:\\\/\\\/www.ipiccoliquotidiano.it\\\/#organization\"},\"image\":{\"@id\":\"https:\\\/\\\/www.ipiccoliquotidiano.it\\\/index.php\\\/2022\\\/02\\\/01\\\/scuola-e-covid-regole-vecchie-e-nuove\\\/#primaryimage\"},\"thumbnailUrl\":\"https:\\\/\\\/www.ipiccoliquotidiano.it\\\/wp-content\\\/uploads\\\/2024\\\/05\\\/f52110_scuola_e_covid_HomeIm_800x400.jpg\",\"articleSection\":[\"Italia\"],\"inLanguage\":\"it-IT\"},{\"@type\":\"WebPage\",\"@id\":\"https:\\\/\\\/www.ipiccoliquotidiano.it\\\/index.php\\\/2022\\\/02\\\/01\\\/scuola-e-covid-regole-vecchie-e-nuove\\\/\",\"url\":\"https:\\\/\\\/www.ipiccoliquotidiano.it\\\/index.php\\\/2022\\\/02\\\/01\\\/scuola-e-covid-regole-vecchie-e-nuove\\\/\",\"name\":\"Scuola e Covid: regole vecchie e nuove - IPiccoliQuotidiano.it\",\"isPartOf\":{\"@id\":\"https:\\\/\\\/www.ipiccoliquotidiano.it\\\/#website\"},\"primaryImageOfPage\":{\"@id\":\"https:\\\/\\\/www.ipiccoliquotidiano.it\\\/index.php\\\/2022\\\/02\\\/01\\\/scuola-e-covid-regole-vecchie-e-nuove\\\/#primaryimage\"},\"image\":{\"@id\":\"https:\\\/\\\/www.ipiccoliquotidiano.it\\\/index.php\\\/2022\\\/02\\\/01\\\/scuola-e-covid-regole-vecchie-e-nuove\\\/#primaryimage\"},\"thumbnailUrl\":\"https:\\\/\\\/www.ipiccoliquotidiano.it\\\/wp-content\\\/uploads\\\/2024\\\/05\\\/f52110_scuola_e_covid_HomeIm_800x400.jpg\",\"datePublished\":\"2022-02-01T00:00:00+00:00\",\"breadcrumb\":{\"@id\":\"https:\\\/\\\/www.ipiccoliquotidiano.it\\\/index.php\\\/2022\\\/02\\\/01\\\/scuola-e-covid-regole-vecchie-e-nuove\\\/#breadcrumb\"},\"inLanguage\":\"it-IT\",\"potentialAction\":[{\"@type\":\"ReadAction\",\"target\":[\"https:\\\/\\\/www.ipiccoliquotidiano.it\\\/index.php\\\/2022\\\/02\\\/01\\\/scuola-e-covid-regole-vecchie-e-nuove\\\/\"]}]},{\"@type\":\"ImageObject\",\"inLanguage\":\"it-IT\",\"@id\":\"https:\\\/\\\/www.ipiccoliquotidiano.it\\\/index.php\\\/2022\\\/02\\\/01\\\/scuola-e-covid-regole-vecchie-e-nuove\\\/#primaryimage\",\"url\":\"https:\\\/\\\/www.ipiccoliquotidiano.it\\\/wp-content\\\/uploads\\\/2024\\\/05\\\/f52110_scuola_e_covid_HomeIm_800x400.jpg\",\"contentUrl\":\"https:\\\/\\\/www.ipiccoliquotidiano.it\\\/wp-content\\\/uploads\\\/2024\\\/05\\\/f52110_scuola_e_covid_HomeIm_800x400.jpg\",\"width\":800,\"height\":400},{\"@type\":\"BreadcrumbList\",\"@id\":\"https:\\\/\\\/www.ipiccoliquotidiano.it\\\/index.php\\\/2022\\\/02\\\/01\\\/scuola-e-covid-regole-vecchie-e-nuove\\\/#breadcrumb\",\"itemListElement\":[{\"@type\":\"ListItem\",\"position\":1,\"name\":\"Home\",\"item\":\"https:\\\/\\\/www.ipiccoliquotidiano.it\\\/\"},{\"@type\":\"ListItem\",\"position\":2,\"name\":\"Scuola e Covid: regole vecchie e nuove\"}]},{\"@type\":\"WebSite\",\"@id\":\"https:\\\/\\\/www.ipiccoliquotidiano.it\\\/#website\",\"url\":\"https:\\\/\\\/www.ipiccoliquotidiano.it\\\/\",\"name\":\"IPiccoliQuotidiano.it\",\"description\":\"Il Quotidiano dei Piccoli\",\"publisher\":{\"@id\":\"https:\\\/\\\/www.ipiccoliquotidiano.it\\\/#organization\"},\"potentialAction\":[{\"@type\":\"SearchAction\",\"target\":{\"@type\":\"EntryPoint\",\"urlTemplate\":\"https:\\\/\\\/www.ipiccoliquotidiano.it\\\/?s={search_term_string}\"},\"query-input\":{\"@type\":\"PropertyValueSpecification\",\"valueRequired\":true,\"valueName\":\"search_term_string\"}}],\"inLanguage\":\"it-IT\"},{\"@type\":\"Organization\",\"@id\":\"https:\\\/\\\/www.ipiccoliquotidiano.it\\\/#organization\",\"name\":\"IPiccoliQuotidiano.it\",\"url\":\"https:\\\/\\\/www.ipiccoliquotidiano.it\\\/\",\"logo\":{\"@type\":\"ImageObject\",\"inLanguage\":\"it-IT\",\"@id\":\"https:\\\/\\\/www.ipiccoliquotidiano.it\\\/#\\\/schema\\\/logo\\\/image\\\/\",\"url\":\"https:\\\/\\\/www.ipiccoliquotidiano.it\\\/wp-content\\\/uploads\\\/2024\\\/05\\\/ipiccoli-logo.jpg\",\"contentUrl\":\"https:\\\/\\\/www.ipiccoliquotidiano.it\\\/wp-content\\\/uploads\\\/2024\\\/05\\\/ipiccoli-logo.jpg\",\"width\":300,\"height\":129,\"caption\":\"IPiccoliQuotidiano.it\"},\"image\":{\"@id\":\"https:\\\/\\\/www.ipiccoliquotidiano.it\\\/#\\\/schema\\\/logo\\\/image\\\/\"},\"sameAs\":[\"https:\\\/\\\/www.facebook.com\\\/ipiccoliquotidiano\"]},{\"@type\":\"Person\",\"@id\":\"https:\\\/\\\/www.ipiccoliquotidiano.it\\\/#\\\/schema\\\/person\\\/173e9c5d7e4380741603f4a4b6d8bb1a\",\"name\":\"La Redazione\",\"description\":\"La redazione de \\\"I Piccoli Quotidiano\\\" \u00e8 una testata giornalistica pensata per i bambini e rivolta a tutti coloro che vogliono conoscere tutto ci\u00f2 che accade nel mondo tra curiosit\u00e0 e approfondimenti.\",\"url\":\"https:\\\/\\\/www.ipiccoliquotidiano.it\\\/index.php\\\/author\\\/la-redazione\\\/\"}]}<\/script>\n<!-- \/ Yoast SEO plugin. -->","yoast_head_json":{"title":"Scuola e Covid: regole vecchie e nuove - IPiccoliQuotidiano.it","robots":{"index":"index","follow":"follow","max-snippet":"max-snippet:-1","max-image-preview":"max-image-preview:large","max-video-preview":"max-video-preview:-1"},"canonical":"https:\/\/www.ipiccoliquotidiano.it\/index.php\/2022\/02\/01\/scuola-e-covid-regole-vecchie-e-nuove\/","og_locale":"it_IT","og_type":"article","og_title":"Scuola e Covid: regole vecchie e nuove - IPiccoliQuotidiano.it","og_description":"Il sottosegretario alla Salute Andrea Costa, ha annunciato che in questa settimana dovrebbe essere approvato un nuovo Dpcm per semplificare le norme di contenimento sul fronte istruzione","og_url":"https:\/\/www.ipiccoliquotidiano.it\/index.php\/2022\/02\/01\/scuola-e-covid-regole-vecchie-e-nuove\/","og_site_name":"IPiccoliQuotidiano.it","article_publisher":"https:\/\/www.facebook.com\/ipiccoliquotidiano","article_published_time":"2022-02-01T00:00:00+00:00","og_image":[{"width":800,"height":400,"url":"https:\/\/www.ipiccoliquotidiano.it\/wp-content\/uploads\/2024\/05\/f52110_scuola_e_covid_HomeIm_800x400.jpg","type":"image\/jpeg"}],"author":"La Redazione","twitter_card":"summary_large_image","twitter_misc":{"Scritto da":"La Redazione","Tempo di lettura stimato":"2 minuti"},"schema":{"@context":"https:\/\/schema.org","@graph":[{"@type":"Article","@id":"https:\/\/www.ipiccoliquotidiano.it\/index.php\/2022\/02\/01\/scuola-e-covid-regole-vecchie-e-nuove\/#article","isPartOf":{"@id":"https:\/\/www.ipiccoliquotidiano.it\/index.php\/2022\/02\/01\/scuola-e-covid-regole-vecchie-e-nuove\/"},"author":{"name":"La Redazione","@id":"https:\/\/www.ipiccoliquotidiano.it\/#\/schema\/person\/173e9c5d7e4380741603f4a4b6d8bb1a"},"headline":"Scuola e Covid: regole vecchie e nuove","datePublished":"2022-02-01T00:00:00+00:00","mainEntityOfPage":{"@id":"https:\/\/www.ipiccoliquotidiano.it\/index.php\/2022\/02\/01\/scuola-e-covid-regole-vecchie-e-nuove\/"},"wordCount":394,"publisher":{"@id":"https:\/\/www.ipiccoliquotidiano.it\/#organization"},"image":{"@id":"https:\/\/www.ipiccoliquotidiano.it\/index.php\/2022\/02\/01\/scuola-e-covid-regole-vecchie-e-nuove\/#primaryimage"},"thumbnailUrl":"https:\/\/www.ipiccoliquotidiano.it\/wp-content\/uploads\/2024\/05\/f52110_scuola_e_covid_HomeIm_800x400.jpg","articleSection":["Italia"],"inLanguage":"it-IT"},{"@type":"WebPage","@id":"https:\/\/www.ipiccoliquotidiano.it\/index.php\/2022\/02\/01\/scuola-e-covid-regole-vecchie-e-nuove\/","url":"https:\/\/www.ipiccoliquotidiano.it\/index.php\/2022\/02\/01\/scuola-e-covid-regole-vecchie-e-nuove\/","name":"Scuola e Covid: regole vecchie e nuove - IPiccoliQuotidiano.it","isPartOf":{"@id":"https:\/\/www.ipiccoliquotidiano.it\/#website"},"primaryImageOfPage":{"@id":"https:\/\/www.ipiccoliquotidiano.it\/index.php\/2022\/02\/01\/scuola-e-covid-regole-vecchie-e-nuove\/#primaryimage"},"image":{"@id":"https:\/\/www.ipiccoliquotidiano.it\/index.php\/2022\/02\/01\/scuola-e-covid-regole-vecchie-e-nuove\/#primaryimage"},"thumbnailUrl":"https:\/\/www.ipiccoliquotidiano.it\/wp-content\/uploads\/2024\/05\/f52110_scuola_e_covid_HomeIm_800x400.jpg","datePublished":"2022-02-01T00:00:00+00:00","breadcrumb":{"@id":"https:\/\/www.ipiccoliquotidiano.it\/index.php\/2022\/02\/01\/scuola-e-covid-regole-vecchie-e-nuove\/#breadcrumb"},"inLanguage":"it-IT","potentialAction":[{"@type":"ReadAction","target":["https:\/\/www.ipiccoliquotidiano.it\/index.php\/2022\/02\/01\/scuola-e-covid-regole-vecchie-e-nuove\/"]}]},{"@type":"ImageObject","inLanguage":"it-IT","@id":"https:\/\/www.ipiccoliquotidiano.it\/index.php\/2022\/02\/01\/scuola-e-covid-regole-vecchie-e-nuove\/#primaryimage","url":"https:\/\/www.ipiccoliquotidiano.it\/wp-content\/uploads\/2024\/05\/f52110_scuola_e_covid_HomeIm_800x400.jpg","contentUrl":"https:\/\/www.ipiccoliquotidiano.it\/wp-content\/uploads\/2024\/05\/f52110_scuola_e_covid_HomeIm_800x400.jpg","width":800,"height":400},{"@type":"BreadcrumbList","@id":"https:\/\/www.ipiccoliquotidiano.it\/index.php\/2022\/02\/01\/scuola-e-covid-regole-vecchie-e-nuove\/#breadcrumb","itemListElement":[{"@type":"ListItem","position":1,"name":"Home","item":"https:\/\/www.ipiccoliquotidiano.it\/"},{"@type":"ListItem","position":2,"name":"Scuola e Covid: regole vecchie e nuove"}]},{"@type":"WebSite","@id":"https:\/\/www.ipiccoliquotidiano.it\/#website","url":"https:\/\/www.ipiccoliquotidiano.it\/","name":"IPiccoliQuotidiano.it","description":"Il Quotidiano dei Piccoli","publisher":{"@id":"https:\/\/www.ipiccoliquotidiano.it\/#organization"},"potentialAction":[{"@type":"SearchAction","target":{"@type":"EntryPoint","urlTemplate":"https:\/\/www.ipiccoliquotidiano.it\/?s={search_term_string}"},"query-input":{"@type":"PropertyValueSpecification","valueRequired":true,"valueName":"search_term_string"}}],"inLanguage":"it-IT"},{"@type":"Organization","@id":"https:\/\/www.ipiccoliquotidiano.it\/#organization","name":"IPiccoliQuotidiano.it","url":"https:\/\/www.ipiccoliquotidiano.it\/","logo":{"@type":"ImageObject","inLanguage":"it-IT","@id":"https:\/\/www.ipiccoliquotidiano.it\/#\/schema\/logo\/image\/","url":"https:\/\/www.ipiccoliquotidiano.it\/wp-content\/uploads\/2024\/05\/ipiccoli-logo.jpg","contentUrl":"https:\/\/www.ipiccoliquotidiano.it\/wp-content\/uploads\/2024\/05\/ipiccoli-logo.jpg","width":300,"height":129,"caption":"IPiccoliQuotidiano.it"},"image":{"@id":"https:\/\/www.ipiccoliquotidiano.it\/#\/schema\/logo\/image\/"},"sameAs":["https:\/\/www.facebook.com\/ipiccoliquotidiano"]},{"@type":"Person","@id":"https:\/\/www.ipiccoliquotidiano.it\/#\/schema\/person\/173e9c5d7e4380741603f4a4b6d8bb1a","name":"La Redazione","description":"La redazione de \"I Piccoli Quotidiano\" \u00e8 una testata giornalistica pensata per i bambini e rivolta a tutti coloro che vogliono conoscere tutto ci\u00f2 che accade nel mondo tra curiosit\u00e0 e approfondimenti.","url":"https:\/\/www.ipiccoliquotidiano.it\/index.php\/author\/la-redazione\/"}]}},"_links":{"self":[{"href":"https:\/\/www.ipiccoliquotidiano.it\/index.php\/wp-json\/wp\/v2\/posts\/20244","targetHints":{"allow":["GET"]}}],"collection":[{"href":"https:\/\/www.ipiccoliquotidiano.it\/index.php\/wp-json\/wp\/v2\/posts"}],"about":[{"href":"https:\/\/www.ipiccoliquotidiano.it\/index.php\/wp-json\/wp\/v2\/types\/post"}],"author":[{"embeddable":true,"href":"https:\/\/www.ipiccoliquotidiano.it\/index.php\/wp-json\/wp\/v2\/users\/28"}],"replies":[{"embeddable":true,"href":"https:\/\/www.ipiccoliquotidiano.it\/index.php\/wp-json\/wp\/v2\/comments?post=20244"}],"version-history":[{"count":0,"href":"https:\/\/www.ipiccoliquotidiano.it\/index.php\/wp-json\/wp\/v2\/posts\/20244\/revisions"}],"wp:featuredmedia":[{"embeddable":true,"href":"https:\/\/www.ipiccoliquotidiano.it\/index.php\/wp-json\/wp\/v2\/media\/20245"}],"wp:attachment":[{"href":"https:\/\/www.ipiccoliquotidiano.it\/index.php\/wp-json\/wp\/v2\/media?parent=20244"}],"wp:term":[{"taxonomy":"category","embeddable":true,"href":"https:\/\/www.ipiccoliquotidiano.it\/index.php\/wp-json\/wp\/v2\/categories?post=20244"},{"taxonomy":"post_tag","embeddable":true,"href":"https:\/\/www.ipiccoliquotidiano.it\/index.php\/wp-json\/wp\/v2\/tags?post=20244"}],"curies":[{"name":"wp","href":"https:\/\/api.w.org\/{rel}","templated":true}]}}