{"id":20226,"date":"2022-01-28T00:00:00","date_gmt":"2022-01-28T00:00:00","guid":{"rendered":"https:\/\/www.ipiccoliquotidiano.it\/index.php\/2022\/01\/28\/i-giorni-della-merla-2\/"},"modified":"2022-01-28T00:00:00","modified_gmt":"2022-01-28T00:00:00","slug":"i-giorni-della-merla-2","status":"publish","type":"post","link":"https:\/\/www.ipiccoliquotidiano.it\/index.php\/2022\/01\/28\/i-giorni-della-merla-2\/","title":{"rendered":"i giorni della merla"},"content":{"rendered":"<p>I giorni della merla<br \/> La tradizione vuole che il 29-30-31 di gennaio, gli ultimi tre giorni di questo primo mese dell&#8217;anno, vengano ricordati come i &#8220;giorni o d\u00ec della Merla&#8221;, ad indicare uno tra i periodi pi\u00f9 freddi dell&#8217;inverno. Ma da dove trae origine questa credenza, entrata oramai a far parte della vita di tutti noi? Molte sono le versioni che spiegano l&#8217;origine di questa leggenda, alcuni simili altre assi diverse, ma che vedono in tutte un unico protagonista: una Merla. La prima versione nasce in tempi assai lontani, quando Gennaio non aveva ancora 31 giorni ma solo 28. Si narra che Gennaio fosse particolarmente scherzoso e un po&#8217; invidioso, in particolar modo con una Merla, molto ammirata per il suo grande becco giallo e per le penne bianchissime. Per questo Gennaio si divertiva a tormentarla; ogni volta infatti che ella usciva in cerca di cibo egli scatenava bufera di neve e vento. Stufa di tutto questo un giorno la Merla and\u00f2 da Gennaio e gli chiese:&#8221; Amico mio potresti durare un po&#8217; di meno?&#8221;. Ma Gennaio, orgoglioso come era rispose: &#8221; E no, carissima proprio non posso. Il calendario \u00e8 quello che \u00e8, e a me sono toccati 28 giorni.&#8221;<br \/> A questa risposta la Merla decise di farsi furba e l&#8217;anno seguente fece una bella scorta di cibo che infil\u00f2 nel suo nido cos\u00ec che rimase per tutti i 28 giorni al riparo senza bisogno di uscire. Trascorsi i 28 giorni, la Merla usc\u00ec e cominci\u00f2 a prendere in giro Gennaio: &#8220;Eh caro mio, quest&#8217;anno sono stata proprio bene, sempre al calduccio, e tu non hai potuto farmi congelare il becco nemmeno un giorno.&#8221; Detto ci\u00f2 Gennaio se la prese cos\u00ec tanto che and\u00f2 dal fratello Febbraio, che vantava ben 31 giorni, e gli chiese in prestito 3 giorni.\u00a0<br \/> Il fratello dubbioso domando: &#8221; Cosa vuoi farne? &#8221; e Gennaio rispose: &#8220;Ho da vendicarmi di una Merla impertinente. Stai a vedere&#8221;. \u00a0E cos\u00ec Gennaio torn\u00f2 sulla terra e scaten\u00f2 una tremenda bufera di neve che dur\u00f2 per tutti i 3 giorni. La povera Merla, che era andata in giro a far provviste, per il forte vento non riusc\u00ec nemmeno a tornare al suo nido. Trovato il comignolo di un camino, vi si rifugi\u00f2 in cerca di un po&#8217; di tepore. Trascorsi quei freddissimi 3 giorni usc\u00ec dal comignolo sana e salva ma le sue candide penne erano diventate tutte nere a causa del fumo e della fuliggine. Da allora Gennaio ha sempre 31 giorni e i merli hanno sempre le piume nere. La seconda versione, ambientata nel capoluogo lombardo, ha come protagonisti un merlo, una merla e i loro tre figlioletti. Erano venuti in citt\u00e0 sul finire dell&#8217;estate e avevano sistemato il loro rifugio su un alto albero nel cortile di un palazzo situato in Porta Nuova e poi per l&#8217;inverno sotto una gronda, al riparo dalla neve che in quell&#8217;anno era particolarmente abbondante. Il gelo rendeva difficile trovare le provvigioni cos\u00ec che il merlo volava da mattina a sera in cerca di cibo, che tuttavia scarseggiava sempre di pi\u00f9. Un giorno il merlo decise di volare ai confini di quella nevicata, per trovare un rifugio pi\u00f9 mite per la sua famiglia. Intanto continuava a nevicare. La merla, per proteggere i figlioletti intirizziti dal freddo, spost\u00f2 il nido su un tetto vicino, dove fumava un comignolo da cui proveniva un po&#8217; di tepore. La tormenta tenne cos\u00ec lontano il merlo da casa per ben tre giorni (appunto gli ultimi tre di Gennaio). Quando torn\u00f2 indietro, quasi non riconosceva pi\u00f9 la consorte e i figlioletti erano diventati tutti neri per il fumo che emanava il camino. Nel primo d\u00ec di febbraio comparve finalmente un pallido sole e uscirono tutti dal nido invernale; anche il capofamiglia si era scurito a contatto con la fuliggine. Da allora i merli nacquero tutti neri; i merli bianchi diventarono un&#8217;eccezione di favola.<\/p>\n","protected":false},"excerpt":{"rendered":"<p>29, 30, 31 gennaio sono i giorni pi\u00f9 freddi dell&#8217;anno<\/p>\n","protected":false},"author":23,"featured_media":20227,"comment_status":"closed","ping_status":"closed","sticky":false,"template":"","format":"standard","meta":{"footnotes":""},"categories":[33],"tags":[],"class_list":["post-20226","post","type-post","status-publish","format-standard","has-post-thumbnail","category-mondo"],"yoast_head":"<!-- This site is optimized with the Yoast SEO plugin v28.4 - https:\/\/yoast.com\/product\/yoast-seo-wordpress\/ -->\n<title>i giorni della merla - IPiccoliQuotidiano.it<\/title>\n<meta name=\"robots\" content=\"index, follow, max-snippet:-1, max-image-preview:large, max-video-preview:-1\" \/>\n<link rel=\"canonical\" href=\"https:\/\/www.ipiccoliquotidiano.it\/index.php\/2022\/01\/28\/i-giorni-della-merla-2\/\" \/>\n<meta property=\"og:locale\" content=\"it_IT\" \/>\n<meta property=\"og:type\" content=\"article\" \/>\n<meta property=\"og:title\" content=\"i giorni della merla - IPiccoliQuotidiano.it\" \/>\n<meta property=\"og:description\" content=\"29, 30, 31 gennaio sono i giorni pi\u00f9 freddi dell&#039;anno\" \/>\n<meta property=\"og:url\" content=\"https:\/\/www.ipiccoliquotidiano.it\/index.php\/2022\/01\/28\/i-giorni-della-merla-2\/\" \/>\n<meta property=\"og:site_name\" content=\"IPiccoliQuotidiano.it\" \/>\n<meta property=\"article:publisher\" content=\"https:\/\/www.facebook.com\/ipiccoliquotidiano\" \/>\n<meta property=\"article:published_time\" content=\"2022-01-28T00:00:00+00:00\" \/>\n<meta property=\"og:image\" content=\"https:\/\/www.ipiccoliquotidiano.it\/wp-content\/uploads\/2024\/05\/74b943_merla_1130x650_HomeIm_799x400.jpg\" \/>\n\t<meta property=\"og:image:width\" content=\"799\" \/>\n\t<meta property=\"og:image:height\" content=\"400\" \/>\n\t<meta property=\"og:image:type\" content=\"image\/jpeg\" \/>\n<meta name=\"author\" content=\"Gina Chiacchiaro\" \/>\n<meta name=\"twitter:card\" content=\"summary_large_image\" \/>\n<meta name=\"twitter:label1\" content=\"Scritto da\" \/>\n\t<meta name=\"twitter:data1\" content=\"Gina Chiacchiaro\" \/>\n\t<meta name=\"twitter:label2\" content=\"Tempo di lettura stimato\" \/>\n\t<meta name=\"twitter:data2\" content=\"3 minuti\" \/>\n<script type=\"application\/ld+json\" class=\"yoast-schema-graph\">{\"@context\":\"https:\\\/\\\/schema.org\",\"@graph\":[{\"@type\":\"Article\",\"@id\":\"https:\\\/\\\/www.ipiccoliquotidiano.it\\\/index.php\\\/2022\\\/01\\\/28\\\/i-giorni-della-merla-2\\\/#article\",\"isPartOf\":{\"@id\":\"https:\\\/\\\/www.ipiccoliquotidiano.it\\\/index.php\\\/2022\\\/01\\\/28\\\/i-giorni-della-merla-2\\\/\"},\"author\":{\"name\":\"Gina Chiacchiaro\",\"@id\":\"https:\\\/\\\/www.ipiccoliquotidiano.it\\\/#\\\/schema\\\/person\\\/e33b93e40079fc717202992994f9a60b\"},\"headline\":\"i giorni della merla\",\"datePublished\":\"2022-01-28T00:00:00+00:00\",\"mainEntityOfPage\":{\"@id\":\"https:\\\/\\\/www.ipiccoliquotidiano.it\\\/index.php\\\/2022\\\/01\\\/28\\\/i-giorni-della-merla-2\\\/\"},\"wordCount\":646,\"publisher\":{\"@id\":\"https:\\\/\\\/www.ipiccoliquotidiano.it\\\/#organization\"},\"image\":{\"@id\":\"https:\\\/\\\/www.ipiccoliquotidiano.it\\\/index.php\\\/2022\\\/01\\\/28\\\/i-giorni-della-merla-2\\\/#primaryimage\"},\"thumbnailUrl\":\"https:\\\/\\\/www.ipiccoliquotidiano.it\\\/wp-content\\\/uploads\\\/2024\\\/05\\\/74b943_merla_1130x650_HomeIm_799x400.jpg\",\"articleSection\":[\"Dal Mondo\"],\"inLanguage\":\"it-IT\"},{\"@type\":\"WebPage\",\"@id\":\"https:\\\/\\\/www.ipiccoliquotidiano.it\\\/index.php\\\/2022\\\/01\\\/28\\\/i-giorni-della-merla-2\\\/\",\"url\":\"https:\\\/\\\/www.ipiccoliquotidiano.it\\\/index.php\\\/2022\\\/01\\\/28\\\/i-giorni-della-merla-2\\\/\",\"name\":\"i giorni della merla - IPiccoliQuotidiano.it\",\"isPartOf\":{\"@id\":\"https:\\\/\\\/www.ipiccoliquotidiano.it\\\/#website\"},\"primaryImageOfPage\":{\"@id\":\"https:\\\/\\\/www.ipiccoliquotidiano.it\\\/index.php\\\/2022\\\/01\\\/28\\\/i-giorni-della-merla-2\\\/#primaryimage\"},\"image\":{\"@id\":\"https:\\\/\\\/www.ipiccoliquotidiano.it\\\/index.php\\\/2022\\\/01\\\/28\\\/i-giorni-della-merla-2\\\/#primaryimage\"},\"thumbnailUrl\":\"https:\\\/\\\/www.ipiccoliquotidiano.it\\\/wp-content\\\/uploads\\\/2024\\\/05\\\/74b943_merla_1130x650_HomeIm_799x400.jpg\",\"datePublished\":\"2022-01-28T00:00:00+00:00\",\"breadcrumb\":{\"@id\":\"https:\\\/\\\/www.ipiccoliquotidiano.it\\\/index.php\\\/2022\\\/01\\\/28\\\/i-giorni-della-merla-2\\\/#breadcrumb\"},\"inLanguage\":\"it-IT\",\"potentialAction\":[{\"@type\":\"ReadAction\",\"target\":[\"https:\\\/\\\/www.ipiccoliquotidiano.it\\\/index.php\\\/2022\\\/01\\\/28\\\/i-giorni-della-merla-2\\\/\"]}]},{\"@type\":\"ImageObject\",\"inLanguage\":\"it-IT\",\"@id\":\"https:\\\/\\\/www.ipiccoliquotidiano.it\\\/index.php\\\/2022\\\/01\\\/28\\\/i-giorni-della-merla-2\\\/#primaryimage\",\"url\":\"https:\\\/\\\/www.ipiccoliquotidiano.it\\\/wp-content\\\/uploads\\\/2024\\\/05\\\/74b943_merla_1130x650_HomeIm_799x400.jpg\",\"contentUrl\":\"https:\\\/\\\/www.ipiccoliquotidiano.it\\\/wp-content\\\/uploads\\\/2024\\\/05\\\/74b943_merla_1130x650_HomeIm_799x400.jpg\",\"width\":799,\"height\":400},{\"@type\":\"BreadcrumbList\",\"@id\":\"https:\\\/\\\/www.ipiccoliquotidiano.it\\\/index.php\\\/2022\\\/01\\\/28\\\/i-giorni-della-merla-2\\\/#breadcrumb\",\"itemListElement\":[{\"@type\":\"ListItem\",\"position\":1,\"name\":\"Home\",\"item\":\"https:\\\/\\\/www.ipiccoliquotidiano.it\\\/\"},{\"@type\":\"ListItem\",\"position\":2,\"name\":\"i giorni della merla\"}]},{\"@type\":\"WebSite\",\"@id\":\"https:\\\/\\\/www.ipiccoliquotidiano.it\\\/#website\",\"url\":\"https:\\\/\\\/www.ipiccoliquotidiano.it\\\/\",\"name\":\"IPiccoliQuotidiano.it\",\"description\":\"Il Quotidiano dei Piccoli\",\"publisher\":{\"@id\":\"https:\\\/\\\/www.ipiccoliquotidiano.it\\\/#organization\"},\"potentialAction\":[{\"@type\":\"SearchAction\",\"target\":{\"@type\":\"EntryPoint\",\"urlTemplate\":\"https:\\\/\\\/www.ipiccoliquotidiano.it\\\/?s={search_term_string}\"},\"query-input\":{\"@type\":\"PropertyValueSpecification\",\"valueRequired\":true,\"valueName\":\"search_term_string\"}}],\"inLanguage\":\"it-IT\"},{\"@type\":\"Organization\",\"@id\":\"https:\\\/\\\/www.ipiccoliquotidiano.it\\\/#organization\",\"name\":\"IPiccoliQuotidiano.it\",\"url\":\"https:\\\/\\\/www.ipiccoliquotidiano.it\\\/\",\"logo\":{\"@type\":\"ImageObject\",\"inLanguage\":\"it-IT\",\"@id\":\"https:\\\/\\\/www.ipiccoliquotidiano.it\\\/#\\\/schema\\\/logo\\\/image\\\/\",\"url\":\"https:\\\/\\\/www.ipiccoliquotidiano.it\\\/wp-content\\\/uploads\\\/2024\\\/05\\\/ipiccoli-logo.jpg\",\"contentUrl\":\"https:\\\/\\\/www.ipiccoliquotidiano.it\\\/wp-content\\\/uploads\\\/2024\\\/05\\\/ipiccoli-logo.jpg\",\"width\":300,\"height\":129,\"caption\":\"IPiccoliQuotidiano.it\"},\"image\":{\"@id\":\"https:\\\/\\\/www.ipiccoliquotidiano.it\\\/#\\\/schema\\\/logo\\\/image\\\/\"},\"sameAs\":[\"https:\\\/\\\/www.facebook.com\\\/ipiccoliquotidiano\"]},{\"@type\":\"Person\",\"@id\":\"https:\\\/\\\/www.ipiccoliquotidiano.it\\\/#\\\/schema\\\/person\\\/e33b93e40079fc717202992994f9a60b\",\"name\":\"Gina Chiacchiaro\",\"description\":\"Anna Maria Chiacchiaro, per tutti Gina! Sono una donna di 65 anni che ha sempre mostrato interesse per la vita sotto ogni sua forma. Sono stata figlia di due splendidi genitori, sono moglie sposata ad un uomo da 43 anni e ancora felice di esserlo, sono madre di due figli quarantenni, e nonna di simpatici nipoti. Insegnante di scuola elementare per 38 anni, impegnata a Varese dal 1978 fino al 1993 e poi a Roccadaspide, il comune dove sono nata, dove mi sono trasferita con la mia famiglia. Sono giornalista pubblicista da 20 anni, ideatrice e direttrice editoriale de \u201cI Piccoli\u201d, un giornale destinato ai bambini in et\u00e0 scolare da 6 a 11 anni, che ha raggiunto la maggiore et\u00e0 passando per varie fasi e vivendo tutti i cambiamenti che l\u2019ultimo ventennio ci ha regalato!\",\"url\":\"https:\\\/\\\/www.ipiccoliquotidiano.it\\\/index.php\\\/author\\\/gina-chiacchiaro\\\/\"}]}<\/script>\n<!-- \/ Yoast SEO plugin. -->","yoast_head_json":{"title":"i giorni della merla - IPiccoliQuotidiano.it","robots":{"index":"index","follow":"follow","max-snippet":"max-snippet:-1","max-image-preview":"max-image-preview:large","max-video-preview":"max-video-preview:-1"},"canonical":"https:\/\/www.ipiccoliquotidiano.it\/index.php\/2022\/01\/28\/i-giorni-della-merla-2\/","og_locale":"it_IT","og_type":"article","og_title":"i giorni della merla - IPiccoliQuotidiano.it","og_description":"29, 30, 31 gennaio sono i giorni pi\u00f9 freddi dell'anno","og_url":"https:\/\/www.ipiccoliquotidiano.it\/index.php\/2022\/01\/28\/i-giorni-della-merla-2\/","og_site_name":"IPiccoliQuotidiano.it","article_publisher":"https:\/\/www.facebook.com\/ipiccoliquotidiano","article_published_time":"2022-01-28T00:00:00+00:00","og_image":[{"width":799,"height":400,"url":"https:\/\/www.ipiccoliquotidiano.it\/wp-content\/uploads\/2024\/05\/74b943_merla_1130x650_HomeIm_799x400.jpg","type":"image\/jpeg"}],"author":"Gina Chiacchiaro","twitter_card":"summary_large_image","twitter_misc":{"Scritto da":"Gina Chiacchiaro","Tempo di lettura stimato":"3 minuti"},"schema":{"@context":"https:\/\/schema.org","@graph":[{"@type":"Article","@id":"https:\/\/www.ipiccoliquotidiano.it\/index.php\/2022\/01\/28\/i-giorni-della-merla-2\/#article","isPartOf":{"@id":"https:\/\/www.ipiccoliquotidiano.it\/index.php\/2022\/01\/28\/i-giorni-della-merla-2\/"},"author":{"name":"Gina Chiacchiaro","@id":"https:\/\/www.ipiccoliquotidiano.it\/#\/schema\/person\/e33b93e40079fc717202992994f9a60b"},"headline":"i giorni della merla","datePublished":"2022-01-28T00:00:00+00:00","mainEntityOfPage":{"@id":"https:\/\/www.ipiccoliquotidiano.it\/index.php\/2022\/01\/28\/i-giorni-della-merla-2\/"},"wordCount":646,"publisher":{"@id":"https:\/\/www.ipiccoliquotidiano.it\/#organization"},"image":{"@id":"https:\/\/www.ipiccoliquotidiano.it\/index.php\/2022\/01\/28\/i-giorni-della-merla-2\/#primaryimage"},"thumbnailUrl":"https:\/\/www.ipiccoliquotidiano.it\/wp-content\/uploads\/2024\/05\/74b943_merla_1130x650_HomeIm_799x400.jpg","articleSection":["Dal Mondo"],"inLanguage":"it-IT"},{"@type":"WebPage","@id":"https:\/\/www.ipiccoliquotidiano.it\/index.php\/2022\/01\/28\/i-giorni-della-merla-2\/","url":"https:\/\/www.ipiccoliquotidiano.it\/index.php\/2022\/01\/28\/i-giorni-della-merla-2\/","name":"i giorni della merla - IPiccoliQuotidiano.it","isPartOf":{"@id":"https:\/\/www.ipiccoliquotidiano.it\/#website"},"primaryImageOfPage":{"@id":"https:\/\/www.ipiccoliquotidiano.it\/index.php\/2022\/01\/28\/i-giorni-della-merla-2\/#primaryimage"},"image":{"@id":"https:\/\/www.ipiccoliquotidiano.it\/index.php\/2022\/01\/28\/i-giorni-della-merla-2\/#primaryimage"},"thumbnailUrl":"https:\/\/www.ipiccoliquotidiano.it\/wp-content\/uploads\/2024\/05\/74b943_merla_1130x650_HomeIm_799x400.jpg","datePublished":"2022-01-28T00:00:00+00:00","breadcrumb":{"@id":"https:\/\/www.ipiccoliquotidiano.it\/index.php\/2022\/01\/28\/i-giorni-della-merla-2\/#breadcrumb"},"inLanguage":"it-IT","potentialAction":[{"@type":"ReadAction","target":["https:\/\/www.ipiccoliquotidiano.it\/index.php\/2022\/01\/28\/i-giorni-della-merla-2\/"]}]},{"@type":"ImageObject","inLanguage":"it-IT","@id":"https:\/\/www.ipiccoliquotidiano.it\/index.php\/2022\/01\/28\/i-giorni-della-merla-2\/#primaryimage","url":"https:\/\/www.ipiccoliquotidiano.it\/wp-content\/uploads\/2024\/05\/74b943_merla_1130x650_HomeIm_799x400.jpg","contentUrl":"https:\/\/www.ipiccoliquotidiano.it\/wp-content\/uploads\/2024\/05\/74b943_merla_1130x650_HomeIm_799x400.jpg","width":799,"height":400},{"@type":"BreadcrumbList","@id":"https:\/\/www.ipiccoliquotidiano.it\/index.php\/2022\/01\/28\/i-giorni-della-merla-2\/#breadcrumb","itemListElement":[{"@type":"ListItem","position":1,"name":"Home","item":"https:\/\/www.ipiccoliquotidiano.it\/"},{"@type":"ListItem","position":2,"name":"i giorni della merla"}]},{"@type":"WebSite","@id":"https:\/\/www.ipiccoliquotidiano.it\/#website","url":"https:\/\/www.ipiccoliquotidiano.it\/","name":"IPiccoliQuotidiano.it","description":"Il Quotidiano dei Piccoli","publisher":{"@id":"https:\/\/www.ipiccoliquotidiano.it\/#organization"},"potentialAction":[{"@type":"SearchAction","target":{"@type":"EntryPoint","urlTemplate":"https:\/\/www.ipiccoliquotidiano.it\/?s={search_term_string}"},"query-input":{"@type":"PropertyValueSpecification","valueRequired":true,"valueName":"search_term_string"}}],"inLanguage":"it-IT"},{"@type":"Organization","@id":"https:\/\/www.ipiccoliquotidiano.it\/#organization","name":"IPiccoliQuotidiano.it","url":"https:\/\/www.ipiccoliquotidiano.it\/","logo":{"@type":"ImageObject","inLanguage":"it-IT","@id":"https:\/\/www.ipiccoliquotidiano.it\/#\/schema\/logo\/image\/","url":"https:\/\/www.ipiccoliquotidiano.it\/wp-content\/uploads\/2024\/05\/ipiccoli-logo.jpg","contentUrl":"https:\/\/www.ipiccoliquotidiano.it\/wp-content\/uploads\/2024\/05\/ipiccoli-logo.jpg","width":300,"height":129,"caption":"IPiccoliQuotidiano.it"},"image":{"@id":"https:\/\/www.ipiccoliquotidiano.it\/#\/schema\/logo\/image\/"},"sameAs":["https:\/\/www.facebook.com\/ipiccoliquotidiano"]},{"@type":"Person","@id":"https:\/\/www.ipiccoliquotidiano.it\/#\/schema\/person\/e33b93e40079fc717202992994f9a60b","name":"Gina Chiacchiaro","description":"Anna Maria Chiacchiaro, per tutti Gina! Sono una donna di 65 anni che ha sempre mostrato interesse per la vita sotto ogni sua forma. Sono stata figlia di due splendidi genitori, sono moglie sposata ad un uomo da 43 anni e ancora felice di esserlo, sono madre di due figli quarantenni, e nonna di simpatici nipoti. Insegnante di scuola elementare per 38 anni, impegnata a Varese dal 1978 fino al 1993 e poi a Roccadaspide, il comune dove sono nata, dove mi sono trasferita con la mia famiglia. Sono giornalista pubblicista da 20 anni, ideatrice e direttrice editoriale de \u201cI Piccoli\u201d, un giornale destinato ai bambini in et\u00e0 scolare da 6 a 11 anni, che ha raggiunto la maggiore et\u00e0 passando per varie fasi e vivendo tutti i cambiamenti che l\u2019ultimo ventennio ci ha regalato!","url":"https:\/\/www.ipiccoliquotidiano.it\/index.php\/author\/gina-chiacchiaro\/"}]}},"_links":{"self":[{"href":"https:\/\/www.ipiccoliquotidiano.it\/index.php\/wp-json\/wp\/v2\/posts\/20226","targetHints":{"allow":["GET"]}}],"collection":[{"href":"https:\/\/www.ipiccoliquotidiano.it\/index.php\/wp-json\/wp\/v2\/posts"}],"about":[{"href":"https:\/\/www.ipiccoliquotidiano.it\/index.php\/wp-json\/wp\/v2\/types\/post"}],"author":[{"embeddable":true,"href":"https:\/\/www.ipiccoliquotidiano.it\/index.php\/wp-json\/wp\/v2\/users\/23"}],"replies":[{"embeddable":true,"href":"https:\/\/www.ipiccoliquotidiano.it\/index.php\/wp-json\/wp\/v2\/comments?post=20226"}],"version-history":[{"count":0,"href":"https:\/\/www.ipiccoliquotidiano.it\/index.php\/wp-json\/wp\/v2\/posts\/20226\/revisions"}],"wp:featuredmedia":[{"embeddable":true,"href":"https:\/\/www.ipiccoliquotidiano.it\/index.php\/wp-json\/wp\/v2\/media\/20227"}],"wp:attachment":[{"href":"https:\/\/www.ipiccoliquotidiano.it\/index.php\/wp-json\/wp\/v2\/media?parent=20226"}],"wp:term":[{"taxonomy":"category","embeddable":true,"href":"https:\/\/www.ipiccoliquotidiano.it\/index.php\/wp-json\/wp\/v2\/categories?post=20226"},{"taxonomy":"post_tag","embeddable":true,"href":"https:\/\/www.ipiccoliquotidiano.it\/index.php\/wp-json\/wp\/v2\/tags?post=20226"}],"curies":[{"name":"wp","href":"https:\/\/api.w.org\/{rel}","templated":true}]}}