{"id":18670,"date":"2021-02-17T00:00:00","date_gmt":"2021-02-17T00:00:00","guid":{"rendered":"https:\/\/www.ipiccoliquotidiano.it\/index.php\/2021\/02\/17\/parole-dal-mondo-testimonianze-3\/"},"modified":"2021-02-17T00:00:00","modified_gmt":"2021-02-17T00:00:00","slug":"parole-dal-mondo-testimonianze-3","status":"publish","type":"post","link":"https:\/\/www.ipiccoliquotidiano.it\/index.php\/2021\/02\/17\/parole-dal-mondo-testimonianze-3\/","title":{"rendered":"Parole dal mondo: testimonianze"},"content":{"rendered":"<p><strong>Papa Francesco sul valore di ogni essere umano<\/strong><\/p>\n<p>\u201cC\u2019\u00e8 un riconoscimento basilare, essenziale da compiere per camminare verso l\u2019amicizia sociale e la fraternit\u00e0 universale: rendersi conto di quanto vale un essere umano, quanto vale una persona, sempre e in qualunque circostanza. Le ferite di fratelli e sorelle sfruttati nella tratta di persone ci interpellano. Sono vittime di un sistema economico che massimizzando i profitti provoca la \u201cmercificazione della persona umana\u201d. Impegniamoci tutti per un\u2019economia giusta e solidale.\u201d<\/p>\n<p><strong>L\u2019educazione secondo Alessandro Gassman<\/strong><\/p>\n<p>Per me un bambino sotto i 14 anni, NON deve avere un telefonino&#8230; il mio non lo aveva, vedevamo film, parlavamo, facevamo la lotta, giocavamo, ci abbracciavamo&#8230;. ed \u00e8 andata bene. Fate i genitori!<\/p>\n<p><strong>Barack Obama e gli errori della politica<\/strong><\/p>\n<p>\u201cLa politica \u00e8 imperfetta come tutto quello che si fa, ma \u00e8 possibile farla bene. I leader politici sono umani, fanno errori. Bisogna imparare dagli errori. Ci si pu\u00f2 occupare di politica mantenendo integrit\u00e0 e valori.\u201d<\/p>\n<p><strong>Lucilla Crudele sul vaccino anti Covid<\/strong><\/p>\n<p>&#8220;Dopo il vaccino, ho le immunoglobuline Igg con un dosaggio fuori scala, oltre 40mila unit\u00e0 per ogni millilitro. Sono immune e questa \u00e8 la prova che il vaccino funziona per davvero. Ora spero che tutta la popolazione sia protetta prima che le altre varianti del virus possano circolare in modo significativo anche dalle nostre parti&#8221;<\/p>\n<p><strong>Umberto Galimberti, Il nichilismo e i giovani<\/strong><\/p>\n<p>\u201cBisogna educare i giovani a essere s\u00e9 stessi, assolutamente se stessi. Questa \u00e8 la forza d&#8217;animo. Ma per essere s\u00e9 stessi occorre accogliere a braccia aperte la propria ombra. Di forza d&#8217;animo hanno bisogno i giovani soprattutto oggi perch\u00e9 non sono pi\u00f9 sostenuti da una tradizione, perch\u00e9 si sono rotte le tavole dove erano incise le leggi della morale, perch\u00e9 si \u00e8 smarrito il senso dell&#8217;esistenza e incerta s&#8217;\u00e8 fatta la sua direzione.\u201d<\/p>\n<p><strong>Papa Francesco e la verit\u00e0<\/strong><\/p>\n<p>\u201cTutti siamo responsabili della comunicazione che facciamo, delle informazioni che diamo, del controllo che possiamo esercitare sulle notizie false, smascherandole. Tutti siamo chiamati a essere testimoni della verit\u00e0.\u201d\u00a0\u00a0<\/p>\n<p>\u00a0<\/p>\n","protected":false},"excerpt":{"rendered":"<p>&#8220;Si sono rotte le tavole dove erano incise le leggi della morale, perch\u00e9 si \u00e8 smarrito il senso dell&#8217;esistenza e incerta s&#8217;\u00e8 fatta la sua direzione.\u201d<\/p>\n","protected":false},"author":28,"featured_media":18671,"comment_status":"closed","ping_status":"closed","sticky":false,"template":"","format":"standard","meta":{"footnotes":""},"categories":[31],"tags":[],"class_list":["post-18670","post","type-post","status-publish","format-standard","has-post-thumbnail","category-italia"],"yoast_head":"<!-- This site is optimized with the Yoast SEO plugin v28.4 - https:\/\/yoast.com\/product\/yoast-seo-wordpress\/ -->\n<title>Parole dal mondo: testimonianze - IPiccoliQuotidiano.it<\/title>\n<meta name=\"robots\" content=\"index, follow, max-snippet:-1, max-image-preview:large, max-video-preview:-1\" \/>\n<link rel=\"canonical\" href=\"https:\/\/www.ipiccoliquotidiano.it\/index.php\/2021\/02\/17\/parole-dal-mondo-testimonianze-3\/\" \/>\n<meta property=\"og:locale\" content=\"it_IT\" \/>\n<meta property=\"og:type\" content=\"article\" \/>\n<meta property=\"og:title\" content=\"Parole dal mondo: testimonianze - IPiccoliQuotidiano.it\" \/>\n<meta property=\"og:description\" content=\"&quot;Si sono rotte le tavole dove erano incise le leggi della morale, perch\u00e9 si \u00e8 smarrito il senso dell&#039;esistenza e incerta s&#039;\u00e8 fatta la sua direzione.\u201d\" \/>\n<meta property=\"og:url\" content=\"https:\/\/www.ipiccoliquotidiano.it\/index.php\/2021\/02\/17\/parole-dal-mondo-testimonianze-3\/\" \/>\n<meta property=\"og:site_name\" content=\"IPiccoliQuotidiano.it\" \/>\n<meta property=\"article:publisher\" content=\"https:\/\/www.facebook.com\/ipiccoliquotidiano\" \/>\n<meta property=\"article:published_time\" content=\"2021-02-17T00:00:00+00:00\" \/>\n<meta property=\"og:image\" content=\"https:\/\/www.ipiccoliquotidiano.it\/wp-content\/uploads\/2024\/05\/37ab4a_Umberto_Galimberti_2_HomeIm_800x400.jpg\" \/>\n\t<meta property=\"og:image:width\" content=\"800\" \/>\n\t<meta property=\"og:image:height\" content=\"400\" \/>\n\t<meta property=\"og:image:type\" content=\"image\/jpeg\" \/>\n<meta name=\"author\" content=\"La Redazione\" \/>\n<meta name=\"twitter:card\" content=\"summary_large_image\" \/>\n<meta name=\"twitter:label1\" content=\"Scritto da\" \/>\n\t<meta name=\"twitter:data1\" content=\"La Redazione\" \/>\n\t<meta name=\"twitter:label2\" content=\"Tempo di lettura stimato\" \/>\n\t<meta name=\"twitter:data2\" content=\"2 minuti\" \/>\n<script type=\"application\/ld+json\" class=\"yoast-schema-graph\">{\"@context\":\"https:\\\/\\\/schema.org\",\"@graph\":[{\"@type\":\"Article\",\"@id\":\"https:\\\/\\\/www.ipiccoliquotidiano.it\\\/index.php\\\/2021\\\/02\\\/17\\\/parole-dal-mondo-testimonianze-3\\\/#article\",\"isPartOf\":{\"@id\":\"https:\\\/\\\/www.ipiccoliquotidiano.it\\\/index.php\\\/2021\\\/02\\\/17\\\/parole-dal-mondo-testimonianze-3\\\/\"},\"author\":{\"name\":\"La Redazione\",\"@id\":\"https:\\\/\\\/www.ipiccoliquotidiano.it\\\/#\\\/schema\\\/person\\\/173e9c5d7e4380741603f4a4b6d8bb1a\"},\"headline\":\"Parole dal mondo: testimonianze\",\"datePublished\":\"2021-02-17T00:00:00+00:00\",\"mainEntityOfPage\":{\"@id\":\"https:\\\/\\\/www.ipiccoliquotidiano.it\\\/index.php\\\/2021\\\/02\\\/17\\\/parole-dal-mondo-testimonianze-3\\\/\"},\"wordCount\":335,\"publisher\":{\"@id\":\"https:\\\/\\\/www.ipiccoliquotidiano.it\\\/#organization\"},\"image\":{\"@id\":\"https:\\\/\\\/www.ipiccoliquotidiano.it\\\/index.php\\\/2021\\\/02\\\/17\\\/parole-dal-mondo-testimonianze-3\\\/#primaryimage\"},\"thumbnailUrl\":\"https:\\\/\\\/www.ipiccoliquotidiano.it\\\/wp-content\\\/uploads\\\/2024\\\/05\\\/37ab4a_Umberto_Galimberti_2_HomeIm_800x400.jpg\",\"articleSection\":[\"Italia\"],\"inLanguage\":\"it-IT\"},{\"@type\":\"WebPage\",\"@id\":\"https:\\\/\\\/www.ipiccoliquotidiano.it\\\/index.php\\\/2021\\\/02\\\/17\\\/parole-dal-mondo-testimonianze-3\\\/\",\"url\":\"https:\\\/\\\/www.ipiccoliquotidiano.it\\\/index.php\\\/2021\\\/02\\\/17\\\/parole-dal-mondo-testimonianze-3\\\/\",\"name\":\"Parole dal mondo: testimonianze - IPiccoliQuotidiano.it\",\"isPartOf\":{\"@id\":\"https:\\\/\\\/www.ipiccoliquotidiano.it\\\/#website\"},\"primaryImageOfPage\":{\"@id\":\"https:\\\/\\\/www.ipiccoliquotidiano.it\\\/index.php\\\/2021\\\/02\\\/17\\\/parole-dal-mondo-testimonianze-3\\\/#primaryimage\"},\"image\":{\"@id\":\"https:\\\/\\\/www.ipiccoliquotidiano.it\\\/index.php\\\/2021\\\/02\\\/17\\\/parole-dal-mondo-testimonianze-3\\\/#primaryimage\"},\"thumbnailUrl\":\"https:\\\/\\\/www.ipiccoliquotidiano.it\\\/wp-content\\\/uploads\\\/2024\\\/05\\\/37ab4a_Umberto_Galimberti_2_HomeIm_800x400.jpg\",\"datePublished\":\"2021-02-17T00:00:00+00:00\",\"breadcrumb\":{\"@id\":\"https:\\\/\\\/www.ipiccoliquotidiano.it\\\/index.php\\\/2021\\\/02\\\/17\\\/parole-dal-mondo-testimonianze-3\\\/#breadcrumb\"},\"inLanguage\":\"it-IT\",\"potentialAction\":[{\"@type\":\"ReadAction\",\"target\":[\"https:\\\/\\\/www.ipiccoliquotidiano.it\\\/index.php\\\/2021\\\/02\\\/17\\\/parole-dal-mondo-testimonianze-3\\\/\"]}]},{\"@type\":\"ImageObject\",\"inLanguage\":\"it-IT\",\"@id\":\"https:\\\/\\\/www.ipiccoliquotidiano.it\\\/index.php\\\/2021\\\/02\\\/17\\\/parole-dal-mondo-testimonianze-3\\\/#primaryimage\",\"url\":\"https:\\\/\\\/www.ipiccoliquotidiano.it\\\/wp-content\\\/uploads\\\/2024\\\/05\\\/37ab4a_Umberto_Galimberti_2_HomeIm_800x400.jpg\",\"contentUrl\":\"https:\\\/\\\/www.ipiccoliquotidiano.it\\\/wp-content\\\/uploads\\\/2024\\\/05\\\/37ab4a_Umberto_Galimberti_2_HomeIm_800x400.jpg\",\"width\":800,\"height\":400},{\"@type\":\"BreadcrumbList\",\"@id\":\"https:\\\/\\\/www.ipiccoliquotidiano.it\\\/index.php\\\/2021\\\/02\\\/17\\\/parole-dal-mondo-testimonianze-3\\\/#breadcrumb\",\"itemListElement\":[{\"@type\":\"ListItem\",\"position\":1,\"name\":\"Home\",\"item\":\"https:\\\/\\\/www.ipiccoliquotidiano.it\\\/\"},{\"@type\":\"ListItem\",\"position\":2,\"name\":\"Parole dal mondo: testimonianze\"}]},{\"@type\":\"WebSite\",\"@id\":\"https:\\\/\\\/www.ipiccoliquotidiano.it\\\/#website\",\"url\":\"https:\\\/\\\/www.ipiccoliquotidiano.it\\\/\",\"name\":\"IPiccoliQuotidiano.it\",\"description\":\"Il Quotidiano dei Piccoli\",\"publisher\":{\"@id\":\"https:\\\/\\\/www.ipiccoliquotidiano.it\\\/#organization\"},\"potentialAction\":[{\"@type\":\"SearchAction\",\"target\":{\"@type\":\"EntryPoint\",\"urlTemplate\":\"https:\\\/\\\/www.ipiccoliquotidiano.it\\\/?s={search_term_string}\"},\"query-input\":{\"@type\":\"PropertyValueSpecification\",\"valueRequired\":true,\"valueName\":\"search_term_string\"}}],\"inLanguage\":\"it-IT\"},{\"@type\":\"Organization\",\"@id\":\"https:\\\/\\\/www.ipiccoliquotidiano.it\\\/#organization\",\"name\":\"IPiccoliQuotidiano.it\",\"url\":\"https:\\\/\\\/www.ipiccoliquotidiano.it\\\/\",\"logo\":{\"@type\":\"ImageObject\",\"inLanguage\":\"it-IT\",\"@id\":\"https:\\\/\\\/www.ipiccoliquotidiano.it\\\/#\\\/schema\\\/logo\\\/image\\\/\",\"url\":\"https:\\\/\\\/www.ipiccoliquotidiano.it\\\/wp-content\\\/uploads\\\/2024\\\/05\\\/ipiccoli-logo.jpg\",\"contentUrl\":\"https:\\\/\\\/www.ipiccoliquotidiano.it\\\/wp-content\\\/uploads\\\/2024\\\/05\\\/ipiccoli-logo.jpg\",\"width\":300,\"height\":129,\"caption\":\"IPiccoliQuotidiano.it\"},\"image\":{\"@id\":\"https:\\\/\\\/www.ipiccoliquotidiano.it\\\/#\\\/schema\\\/logo\\\/image\\\/\"},\"sameAs\":[\"https:\\\/\\\/www.facebook.com\\\/ipiccoliquotidiano\"]},{\"@type\":\"Person\",\"@id\":\"https:\\\/\\\/www.ipiccoliquotidiano.it\\\/#\\\/schema\\\/person\\\/173e9c5d7e4380741603f4a4b6d8bb1a\",\"name\":\"La Redazione\",\"description\":\"La redazione de \\\"I Piccoli Quotidiano\\\" \u00e8 una testata giornalistica pensata per i bambini e rivolta a tutti coloro che vogliono conoscere tutto ci\u00f2 che accade nel mondo tra curiosit\u00e0 e approfondimenti.\",\"url\":\"https:\\\/\\\/www.ipiccoliquotidiano.it\\\/index.php\\\/author\\\/la-redazione\\\/\"}]}<\/script>\n<!-- \/ Yoast SEO plugin. -->","yoast_head_json":{"title":"Parole dal mondo: testimonianze - IPiccoliQuotidiano.it","robots":{"index":"index","follow":"follow","max-snippet":"max-snippet:-1","max-image-preview":"max-image-preview:large","max-video-preview":"max-video-preview:-1"},"canonical":"https:\/\/www.ipiccoliquotidiano.it\/index.php\/2021\/02\/17\/parole-dal-mondo-testimonianze-3\/","og_locale":"it_IT","og_type":"article","og_title":"Parole dal mondo: testimonianze - IPiccoliQuotidiano.it","og_description":"\"Si sono rotte le tavole dove erano incise le leggi della morale, perch\u00e9 si \u00e8 smarrito il senso dell'esistenza e incerta s'\u00e8 fatta la sua direzione.\u201d","og_url":"https:\/\/www.ipiccoliquotidiano.it\/index.php\/2021\/02\/17\/parole-dal-mondo-testimonianze-3\/","og_site_name":"IPiccoliQuotidiano.it","article_publisher":"https:\/\/www.facebook.com\/ipiccoliquotidiano","article_published_time":"2021-02-17T00:00:00+00:00","og_image":[{"width":800,"height":400,"url":"https:\/\/www.ipiccoliquotidiano.it\/wp-content\/uploads\/2024\/05\/37ab4a_Umberto_Galimberti_2_HomeIm_800x400.jpg","type":"image\/jpeg"}],"author":"La Redazione","twitter_card":"summary_large_image","twitter_misc":{"Scritto da":"La Redazione","Tempo di lettura stimato":"2 minuti"},"schema":{"@context":"https:\/\/schema.org","@graph":[{"@type":"Article","@id":"https:\/\/www.ipiccoliquotidiano.it\/index.php\/2021\/02\/17\/parole-dal-mondo-testimonianze-3\/#article","isPartOf":{"@id":"https:\/\/www.ipiccoliquotidiano.it\/index.php\/2021\/02\/17\/parole-dal-mondo-testimonianze-3\/"},"author":{"name":"La Redazione","@id":"https:\/\/www.ipiccoliquotidiano.it\/#\/schema\/person\/173e9c5d7e4380741603f4a4b6d8bb1a"},"headline":"Parole dal mondo: testimonianze","datePublished":"2021-02-17T00:00:00+00:00","mainEntityOfPage":{"@id":"https:\/\/www.ipiccoliquotidiano.it\/index.php\/2021\/02\/17\/parole-dal-mondo-testimonianze-3\/"},"wordCount":335,"publisher":{"@id":"https:\/\/www.ipiccoliquotidiano.it\/#organization"},"image":{"@id":"https:\/\/www.ipiccoliquotidiano.it\/index.php\/2021\/02\/17\/parole-dal-mondo-testimonianze-3\/#primaryimage"},"thumbnailUrl":"https:\/\/www.ipiccoliquotidiano.it\/wp-content\/uploads\/2024\/05\/37ab4a_Umberto_Galimberti_2_HomeIm_800x400.jpg","articleSection":["Italia"],"inLanguage":"it-IT"},{"@type":"WebPage","@id":"https:\/\/www.ipiccoliquotidiano.it\/index.php\/2021\/02\/17\/parole-dal-mondo-testimonianze-3\/","url":"https:\/\/www.ipiccoliquotidiano.it\/index.php\/2021\/02\/17\/parole-dal-mondo-testimonianze-3\/","name":"Parole dal mondo: testimonianze - IPiccoliQuotidiano.it","isPartOf":{"@id":"https:\/\/www.ipiccoliquotidiano.it\/#website"},"primaryImageOfPage":{"@id":"https:\/\/www.ipiccoliquotidiano.it\/index.php\/2021\/02\/17\/parole-dal-mondo-testimonianze-3\/#primaryimage"},"image":{"@id":"https:\/\/www.ipiccoliquotidiano.it\/index.php\/2021\/02\/17\/parole-dal-mondo-testimonianze-3\/#primaryimage"},"thumbnailUrl":"https:\/\/www.ipiccoliquotidiano.it\/wp-content\/uploads\/2024\/05\/37ab4a_Umberto_Galimberti_2_HomeIm_800x400.jpg","datePublished":"2021-02-17T00:00:00+00:00","breadcrumb":{"@id":"https:\/\/www.ipiccoliquotidiano.it\/index.php\/2021\/02\/17\/parole-dal-mondo-testimonianze-3\/#breadcrumb"},"inLanguage":"it-IT","potentialAction":[{"@type":"ReadAction","target":["https:\/\/www.ipiccoliquotidiano.it\/index.php\/2021\/02\/17\/parole-dal-mondo-testimonianze-3\/"]}]},{"@type":"ImageObject","inLanguage":"it-IT","@id":"https:\/\/www.ipiccoliquotidiano.it\/index.php\/2021\/02\/17\/parole-dal-mondo-testimonianze-3\/#primaryimage","url":"https:\/\/www.ipiccoliquotidiano.it\/wp-content\/uploads\/2024\/05\/37ab4a_Umberto_Galimberti_2_HomeIm_800x400.jpg","contentUrl":"https:\/\/www.ipiccoliquotidiano.it\/wp-content\/uploads\/2024\/05\/37ab4a_Umberto_Galimberti_2_HomeIm_800x400.jpg","width":800,"height":400},{"@type":"BreadcrumbList","@id":"https:\/\/www.ipiccoliquotidiano.it\/index.php\/2021\/02\/17\/parole-dal-mondo-testimonianze-3\/#breadcrumb","itemListElement":[{"@type":"ListItem","position":1,"name":"Home","item":"https:\/\/www.ipiccoliquotidiano.it\/"},{"@type":"ListItem","position":2,"name":"Parole dal mondo: testimonianze"}]},{"@type":"WebSite","@id":"https:\/\/www.ipiccoliquotidiano.it\/#website","url":"https:\/\/www.ipiccoliquotidiano.it\/","name":"IPiccoliQuotidiano.it","description":"Il Quotidiano dei Piccoli","publisher":{"@id":"https:\/\/www.ipiccoliquotidiano.it\/#organization"},"potentialAction":[{"@type":"SearchAction","target":{"@type":"EntryPoint","urlTemplate":"https:\/\/www.ipiccoliquotidiano.it\/?s={search_term_string}"},"query-input":{"@type":"PropertyValueSpecification","valueRequired":true,"valueName":"search_term_string"}}],"inLanguage":"it-IT"},{"@type":"Organization","@id":"https:\/\/www.ipiccoliquotidiano.it\/#organization","name":"IPiccoliQuotidiano.it","url":"https:\/\/www.ipiccoliquotidiano.it\/","logo":{"@type":"ImageObject","inLanguage":"it-IT","@id":"https:\/\/www.ipiccoliquotidiano.it\/#\/schema\/logo\/image\/","url":"https:\/\/www.ipiccoliquotidiano.it\/wp-content\/uploads\/2024\/05\/ipiccoli-logo.jpg","contentUrl":"https:\/\/www.ipiccoliquotidiano.it\/wp-content\/uploads\/2024\/05\/ipiccoli-logo.jpg","width":300,"height":129,"caption":"IPiccoliQuotidiano.it"},"image":{"@id":"https:\/\/www.ipiccoliquotidiano.it\/#\/schema\/logo\/image\/"},"sameAs":["https:\/\/www.facebook.com\/ipiccoliquotidiano"]},{"@type":"Person","@id":"https:\/\/www.ipiccoliquotidiano.it\/#\/schema\/person\/173e9c5d7e4380741603f4a4b6d8bb1a","name":"La Redazione","description":"La redazione de \"I Piccoli Quotidiano\" \u00e8 una testata giornalistica pensata per i bambini e rivolta a tutti coloro che vogliono conoscere tutto ci\u00f2 che accade nel mondo tra curiosit\u00e0 e approfondimenti.","url":"https:\/\/www.ipiccoliquotidiano.it\/index.php\/author\/la-redazione\/"}]}},"_links":{"self":[{"href":"https:\/\/www.ipiccoliquotidiano.it\/index.php\/wp-json\/wp\/v2\/posts\/18670","targetHints":{"allow":["GET"]}}],"collection":[{"href":"https:\/\/www.ipiccoliquotidiano.it\/index.php\/wp-json\/wp\/v2\/posts"}],"about":[{"href":"https:\/\/www.ipiccoliquotidiano.it\/index.php\/wp-json\/wp\/v2\/types\/post"}],"author":[{"embeddable":true,"href":"https:\/\/www.ipiccoliquotidiano.it\/index.php\/wp-json\/wp\/v2\/users\/28"}],"replies":[{"embeddable":true,"href":"https:\/\/www.ipiccoliquotidiano.it\/index.php\/wp-json\/wp\/v2\/comments?post=18670"}],"version-history":[{"count":0,"href":"https:\/\/www.ipiccoliquotidiano.it\/index.php\/wp-json\/wp\/v2\/posts\/18670\/revisions"}],"wp:featuredmedia":[{"embeddable":true,"href":"https:\/\/www.ipiccoliquotidiano.it\/index.php\/wp-json\/wp\/v2\/media\/18671"}],"wp:attachment":[{"href":"https:\/\/www.ipiccoliquotidiano.it\/index.php\/wp-json\/wp\/v2\/media?parent=18670"}],"wp:term":[{"taxonomy":"category","embeddable":true,"href":"https:\/\/www.ipiccoliquotidiano.it\/index.php\/wp-json\/wp\/v2\/categories?post=18670"},{"taxonomy":"post_tag","embeddable":true,"href":"https:\/\/www.ipiccoliquotidiano.it\/index.php\/wp-json\/wp\/v2\/tags?post=18670"}],"curies":[{"name":"wp","href":"https:\/\/api.w.org\/{rel}","templated":true}]}}